{"id":5118,"date":"2025-08-10T01:03:08","date_gmt":"2025-08-10T01:03:08","guid":{"rendered":"https:\/\/www.rengoenlanoticia.cl\/prensa\/?p=5118"},"modified":"2025-08-10T01:03:12","modified_gmt":"2025-08-10T01:03:12","slug":"direccion-del-trabajo-autoriza-reanudacion-de-operaciones-en-sectores-no-afectados-de-el-teniente","status":"publish","type":"post","link":"https:\/\/www.rengoenlanoticia.cl\/prensa\/2025\/08\/10\/direccion-del-trabajo-autoriza-reanudacion-de-operaciones-en-sectores-no-afectados-de-el-teniente\/","title":{"rendered":"Direcci\u00f3n del Trabajo autoriza reanudaci\u00f3n de operaciones en sectores no afectados de El Teniente"},"content":{"rendered":"\n<p><strong><em>La divisi\u00f3n informar\u00e1 el plan de reactivaci\u00f3n de las faenas y las medidas implementadas para ello. La suspensi\u00f3n de contratos informada ayer, comenzar\u00e1 a ser levantada a partir de ahora.<\/em><\/strong><\/p>\n\n\n\n<p>La Direcci\u00f3n del Trabajo autoriz\u00f3 la reanudaci\u00f3n de labores en la mina subterr\u00e1nea de la Divisi\u00f3n El Teniente de Codelco, limitada a los sectores que no resultaron afectados por el accidente ocurrido el 31 de julio pasado.<\/p>\n\n\n\n<p>Tras una fiscalizaci\u00f3n en terreno realizada por inspectores e inspectoras del organismo, se verificaron las condiciones de seguridad en las \u00e1reas Pilar Norte, Panel Esmeralda, Esmeralda, Pac\u00edfico Superior, Diablo Regimiento, Panel Reno, Dacita y Reservas Norte. El proceso incluy\u00f3 la revisi\u00f3n del informe t\u00e9cnico de Sernageomin que previamente hab\u00eda aprobado el levantamiento de la paralizaci\u00f3n en las \u00e1reas se\u00f1aladas, as\u00ed como la documentaci\u00f3n exigida en materia de seguridad y salud laboral.<\/p>\n\n\n\n<p>Entre los antecedentes revisados se encuentran: el programa de reintegro para trabajadores, la matriz de identificaci\u00f3n de peligros y evaluaci\u00f3n de riesgos (MIPER), el programa preventivo actualizado, planes de respuesta a emergencias, programas de capacitaci\u00f3n y charlas de seguridad, el sistema de gesti\u00f3n de seguridad y salud en el trabajo, y las observaciones emanadas del Comit\u00e9 Paritario y del Departamento de Seguridad de la empresa.<\/p>\n\n\n\n<p>Con base en esta revisi\u00f3n y las inspecciones realizadas, la Direcci\u00f3n del Trabajo inform\u00f3 la factibilidad de retomar las operaciones en los sectores indicados, manteni\u00e9ndose la paralizaci\u00f3n en las \u00e1reas Recursos Norte, Andesita, Andes Norte y Diamante.<\/p>\n\n\n\n<p>La autoridad laboral precis\u00f3 que la suspensi\u00f3n total decretada el 1 de agosto sigue vigente para estos \u00faltimos sectores y que el levantamiento completo depender\u00e1 de las nuevas resoluciones y actas de fiscalizaci\u00f3n de Sernageomin, adem\u00e1s de las inspecciones correspondientes de la Direcci\u00f3n del Trabajo.<\/p>\n\n\n\n<p>De esta forma, el reinicio autorizado se limita estrictamente a los sectores no afectados, bajo la condici\u00f3n de cumplir con las medidas de seguridad y prevenci\u00f3n establecidas.<\/p>\n\n\n\n<p>Divisi\u00f3n El Teniente informar\u00e1 tan pronto sea posible su plan de reinicio de actividades, las condiciones y medidas implementadas para ello. En lo inmediato, la reactivaci\u00f3n de las faenas permite desde ahora levantar la suspensi\u00f3n de los contratos de las empresas colaboradoras de las \u00e1reas mina informada ayer.<\/p>\n","protected":false},"excerpt":{"rendered":"La divisi\u00f3n informar\u00e1 el plan de reactivaci\u00f3n de las faenas y las medidas implementadas para ello. La suspensi\u00f3n&hellip;\n","protected":false},"author":1,"featured_media":5119,"comment_status":"open","ping_status":"open","sticky":false,"template":"","format":"standard","meta":{"_monsterinsights_skip_tracking":false,"_monsterinsights_sitenote_active":false,"_monsterinsights_sitenote_note":"","_monsterinsights_sitenote_category":0,"footnotes":""},"categories":[8],"tags":[],"class_list":{"0":"post-5118","1":"post","2":"type-post","3":"status-publish","4":"format-standard","5":"has-post-thumbnail","7":"category-portada"},"aioseo_notices":[],"_links":{"self":[{"href":"https:\/\/www.rengoenlanoticia.cl\/prensa\/wp-json\/wp\/v2\/posts\/5118","targetHints":{"allow":["GET"]}}],"collection":[{"href":"https:\/\/www.rengoenlanoticia.cl\/prensa\/wp-json\/wp\/v2\/posts"}],"about":[{"href":"https:\/\/www.rengoenlanoticia.cl\/prensa\/wp-json\/wp\/v2\/types\/post"}],"author":[{"embeddable":true,"href":"https:\/\/www.rengoenlanoticia.cl\/prensa\/wp-json\/wp\/v2\/users\/1"}],"replies":[{"embeddable":true,"href":"https:\/\/www.rengoenlanoticia.cl\/prensa\/wp-json\/wp\/v2\/comments?post=5118"}],"version-history":[{"count":3,"href":"https:\/\/www.rengoenlanoticia.cl\/prensa\/wp-json\/wp\/v2\/posts\/5118\/revisions"}],"predecessor-version":[{"id":5122,"href":"https:\/\/www.rengoenlanoticia.cl\/prensa\/wp-json\/wp\/v2\/posts\/5118\/revisions\/5122"}],"wp:featuredmedia":[{"embeddable":true,"href":"https:\/\/www.rengoenlanoticia.cl\/prensa\/wp-json\/wp\/v2\/media\/5119"}],"wp:attachment":[{"href":"https:\/\/www.rengoenlanoticia.cl\/prensa\/wp-json\/wp\/v2\/media?parent=5118"}],"wp:term":[{"taxonomy":"category","embeddable":true,"href":"https:\/\/www.rengoenlanoticia.cl\/prensa\/wp-json\/wp\/v2\/categories?post=5118"},{"taxonomy":"post_tag","embeddable":true,"href":"https:\/\/www.rengoenlanoticia.cl\/prensa\/wp-json\/wp\/v2\/tags?post=5118"}],"curies":[{"name":"wp","href":"https:\/\/api.w.org\/{rel}","templated":true}]}}