{"id":5109,"date":"2025-08-09T23:15:22","date_gmt":"2025-08-09T23:15:22","guid":{"rendered":"https:\/\/www.rengoenlanoticia.cl\/prensa\/?p=5109"},"modified":"2025-08-09T23:16:50","modified_gmt":"2025-08-09T23:16:50","slug":"se-prorroga-la-tasa-reducida-del-125-del-idpc-para-pymes-hasta-2027","status":"publish","type":"post","link":"https:\/\/www.rengoenlanoticia.cl\/prensa\/2025\/08\/09\/se-prorroga-la-tasa-reducida-del-125-del-idpc-para-pymes-hasta-2027\/","title":{"rendered":"Se prorroga la tasa reducida del 12,5% del IDPC para PYMEs hasta 2027."},"content":{"rendered":"\n<p>El pasado 11 de julio fue publicada en el Diario Oficial la Ley N\u00b0 21.755, que extiende la aplicaci\u00f3n de la tasa reducida del 12,5% en el Impuesto de Primera Categor\u00eda (IDPC) hasta el a\u00f1o comercial 2027, exclusivamente para contribuyentes acogidos al R\u00e9gimen Pro Pyme General (art. 14 D N\u00b0 3 de la LIR).<\/p>\n\n\n\n<p>Esta medida, de car\u00e1cter transitorio, busca consolidar el crecimiento de las PYMEs, mejorar su liquidez, fomentar la reinversi\u00f3n de utilidades y generar un puente hacia una mayor formalidad laboral y previsional.<\/p>\n\n\n\n<p><strong>Principales beneficios establecidos en la Ley N\u00b0 21.755.<\/strong><\/p>\n\n\n\n<p><strong>1. Extensi\u00f3n del 12,5% en el IDPC (2025\u20132027).<\/strong><\/p>\n\n\n\n<p>Durante estos tres ejercicios, las PYMEs acogidas al r\u00e9gimen tributar\u00e1n con una tasa preferencial del 12,5%, en vez del 25% general. Para el ejercicio 2028, la tasa aumentar\u00e1 al 15%, pero solo si se cumplen ciertos requisitos de cotizaci\u00f3n previsional patronal.<\/p>\n\n\n\n<p>Importante: aunque la tasa del 15% parece un alza, sigue siendo 10 puntos porcentuales menor que la del r\u00e9gimen en plenitud, por lo que sigue siendo ventajosa en t\u00e9rminos comparativos, especialmente si se planifica correctamente.<\/p>\n\n\n\n<p>\u00bfQu\u00e9 es la Ley N\u00b0 21.735 y qu\u00e9 tiene que ver con esto?<\/p>\n\n\n\n<p>La Ley N\u00b0 21.735, publicada en abril de 2024, estableci\u00f3 el marco del nuevo sistema mixto de pensiones en Chile. Esta ley impone nuevas obligaciones para los empleadores, especialmente en materia de cotizaci\u00f3n patronal adicional, que debe ser asumida progresivamente entre 2025 y 2028.<\/p>\n\n\n\n<p>Porcentajes m\u00ednimos exigidos por la Ley 21.735 para mantener la tasa del IDPC:<\/p>\n\n\n\n<p>&nbsp; &nbsp; &nbsp;&#8211; 1% en 2025<\/p>\n\n\n\n<p>&nbsp; &nbsp; &nbsp;&#8211; 3,5% en 2026<\/p>\n\n\n\n<p>&nbsp; &nbsp; &nbsp;&#8211; 4,25% en 2027<\/p>\n\n\n\n<p>&nbsp; &nbsp; &nbsp;&#8211; 5% en 2028<\/p>\n\n\n\n<p>Sugerencia experta: El cumplimiento no solo es obligatorio para efectos previsionales, sino condicional para mantener la tasa reducida del impuesto, por lo que debe ser gestionado con antelaci\u00f3n y monitoreado permanentemente.<\/p>\n\n\n\n<p><strong>2. Rebaja del 50% en Pagos Provisionales Mensuales (PPM).<\/strong><\/p>\n\n\n\n<p>Durante los ejercicios 2025\u20132027, los contribuyentes Pro Pyme podr\u00e1n reducir a la mitad la tasa de sus PPM, lo que mejora la liquidez mensual disponible sin poner en riesgo su cumplimiento tributario.<\/p>\n\n\n\n<p><strong>3. Mantenci\u00f3n del incentivo al ahorro.<\/strong><\/p>\n\n\n\n<p>Se mantiene la opci\u00f3n de deducir hasta el 50% de la renta l\u00edquida imponible, con tope de 5.000 UF, siempre que las utilidades no sean retiradas ni distribuidas antes del cierre del ejercicio. Esta deducci\u00f3n se aplica anualmente en el Formulario 22 (c\u00f3digo 1432).<\/p>\n\n\n\n<p><strong>An\u00e1lisis t\u00e9cnico y financiero: \u00bfpor qu\u00e9 es una oportunidad estrat\u00e9gica?<\/strong><\/p>\n\n\n\n<p>Efecto combinado favorable:<\/p>\n\n\n\n<p>Aplicar la tasa del 12,5\u202f% sobre una base imponible ya reducida por el incentivo al ahorro genera un efecto multiplicador de reducci\u00f3n tributaria, permitiendo a las empresas liberar recursos sin renunciar a la formalidad.<\/p>\n\n\n\n<p>Ejemplo ilustrativo:<\/p>\n\n\n\n<figure class=\"wp-block-table\"><table class=\"has-fixed-layout\"><tbody><tr><td><strong>Concepto<\/strong><\/td><td><strong>Valor (UF)<\/strong><\/td><\/tr><tr><td>Renta l\u00edquida imponible<\/td><td>3.000<\/td><\/tr><tr><td>Deducci\u00f3n por incentivo al ahorro<\/td><td>\u20131.500<\/td><\/tr><tr><td>Base imponible efectiva<\/td><td>1.500<\/td><\/tr><tr><td>Impuesto (12,5%)<\/td><td>187,5<\/td><\/tr><tr><td><strong>Ahorro total<\/strong><\/td><td>187,5<\/td><\/tr><\/tbody><\/table><\/figure>\n\n\n\n<p><strong>\u00bfY qu\u00e9 pasa con los socios?<\/strong><\/p>\n\n\n\n<p>Un punto que muchas veces se omite es el impacto personal en los due\u00f1os y socios de la empresa. Si bien el r\u00e9gimen Pro Pyme General permite generar 100% de cr\u00e9dito por impuesto pagado, cualquier retiro, distribuci\u00f3n o dividendos efectuados deber\u00e1n ser reconocidos como renta afecta al Impuesto Global Complementario por los socios.<\/p>\n\n\n\n<p>Sugerencia: Para optimizar el resultado global, se debe analizar la situaci\u00f3n personal de cada socio, proyectar sus tramos de IGC y evitar saltos tributarios no planificados. Una empresa puede estar bien planificada, pero un mal retiro puede significar una carga adicional relevante en la declaraci\u00f3n personal.<\/p>\n\n\n\n<p><strong>\u00bfQu\u00e9 deber\u00edas hacer ahora?<\/strong><\/p>\n\n\n\n<p>&nbsp; &nbsp; &nbsp;&#8211; Verifica si tu empresa est\u00e1 correctamente acogida al r\u00e9gimen Pro Pyme General.<\/p>\n\n\n\n<p>&nbsp; &nbsp; &nbsp;&#8211; Revisa los niveles de cotizaci\u00f3n previsional patronal.<\/p>\n\n\n\n<p>&nbsp; &nbsp; &nbsp;&#8211; Eval\u00faa el monto reinvertido y su efecto sobre la base imponible.<\/p>\n\n\n\n<p>&nbsp; &nbsp; &nbsp;&#8211; Proyecta el impacto en socios y sus declaraciones personales.<\/p>\n\n\n\n<p>&nbsp; &nbsp; &nbsp;&#8211; Planifica flujos y proyecciones con el nuevo escenario de tasas.<\/p>\n\n\n\n<p>&nbsp; &nbsp; &nbsp;&#8211; Ajusta tus PPM con base en resultados proyectados y no hist\u00f3ricos.<\/p>\n\n\n\n<p>En V&amp;G Asesores, no solo evitamos errores: optimizamos tus decisiones. Entendemos que las leyes tributarias no deben verse como una amenaza, sino como una herramienta para fortalecer tu empresa, proyectar tu crecimiento y cuidar tu patrimonio personal y familiar.<\/p>\n\n\n\n<p>Somos especialistas en:<\/p>\n\n\n\n<p>&nbsp; &nbsp; &nbsp;&#8211; Planificaci\u00f3n tributaria para PYMEs.<\/p>\n\n\n\n<p>&nbsp; &nbsp; &nbsp;&#8211; An\u00e1lisis integrado empresa-socio.<\/p>\n\n\n\n<p>&nbsp; &nbsp; &nbsp;&#8211; Evaluaci\u00f3n del incentivo al ahorro.<\/p>\n\n\n\n<p>&nbsp; &nbsp; &nbsp;&#8211; Proyecciones y ajustes de PPM.<\/p>\n\n\n\n<p>&nbsp; &nbsp; &nbsp;&#8211; Cumplimiento previsional y laboral.<\/p>\n\n\n\n<p>&nbsp; &nbsp; &nbsp;&#8211; Declaraci\u00f3n de renta estrat\u00e9gica.<\/p>\n\n\n\n<p><strong><em>Cont\u00e1ctanos hoy y transforma esta ley en una verdadera oportunidad.<\/em><\/strong><\/p>\n\n\n\n<p>&#x1f4f2;&nbsp;WhatsApp: +56 9 5094 8607<\/p>\n\n\n\n<p>&#x1f310;&nbsp;<a href=\"http:\/\/www.vygasesores.cl\/\">www.vygasesores.cl<\/a><\/p>\n\n\n\n<p>&#x1f4e7;&nbsp;<a href=\"mailto:contacto@vygasesores.cl\">contacto@vygasesores.cl<\/a><\/p>\n\n\n\n<p>\u201cAprovechar la Ley 21.755 no es solo declarar bien, es proyectar con inteligencia. En V&amp;G Asesores, te acompa\u00f1amos a convertir este contexto en resultados reales.\u201d<\/p>\n\n\n\n<p>\u2014 Jonathan Guzm\u00e1n Mu\u00f1oz, Contador Auditor \u2013 MBA \u2013 Perito Judicial.<\/p>\n","protected":false},"excerpt":{"rendered":"El pasado 11 de julio fue publicada en el Diario Oficial la Ley N\u00b0 21.755, que extiende la&hellip;\n","protected":false},"author":1,"featured_media":5114,"comment_status":"open","ping_status":"open","sticky":false,"template":"","format":"standard","meta":{"_monsterinsights_skip_tracking":false,"_monsterinsights_sitenote_active":false,"_monsterinsights_sitenote_note":"","_monsterinsights_sitenote_category":0,"footnotes":""},"categories":[8],"tags":[],"class_list":{"0":"post-5109","1":"post","2":"type-post","3":"status-publish","4":"format-standard","5":"has-post-thumbnail","7":"category-portada"},"aioseo_notices":[],"_links":{"self":[{"href":"https:\/\/www.rengoenlanoticia.cl\/prensa\/wp-json\/wp\/v2\/posts\/5109","targetHints":{"allow":["GET"]}}],"collection":[{"href":"https:\/\/www.rengoenlanoticia.cl\/prensa\/wp-json\/wp\/v2\/posts"}],"about":[{"href":"https:\/\/www.rengoenlanoticia.cl\/prensa\/wp-json\/wp\/v2\/types\/post"}],"author":[{"embeddable":true,"href":"https:\/\/www.rengoenlanoticia.cl\/prensa\/wp-json\/wp\/v2\/users\/1"}],"replies":[{"embeddable":true,"href":"https:\/\/www.rengoenlanoticia.cl\/prensa\/wp-json\/wp\/v2\/comments?post=5109"}],"version-history":[{"count":3,"href":"https:\/\/www.rengoenlanoticia.cl\/prensa\/wp-json\/wp\/v2\/posts\/5109\/revisions"}],"predecessor-version":[{"id":5117,"href":"https:\/\/www.rengoenlanoticia.cl\/prensa\/wp-json\/wp\/v2\/posts\/5109\/revisions\/5117"}],"wp:featuredmedia":[{"embeddable":true,"href":"https:\/\/www.rengoenlanoticia.cl\/prensa\/wp-json\/wp\/v2\/media\/5114"}],"wp:attachment":[{"href":"https:\/\/www.rengoenlanoticia.cl\/prensa\/wp-json\/wp\/v2\/media?parent=5109"}],"wp:term":[{"taxonomy":"category","embeddable":true,"href":"https:\/\/www.rengoenlanoticia.cl\/prensa\/wp-json\/wp\/v2\/categories?post=5109"},{"taxonomy":"post_tag","embeddable":true,"href":"https:\/\/www.rengoenlanoticia.cl\/prensa\/wp-json\/wp\/v2\/tags?post=5109"}],"curies":[{"name":"wp","href":"https:\/\/api.w.org\/{rel}","templated":true}]}}