{"id":5102,"date":"2025-08-09T22:57:00","date_gmt":"2025-08-09T22:57:00","guid":{"rendered":"https:\/\/www.rengoenlanoticia.cl\/prensa\/?p=5102"},"modified":"2025-08-09T22:57:02","modified_gmt":"2025-08-09T22:57:02","slug":"codelco-informa-avances-en-apoyo-a-personas-estado-operacional-e-investigacion-tras-accidente-en-el-teniente","status":"publish","type":"post","link":"https:\/\/www.rengoenlanoticia.cl\/prensa\/2025\/08\/09\/codelco-informa-avances-en-apoyo-a-personas-estado-operacional-e-investigacion-tras-accidente-en-el-teniente\/","title":{"rendered":"Codelco informa avances en apoyo a personas, estado operacional e investigaci\u00f3n tras accidente en El Teniente"},"content":{"rendered":"\n<p>Codelco entreg\u00f3 un nuevo reporte sobre las acciones adoptadas tras el accidente ocurrido el 31 de julio en la Divisi\u00f3n El Teniente.<\/p>\n\n\n\n<p>En materia de apoyo y contenci\u00f3n, la empresa inform\u00f3 que se han sumado nuevas empresas contratistas al Plan de Apoyo y Contenci\u00f3n dirigido a colaboradores, alcanzando una cobertura del 71% de los trabajadores de las gerencias Mina, Mantenimiento Mina y Obras Mina. Hasta ahora, 5.684 personas, entre trabajadores propios y de empresas colaboradoras, han participado en jornadas de reflexi\u00f3n y contenci\u00f3n, incluyendo actividades grupales como \u201cJuntos en el Duelo\u201d, conversatorios, charlas y talleres. Adem\u00e1s, el Centro de Contenci\u00f3n y Orientaci\u00f3n Psicosocial (CECOP) ha atendido a 679 trabajadores, y contin\u00faa la asistencia psicol\u00f3gica y social directa a las familias de las v\u00edctimas.<\/p>\n\n\n\n<p>En cuanto al estado de las operaciones, Codelco detall\u00f3 que el Servicio Nacional de Geolog\u00eda y Miner\u00eda (Sernageomin) autoriz\u00f3 el reinicio parcial y progresivo de las operaciones subterr\u00e1neas en los sectores Pilar Norte, Panel Esmeralda y Esmeralda, Pac\u00edfico Superior, Diablo Regimiento, Panel Reno, Dacita y Reservas Norte. Sin embargo, se mantiene la paralizaci\u00f3n en los sectores Recursos Norte, Andesita, Andes Norte y Diamante. El reinicio de faenas contin\u00faa supeditado al levantamiento de la autosuspensi\u00f3n por parte de la Direcci\u00f3n del Trabajo.<\/p>\n\n\n\n<p>En este contexto, comenz\u00f3 la ejecuci\u00f3n del Plan de Reinicio Seguro y Progresivo de Operaciones, que contempla medidas de seguridad, habitabilidad, contenci\u00f3n y alistamiento operacional para trabajadores propios y contratistas. Por ahora, s\u00f3lo ingresa personal cr\u00edtico a interior mina para resguardar instalaciones, junto con los turnos C (646 personas) y A (1.840 personas) para labores de mantenci\u00f3n. La fundici\u00f3n mantiene trabajos programados y en planta se realizan pruebas y mantenimientos, asegurando tambi\u00e9n la operatividad de sistemas h\u00eddricos y de conducci\u00f3n de relaves.<\/p>\n\n\n\n<p>En el \u00e1mbito de la fiscalizaci\u00f3n e investigaci\u00f3n, un equipo de la Direcci\u00f3n del Trabajo se constituy\u00f3 al interior de la mina y en el \u00e1rea industrial para inspecciones previas al reinicio de operaciones. Codelco ha recibido 20 requerimientos de distintas autoridades fiscalizadoras e investigadoras, entre ellas Sernageomin, Direcci\u00f3n del Trabajo, Fiscal\u00eda Regional, C\u00e1mara de Diputados, PDI y Seremi de Salud, sin registrar atrasos en la entrega de informaci\u00f3n. La Comisi\u00f3n Interna Investigadora de la empresa contin\u00faa su trabajo en terreno.<\/p>\n\n\n\n<p>Codelco reiter\u00f3 que el objetivo central de todas las acciones emprendidas es asegurar que cualquier retorno a la operaci\u00f3n se realice bajo condiciones que garanticen plenamente la seguridad y el cuidado de las personas.<strong>C<\/strong><\/p>\n","protected":false},"excerpt":{"rendered":"Codelco entreg\u00f3 un nuevo reporte sobre las acciones adoptadas tras el accidente ocurrido el 31 de julio en&hellip;\n","protected":false},"author":1,"featured_media":5103,"comment_status":"open","ping_status":"open","sticky":false,"template":"","format":"standard","meta":{"_monsterinsights_skip_tracking":false,"_monsterinsights_sitenote_active":false,"_monsterinsights_sitenote_note":"","_monsterinsights_sitenote_category":0,"footnotes":""},"categories":[8],"tags":[],"class_list":{"0":"post-5102","1":"post","2":"type-post","3":"status-publish","4":"format-standard","5":"has-post-thumbnail","7":"category-portada"},"aioseo_notices":[],"_links":{"self":[{"href":"https:\/\/www.rengoenlanoticia.cl\/prensa\/wp-json\/wp\/v2\/posts\/5102","targetHints":{"allow":["GET"]}}],"collection":[{"href":"https:\/\/www.rengoenlanoticia.cl\/prensa\/wp-json\/wp\/v2\/posts"}],"about":[{"href":"https:\/\/www.rengoenlanoticia.cl\/prensa\/wp-json\/wp\/v2\/types\/post"}],"author":[{"embeddable":true,"href":"https:\/\/www.rengoenlanoticia.cl\/prensa\/wp-json\/wp\/v2\/users\/1"}],"replies":[{"embeddable":true,"href":"https:\/\/www.rengoenlanoticia.cl\/prensa\/wp-json\/wp\/v2\/comments?post=5102"}],"version-history":[{"count":3,"href":"https:\/\/www.rengoenlanoticia.cl\/prensa\/wp-json\/wp\/v2\/posts\/5102\/revisions"}],"predecessor-version":[{"id":5106,"href":"https:\/\/www.rengoenlanoticia.cl\/prensa\/wp-json\/wp\/v2\/posts\/5102\/revisions\/5106"}],"wp:featuredmedia":[{"embeddable":true,"href":"https:\/\/www.rengoenlanoticia.cl\/prensa\/wp-json\/wp\/v2\/media\/5103"}],"wp:attachment":[{"href":"https:\/\/www.rengoenlanoticia.cl\/prensa\/wp-json\/wp\/v2\/media?parent=5102"}],"wp:term":[{"taxonomy":"category","embeddable":true,"href":"https:\/\/www.rengoenlanoticia.cl\/prensa\/wp-json\/wp\/v2\/categories?post=5102"},{"taxonomy":"post_tag","embeddable":true,"href":"https:\/\/www.rengoenlanoticia.cl\/prensa\/wp-json\/wp\/v2\/tags?post=5102"}],"curies":[{"name":"wp","href":"https:\/\/api.w.org\/{rel}","templated":true}]}}