{"id":5095,"date":"2025-08-09T22:51:53","date_gmt":"2025-08-09T22:51:53","guid":{"rendered":"https:\/\/www.rengoenlanoticia.cl\/prensa\/?p=5095"},"modified":"2025-08-09T22:51:55","modified_gmt":"2025-08-09T22:51:55","slug":"sso-reconoce-la-labor-de-dirigentes-comunitarios-en-salud-en-su-dia","status":"publish","type":"post","link":"https:\/\/www.rengoenlanoticia.cl\/prensa\/2025\/08\/09\/sso-reconoce-la-labor-de-dirigentes-comunitarios-en-salud-en-su-dia\/","title":{"rendered":"SSO reconoce\u00a0la labor de dirigentes comunitarios en salud en su d\u00eda"},"content":{"rendered":"\n<p>Cerca de cien dirigentes pertenecientes a los establecimientos de salud de la red hospitalaria y Atenci\u00f3n primaria participaron de una jornada de reflexi\u00f3n acerca del trabajo realizado en el territorio.<\/p>\n\n\n\n<p>Cada 8 de agosto se conmemora el D\u00eda del Dirigente Social y Comunitario, una fecha significativa para hombres y mujeres que juegan un rol fundamental en el fortalecimiento del tejido social y en el trabajo territorial. En ese contexto, el Servicio de Salud O\u2019Higgins, encabezado por su director Jaime Guti\u00e9rrez, reconoci\u00f3 la labor de cientos de dirigentes comunitarios en salud pertenecientes a distintos establecimientos de la regi\u00f3n, a trav\u00e9s de una jornada en la que se compartieron experiencias sobre el importante trabajo que estos l\u00edderes desarrollan en sus comunidades. D\u00eda a d\u00eda, ellos entregan lo mejor de s\u00ed para aportar a la gesti\u00f3n local y contribuir a mejorar la salud p\u00fablica regional.<\/p>\n\n\n\n<p>\u201cHoy estamos conmemorando el D\u00eda del Dirigente Social, y en nuestra red de salud contamos con dirigentes que desempe\u00f1an un rol muy importante, colaborando con nuestra gesti\u00f3n diaria. Reconocemos estrategias que se est\u00e1n implementando en distintos centros de salud, nacidas desde las propias comunidades, y que permiten desarrollar proyectos que impactan positivamente la salud comunal y territorial\u201d, destac\u00f3 el director Jaime Guti\u00e9rrez.<\/p>\n\n\n\n<figure class=\"wp-block-image size-large\"><img loading=\"lazy\" decoding=\"async\" width=\"1024\" height=\"683\" src=\"https:\/\/www.rengoenlanoticia.cl\/prensa\/wp-content\/uploads\/2025\/08\/Dia-del-dirigente3-1024x683.jpeg\" alt=\"\" class=\"wp-image-5097\" srcset=\"https:\/\/www.rengoenlanoticia.cl\/prensa\/wp-content\/uploads\/2025\/08\/Dia-del-dirigente3-1024x683.jpeg 1024w, https:\/\/www.rengoenlanoticia.cl\/prensa\/wp-content\/uploads\/2025\/08\/Dia-del-dirigente3-300x200.jpeg 300w, https:\/\/www.rengoenlanoticia.cl\/prensa\/wp-content\/uploads\/2025\/08\/Dia-del-dirigente3-768x512.jpeg 768w, https:\/\/www.rengoenlanoticia.cl\/prensa\/wp-content\/uploads\/2025\/08\/Dia-del-dirigente3-1536x1024.jpeg 1536w, https:\/\/www.rengoenlanoticia.cl\/prensa\/wp-content\/uploads\/2025\/08\/Dia-del-dirigente3-2048x1365.jpeg 2048w, https:\/\/www.rengoenlanoticia.cl\/prensa\/wp-content\/uploads\/2025\/08\/Dia-del-dirigente3-110x73.jpeg 110w, https:\/\/www.rengoenlanoticia.cl\/prensa\/wp-content\/uploads\/2025\/08\/Dia-del-dirigente3-200x133.jpeg 200w, https:\/\/www.rengoenlanoticia.cl\/prensa\/wp-content\/uploads\/2025\/08\/Dia-del-dirigente3-380x253.jpeg 380w, https:\/\/www.rengoenlanoticia.cl\/prensa\/wp-content\/uploads\/2025\/08\/Dia-del-dirigente3-255x170.jpeg 255w, https:\/\/www.rengoenlanoticia.cl\/prensa\/wp-content\/uploads\/2025\/08\/Dia-del-dirigente3-550x367.jpeg 550w, https:\/\/www.rengoenlanoticia.cl\/prensa\/wp-content\/uploads\/2025\/08\/Dia-del-dirigente3-800x533.jpeg 800w, https:\/\/www.rengoenlanoticia.cl\/prensa\/wp-content\/uploads\/2025\/08\/Dia-del-dirigente3-1160x773.jpeg 1160w, https:\/\/www.rengoenlanoticia.cl\/prensa\/wp-content\/uploads\/2025\/08\/Dia-del-dirigente3-scaled.jpeg 2560w\" sizes=\"auto, (max-width: 1024px) 100vw, 1024px\" \/><\/figure>\n\n\n\n<p>La autoridad agreg\u00f3 que \u201choy queremos relevar el rol que cumplen los dirigentes sociales en el desarrollo de la salud regional. Mis felicitaciones y agradecimientos por el compromiso y el trabajo que realizan en cada una de sus comunidades\u201d.<\/p>\n\n\n\n<p><strong>Experiencias enriquecedoras en el trabajo comunitario<\/strong><\/p>\n\n\n\n<p>Para la dirigenta del CESFAM N\u00b06 Ignacio Caroca de Rancagua, Betsab\u00e9 Ramos, \u201cel trabajo de los dirigentes sociales en la red de salud es clave. Apoyan la gesti\u00f3n diaria y promueven estrategias nacidas desde la comunidad, que logran desarrollarse como proyectos con impacto directo en la salud local y en los establecimientos\u201d.<\/p>\n\n\n\n<figure class=\"wp-block-image size-full\"><img loading=\"lazy\" decoding=\"async\" width=\"1024\" height=\"768\" src=\"https:\/\/www.rengoenlanoticia.cl\/prensa\/wp-content\/uploads\/2025\/08\/Dia-del-dirigente4.jpeg\" alt=\"\" class=\"wp-image-5098\" srcset=\"https:\/\/www.rengoenlanoticia.cl\/prensa\/wp-content\/uploads\/2025\/08\/Dia-del-dirigente4.jpeg 1024w, https:\/\/www.rengoenlanoticia.cl\/prensa\/wp-content\/uploads\/2025\/08\/Dia-del-dirigente4-300x225.jpeg 300w, https:\/\/www.rengoenlanoticia.cl\/prensa\/wp-content\/uploads\/2025\/08\/Dia-del-dirigente4-768x576.jpeg 768w, https:\/\/www.rengoenlanoticia.cl\/prensa\/wp-content\/uploads\/2025\/08\/Dia-del-dirigente4-110x83.jpeg 110w, https:\/\/www.rengoenlanoticia.cl\/prensa\/wp-content\/uploads\/2025\/08\/Dia-del-dirigente4-200x150.jpeg 200w, https:\/\/www.rengoenlanoticia.cl\/prensa\/wp-content\/uploads\/2025\/08\/Dia-del-dirigente4-380x285.jpeg 380w, https:\/\/www.rengoenlanoticia.cl\/prensa\/wp-content\/uploads\/2025\/08\/Dia-del-dirigente4-255x191.jpeg 255w, https:\/\/www.rengoenlanoticia.cl\/prensa\/wp-content\/uploads\/2025\/08\/Dia-del-dirigente4-550x413.jpeg 550w, https:\/\/www.rengoenlanoticia.cl\/prensa\/wp-content\/uploads\/2025\/08\/Dia-del-dirigente4-800x600.jpeg 800w\" sizes=\"auto, (max-width: 1024px) 100vw, 1024px\" \/><\/figure>\n\n\n\n<p>Por su parte, la integrante del Consejo de Desarrollo Local del Hospital de Litueche, Cecilia Jara, valor\u00f3 la instancia, se\u00f1alando que \u201cesta ha sido una experiencia muy enriquecedora para nosotros, porque nos permite no solo mostrar nuestro trabajo, sino tambi\u00e9n conocer otras experiencias. Es amplio el \u00e1mbito en el que podemos movilizarnos, y adem\u00e1s aprendemos sobre temas de salud que luego podemos replicar en nuestras comunidades. En nuestro caso, nos hemos enfocado especialmente en los adultos mayores\u201d.<\/p>\n\n\n\n<p><strong>El rol del dirigente comunitario<\/strong><\/p>\n\n\n\n<p>Finalmente, la presidenta de la Uni\u00f3n de Consejos de Desarrollo de Salud (UNICODESA), Antonieta Vergine, agradeci\u00f3 el reconocimiento, indicando que \u201ceste es un d\u00eda muy especial para los dirigentes, porque nuestra labor es sacrificada, especialmente para quienes trabajan en zonas rurales. Como bien dijo el director del Servicio, somos un nexo entre la comunidad y las autoridades de salud. Lo que se hace bien, y tambi\u00e9n lo que se hace mal, pasa por nuestra voz. Esa es nuestra tarea\u201d.<\/p>\n","protected":false},"excerpt":{"rendered":"Cerca de cien dirigentes pertenecientes a los establecimientos de salud de la red hospitalaria y Atenci\u00f3n primaria participaron&hellip;\n","protected":false},"author":1,"featured_media":5096,"comment_status":"open","ping_status":"open","sticky":false,"template":"","format":"standard","meta":{"_monsterinsights_skip_tracking":false,"_monsterinsights_sitenote_active":false,"_monsterinsights_sitenote_note":"","_monsterinsights_sitenote_category":0,"footnotes":""},"categories":[8],"tags":[],"class_list":{"0":"post-5095","1":"post","2":"type-post","3":"status-publish","4":"format-standard","5":"has-post-thumbnail","7":"category-portada"},"aioseo_notices":[],"_links":{"self":[{"href":"https:\/\/www.rengoenlanoticia.cl\/prensa\/wp-json\/wp\/v2\/posts\/5095","targetHints":{"allow":["GET"]}}],"collection":[{"href":"https:\/\/www.rengoenlanoticia.cl\/prensa\/wp-json\/wp\/v2\/posts"}],"about":[{"href":"https:\/\/www.rengoenlanoticia.cl\/prensa\/wp-json\/wp\/v2\/types\/post"}],"author":[{"embeddable":true,"href":"https:\/\/www.rengoenlanoticia.cl\/prensa\/wp-json\/wp\/v2\/users\/1"}],"replies":[{"embeddable":true,"href":"https:\/\/www.rengoenlanoticia.cl\/prensa\/wp-json\/wp\/v2\/comments?post=5095"}],"version-history":[{"count":3,"href":"https:\/\/www.rengoenlanoticia.cl\/prensa\/wp-json\/wp\/v2\/posts\/5095\/revisions"}],"predecessor-version":[{"id":5101,"href":"https:\/\/www.rengoenlanoticia.cl\/prensa\/wp-json\/wp\/v2\/posts\/5095\/revisions\/5101"}],"wp:featuredmedia":[{"embeddable":true,"href":"https:\/\/www.rengoenlanoticia.cl\/prensa\/wp-json\/wp\/v2\/media\/5096"}],"wp:attachment":[{"href":"https:\/\/www.rengoenlanoticia.cl\/prensa\/wp-json\/wp\/v2\/media?parent=5095"}],"wp:term":[{"taxonomy":"category","embeddable":true,"href":"https:\/\/www.rengoenlanoticia.cl\/prensa\/wp-json\/wp\/v2\/categories?post=5095"},{"taxonomy":"post_tag","embeddable":true,"href":"https:\/\/www.rengoenlanoticia.cl\/prensa\/wp-json\/wp\/v2\/tags?post=5095"}],"curies":[{"name":"wp","href":"https:\/\/api.w.org\/{rel}","templated":true}]}}