{"id":5080,"date":"2025-08-09T22:47:01","date_gmt":"2025-08-09T22:47:01","guid":{"rendered":"https:\/\/www.rengoenlanoticia.cl\/prensa\/?p=5080"},"modified":"2025-08-09T22:47:53","modified_gmt":"2025-08-09T22:47:53","slug":"expertos-abordaron-nuevos-estandares-de-eficiencia-energetica-y-calefaccion-residencial-del-plan-de-descontaminacion-atmosferica","status":"publish","type":"post","link":"https:\/\/www.rengoenlanoticia.cl\/prensa\/2025\/08\/09\/expertos-abordaron-nuevos-estandares-de-eficiencia-energetica-y-calefaccion-residencial-del-plan-de-descontaminacion-atmosferica\/","title":{"rendered":"Expertos abordaron nuevos est\u00e1ndares de eficiencia energ\u00e9tica y calefacci\u00f3n residencial del Plan de Descontaminaci\u00f3n Atmosf\u00e9rica"},"content":{"rendered":"\n<p>&#8211;&nbsp;<em>La jornada, que se llev\u00f3 a cabo en San Fernando, reuni\u00f3 a profesionales del sector p\u00fablico y privado para abordar los nuevos est\u00e1ndares de aislaci\u00f3n t\u00e9rmica y calefacci\u00f3n residencial para las 17 comunas del Valle Central de O\u2019Higgins.<\/em><\/p>\n\n\n\n<p>El jueves 7 de agosto, en la Casa de la Cultura de San Fernando, se realiz\u00f3 el seminario \u201cPlan de Descontaminaci\u00f3n Atmosf\u00e9rica: Eficiencia Energ\u00e9tica en Viviendas\u201d, organizado de forma conjunta por la SEREMI de Vivienda y Urbanismo, SERVIU O\u2019Higgins, la SEREMI del Medio Ambiente y la C\u00e1mara Chilena de la Construcci\u00f3n de O\u2019Higgins. La actividad convoc\u00f3 a profesionales de direcciones de obras municipales, entidades patrocinantes y representantes del sector construcci\u00f3n, quienes conocieron en detalle los avances, desaf\u00edos y herramientas disponibles en materia de eficiencia energ\u00e9tica en viviendas, junto con el marco normativo del Plan de Descontaminaci\u00f3n Atmosf\u00e9rica (PDA) para el Valle Central de la regi\u00f3n, publicado en el Diario Oficial en 2023.<\/p>\n\n\n\n<figure class=\"wp-block-image size-large\"><img loading=\"lazy\" decoding=\"async\" width=\"1024\" height=\"473\" src=\"https:\/\/www.rengoenlanoticia.cl\/prensa\/wp-content\/uploads\/2025\/08\/SSF3-1024x473.jpg\" alt=\"\" class=\"wp-image-5083\" srcset=\"https:\/\/www.rengoenlanoticia.cl\/prensa\/wp-content\/uploads\/2025\/08\/SSF3-1024x473.jpg 1024w, https:\/\/www.rengoenlanoticia.cl\/prensa\/wp-content\/uploads\/2025\/08\/SSF3-300x139.jpg 300w, https:\/\/www.rengoenlanoticia.cl\/prensa\/wp-content\/uploads\/2025\/08\/SSF3-768x355.jpg 768w, https:\/\/www.rengoenlanoticia.cl\/prensa\/wp-content\/uploads\/2025\/08\/SSF3-1536x710.jpg 1536w, https:\/\/www.rengoenlanoticia.cl\/prensa\/wp-content\/uploads\/2025\/08\/SSF3-2048x946.jpg 2048w, https:\/\/www.rengoenlanoticia.cl\/prensa\/wp-content\/uploads\/2025\/08\/SSF3-110x51.jpg 110w, https:\/\/www.rengoenlanoticia.cl\/prensa\/wp-content\/uploads\/2025\/08\/SSF3-200x92.jpg 200w, https:\/\/www.rengoenlanoticia.cl\/prensa\/wp-content\/uploads\/2025\/08\/SSF3-380x176.jpg 380w, https:\/\/www.rengoenlanoticia.cl\/prensa\/wp-content\/uploads\/2025\/08\/SSF3-255x118.jpg 255w, https:\/\/www.rengoenlanoticia.cl\/prensa\/wp-content\/uploads\/2025\/08\/SSF3-550x254.jpg 550w, https:\/\/www.rengoenlanoticia.cl\/prensa\/wp-content\/uploads\/2025\/08\/SSF3-800x370.jpg 800w, https:\/\/www.rengoenlanoticia.cl\/prensa\/wp-content\/uploads\/2025\/08\/SSF3-1160x536.jpg 1160w, https:\/\/www.rengoenlanoticia.cl\/prensa\/wp-content\/uploads\/2025\/08\/SSF3-scaled.jpg 2560w\" sizes=\"auto, (max-width: 1024px) 100vw, 1024px\" \/><\/figure>\n\n\n\n<p>El seremi de Vivienda y Urbanismo, Luis Barboza Quintanilla, destac\u00f3 la importancia de vincular estas tem\u00e1ticas con la gesti\u00f3n habitacional: \u201cComo ministerio trabajamos para que nuestras obras cumplan con la normativa vigente en eficiencia energ\u00e9tica y en el PDA, especialmente a trav\u00e9s del Plan de Emergencia Habitacional. Resulta clave que representantes del sector p\u00fablico y privado conozcan estas exigencias, para avanzar en el desarrollo de nuevos proyectos y en el mejoramiento de viviendas existentes, de manera que cumplan con los est\u00e1ndares y contribuyan a mejorar la calidad de vida de las familias\u201d.<\/p>\n\n\n\n<p>En tanto, el past presidente de la CChC O\u2019Higgins, Juan Pablo Gramsch, subray\u00f3 que la eficiencia energ\u00e9tica y la descontaminaci\u00f3n son desaf\u00edos actuales: \u201cLa eficiencia energ\u00e9tica y la descontaminaci\u00f3n no son desaf\u00edos del futuro, son necesidades urgentes del presente. Desde la CChC O\u2019Higgins, creemos firmemente en el trabajo colaborativo entre el sector p\u00fablico y privado para avanzar hacia una vivienda de mejor calidad acorde a los desaf\u00edos clim\u00e1ticos\u201d. Tambi\u00e9n hizo un llamado a \u201credoblar los esfuerzos para ampliar los subsidios de mejoramiento en viviendas antiguas, mejorar el aislamiento y calefacci\u00f3n de los hogares no solo ayuda a las familias, tambi\u00e9n es clave para reducir la contaminaci\u00f3n por estufas a le\u00f1a\u201d.<\/p>\n\n\n\n<p>Por su parte, la seremi (s) de Medio Ambiente, Alyson Hadad Reyes, explic\u00f3 que este es un hito en la pol\u00edtica p\u00fablica ambiental: \u201cEsta instancia se enmarca dentro de las acciones para difundir las medidas del Plan de Descontaminaci\u00f3n Atmosf\u00e9rica a la ciudadan\u00eda. Este es el primer Plan en Chile que aumenta las exigencias de aislaci\u00f3n t\u00e9rmica para viviendas nuevas, al mismo tiempo que proh\u00edbe que \u00e9stas incorporen sistemas de calefacci\u00f3n a le\u00f1a, siendo esta una exigencia para las 17 comunas de la zona saturada\u201d.<\/p>\n\n\n\n<p>Las exposiciones permitieron profundizar en los principales aspectos t\u00e9cnicos del PDA y su relaci\u00f3n con la eficiencia energ\u00e9tica en viviendas. Valeska Figueroa, Profesional Calidad del Aire y Cambio Clim\u00e1tico de la SEREMI del Medio Ambiente, present\u00f3 una visi\u00f3n general del plan, destacando el impacto de la calefacci\u00f3n residencial en la calidad del aire. Rodrigo Retamal, de DITEC MINVU, abord\u00f3 los est\u00e1ndares de eficiencia energ\u00e9tica asociados al plan y su incorporaci\u00f3n en las nuevas construcciones. Carlos Arancibia, de SERVIU O\u2019Higgins, explic\u00f3 el nuevo Reglamento de Calificaci\u00f3n Energ\u00e9tica que entrar\u00e1 en vigencia en octubre, mientras que Francisca D\u00edaz, de la C\u00e1mara Chilena de la Construcci\u00f3n, expuso el programa Construye Zero, que promueve viviendas sostenibles desde el sector privado.<\/p>\n\n\n\n<p>La instancia cerr\u00f3 con un llamado conjunto a reforzar la capacitaci\u00f3n, la difusi\u00f3n y la colaboraci\u00f3n intersectorial para asegurar que las viviendas, tanto nuevas como existentes, se adapten a las nuevas exigencias, contribuyendo as\u00ed a un h\u00e1bitat m\u00e1s saludable, eficiente y sustentable para las familias de O\u2019Higgins.<\/p>\n","protected":false},"excerpt":{"rendered":"&#8211;&nbsp;La jornada, que se llev\u00f3 a cabo en San Fernando, reuni\u00f3 a profesionales del sector p\u00fablico y privado&hellip;\n","protected":false},"author":1,"featured_media":5082,"comment_status":"open","ping_status":"open","sticky":false,"template":"","format":"standard","meta":{"_monsterinsights_skip_tracking":false,"_monsterinsights_sitenote_active":false,"_monsterinsights_sitenote_note":"","_monsterinsights_sitenote_category":0,"footnotes":""},"categories":[8],"tags":[],"class_list":{"0":"post-5080","1":"post","2":"type-post","3":"status-publish","4":"format-standard","5":"has-post-thumbnail","7":"category-portada"},"aioseo_notices":[],"_links":{"self":[{"href":"https:\/\/www.rengoenlanoticia.cl\/prensa\/wp-json\/wp\/v2\/posts\/5080","targetHints":{"allow":["GET"]}}],"collection":[{"href":"https:\/\/www.rengoenlanoticia.cl\/prensa\/wp-json\/wp\/v2\/posts"}],"about":[{"href":"https:\/\/www.rengoenlanoticia.cl\/prensa\/wp-json\/wp\/v2\/types\/post"}],"author":[{"embeddable":true,"href":"https:\/\/www.rengoenlanoticia.cl\/prensa\/wp-json\/wp\/v2\/users\/1"}],"replies":[{"embeddable":true,"href":"https:\/\/www.rengoenlanoticia.cl\/prensa\/wp-json\/wp\/v2\/comments?post=5080"}],"version-history":[{"count":1,"href":"https:\/\/www.rengoenlanoticia.cl\/prensa\/wp-json\/wp\/v2\/posts\/5080\/revisions"}],"predecessor-version":[{"id":5086,"href":"https:\/\/www.rengoenlanoticia.cl\/prensa\/wp-json\/wp\/v2\/posts\/5080\/revisions\/5086"}],"wp:featuredmedia":[{"embeddable":true,"href":"https:\/\/www.rengoenlanoticia.cl\/prensa\/wp-json\/wp\/v2\/media\/5082"}],"wp:attachment":[{"href":"https:\/\/www.rengoenlanoticia.cl\/prensa\/wp-json\/wp\/v2\/media?parent=5080"}],"wp:term":[{"taxonomy":"category","embeddable":true,"href":"https:\/\/www.rengoenlanoticia.cl\/prensa\/wp-json\/wp\/v2\/categories?post=5080"},{"taxonomy":"post_tag","embeddable":true,"href":"https:\/\/www.rengoenlanoticia.cl\/prensa\/wp-json\/wp\/v2\/tags?post=5080"}],"curies":[{"name":"wp","href":"https:\/\/api.w.org\/{rel}","templated":true}]}}