{"id":5073,"date":"2025-08-09T22:21:58","date_gmt":"2025-08-09T22:21:58","guid":{"rendered":"https:\/\/www.rengoenlanoticia.cl\/prensa\/?p=5073"},"modified":"2025-08-09T22:45:18","modified_gmt":"2025-08-09T22:45:18","slug":"se-retoman-los-dialogos-ciudadanos-hacia-un-nuevo-financiamiento-para-la-educacion-superior","status":"publish","type":"post","link":"https:\/\/www.rengoenlanoticia.cl\/prensa\/2025\/08\/09\/se-retoman-los-dialogos-ciudadanos-hacia-un-nuevo-financiamiento-para-la-educacion-superior\/","title":{"rendered":"Se retoman los Di\u00e1logos Ciudadanos \u201cHacia un nuevo financiamiento para la educaci\u00f3n superior\u201d"},"content":{"rendered":"\n<p><em>Este viernes en el Teatro Municipal de Graneros, se retom\u00f3 la iniciativa desarrollada entre las secretar\u00edas ministeriales de Educaci\u00f3n y Gobierno.<\/em><\/p>\n\n\n\n<p>Dar a conocer el Proyecto de Ley que pone fin al CAE \u2013 Cr\u00e9dito con Aval del Estado \u2013 y crea, adem\u00e1s, un nuevo instrumento de financiamiento p\u00fablico para la Educaci\u00f3n Superior, FES, son los temas que abordar\u00e1n las instancias de participaci\u00f3n ciudadana en Graneros, Rancagua y Rengo.<\/p>\n\n\n\n<p>Realizadas por la Divisi\u00f3n de Organizaciones Sociales (DOS), dependiente del Ministerio Secretar\u00eda General de Gobierno, su objetivo es difundir el plan de reorganizaci\u00f3n y condonaci\u00f3n de deudas educativas y crea un nuevo instrumento de financiamiento estudiantil.<\/p>\n\n\n\n<p>\u201cEl Gobierno del presidente Gabriel Boric elabor\u00f3 este proyecto de Ley que pone fin al CAE y FES para terminar con el agobio familiar, pero tambi\u00e9n que constituye un enorme gasto fiscal orientado a los bancos y un estr\u00e9s financiero y administrativo para las instituciones de educaci\u00f3n superior que las distrae de sus fines educativos y para lo cual fueron creadas\u201d, anunci\u00f3 la seremi de Educaci\u00f3n, Alyson Hadad.<\/p>\n\n\n\n<figure class=\"wp-block-image size-large\"><img loading=\"lazy\" decoding=\"async\" width=\"1024\" height=\"768\" src=\"https:\/\/www.rengoenlanoticia.cl\/prensa\/wp-content\/uploads\/2025\/08\/fes-sta-cruz-4-1024x768.jpeg\" alt=\"\" class=\"wp-image-5077\" srcset=\"https:\/\/www.rengoenlanoticia.cl\/prensa\/wp-content\/uploads\/2025\/08\/fes-sta-cruz-4-1024x768.jpeg 1024w, https:\/\/www.rengoenlanoticia.cl\/prensa\/wp-content\/uploads\/2025\/08\/fes-sta-cruz-4-300x225.jpeg 300w, https:\/\/www.rengoenlanoticia.cl\/prensa\/wp-content\/uploads\/2025\/08\/fes-sta-cruz-4-768x576.jpeg 768w, https:\/\/www.rengoenlanoticia.cl\/prensa\/wp-content\/uploads\/2025\/08\/fes-sta-cruz-4-110x83.jpeg 110w, https:\/\/www.rengoenlanoticia.cl\/prensa\/wp-content\/uploads\/2025\/08\/fes-sta-cruz-4-200x150.jpeg 200w, https:\/\/www.rengoenlanoticia.cl\/prensa\/wp-content\/uploads\/2025\/08\/fes-sta-cruz-4-380x285.jpeg 380w, https:\/\/www.rengoenlanoticia.cl\/prensa\/wp-content\/uploads\/2025\/08\/fes-sta-cruz-4-255x191.jpeg 255w, https:\/\/www.rengoenlanoticia.cl\/prensa\/wp-content\/uploads\/2025\/08\/fes-sta-cruz-4-550x413.jpeg 550w, https:\/\/www.rengoenlanoticia.cl\/prensa\/wp-content\/uploads\/2025\/08\/fes-sta-cruz-4-800x600.jpeg 800w, https:\/\/www.rengoenlanoticia.cl\/prensa\/wp-content\/uploads\/2025\/08\/fes-sta-cruz-4-1160x870.jpeg 1160w, https:\/\/www.rengoenlanoticia.cl\/prensa\/wp-content\/uploads\/2025\/08\/fes-sta-cruz-4.jpeg 1280w\" sizes=\"auto, (max-width: 1024px) 100vw, 1024px\" \/><\/figure>\n\n\n\n<p>Por su parte, el seremi de Gobierno, Carlos Carrasco Olea, expres\u00f3: \u201cPara el Gobierno del Presidente Boric construir un nuevo financiamiento para la educaci\u00f3n superior y eliminar el Cr\u00e9dito con Aval del Estado, sacar a la educaci\u00f3n superior y su financiamiento de la l\u00f3gica del lucro de los intereses bancarios y proyectar el proceso de educaci\u00f3n superior, las alternativas para financiarlas dentro de un gran plan de desarrollo nacional\u201d acot\u00f3 la autoridad.<\/p>\n\n\n\n<p>Estos di\u00e1logos participativos no solo buscan informar a la ciudadan\u00eda respecto esta iniciativa; sino, tambi\u00e9n recoger\u00e1n dudas, propuestas y necesidades de las y los participantes: estudiantes de 3\u00b0 y 4\u00b0 a\u00f1o medio, Orientadores, Centros de Alumnos, Centros de Padres y Apoderados, Centros de Exalumnos, representantes del Consejo de Profesores, &nbsp;Equipos Directivos e integrantes de la sociedad civil.<\/p>\n\n\n\n<p>Cabe mencionar que este PDL forma parte de las prioridades legislativas del Gobierno para este 2025 y actualmente se encuentra en tramitaci\u00f3n en la C\u00e1mara de Diputadas y Diputados.<\/p>\n\n\n\n<p>\u201cLa ciudadan\u00eda tiene un rol que desempe\u00f1ar: este es un proyecto que ha sido altamente demandado por las personas; por ello, es importante que la ciudadan\u00eda pueda expresar su opini\u00f3n\u201d, fue el llamado de la seremi Alyson Hadad.<\/p>\n\n\n\n<p><strong>Los principales aspectos del PDL<\/strong><\/p>\n\n\n\n<p>Respecto a las deudas contra\u00eddas con el CAE, Fondo Solidario y CORFO, el proyecto contempla tres tipos de condonaciones:<\/p>\n\n\n\n<p>Condonaci\u00f3n inicial: considera condici\u00f3n econ\u00f3mica, situaci\u00f3n de pago y cantidad de cuotas pagadas del cr\u00e9dito.<\/p>\n\n\n\n<p>Condonaci\u00f3n adicional: por pago anticipado: quienes deseen, podr\u00e1n pagar el 75% de la deuda restante tras la condonaci\u00f3n inicial<\/p>\n\n\n\n<p>Condonaci\u00f3n mensual (progresiva): esta se aplicar\u00e1 sobre lo que reste por pagar una vez aplicada la condonaci\u00f3n inicial. El monto de la cuota ser\u00e1 de hasta un 8% del sueldo mensual.<\/p>\n\n\n\n<p>Asimismo, el FES, permitir\u00e1 cursar estudios en instituciones de educaci\u00f3n superior chilenas que accedan a este nuevo instrumento de financiamiento, sin la preocupaci\u00f3n de pagar matr\u00edcula o arancel de su carrera mientras estudian.<\/p>\n\n\n\n<p>Este beneficio estar\u00eda disponible, en caso de ser aprobado el PDL, &nbsp;para todas y todos los estudiantes que lo requieran. En el caso de instituciones adscritas a Gratuidad, cubrir\u00e1 desde el s\u00e9ptimo decil de ingresos y beneficiar\u00e1 a estudiantes de todos los deciles en caso de instituciones que no acceden a Gratuidad.<\/p>\n\n\n\n<p>Sus beneficiarias y beneficiarios comenzar\u00e1n a pagar un a\u00f1o despu\u00e9s del egreso o interrupci\u00f3n de estudios.<\/p>\n\n\n\n<p>En tal sentido, la seremi Alyson Hadad concluy\u00f3 indicando que: \u201cQuienes contribuyan, permiten financiar los aranceles de las siguientes generaciones de estudiantes, favoreciendo el acceso a la Educaci\u00f3n Superior para aquellas\/os estudiantes cuyas familias no cuentan con los recursos econ\u00f3micos para la continuidad de sus trayectorias educativas y como Estado, debemos ser garantes de la educaci\u00f3n para todas y todos\u201d.<\/p>\n\n\n\n<p>Del mismo modo, el seremi Carrasco apunt\u00f3 que \u201ceste proyecto tambi\u00e9n va a permitir un nuevo sistema de financiamiento de la educaci\u00f3n superior que posibilite que los profesionales que egresen, &nbsp;destinen el total de sus capacidades en un gran proyecto de desarrollo regional y no est\u00e9n agobiados por las deudas del sistema bancario\u201d.<\/p>\n","protected":false},"excerpt":{"rendered":"Este viernes en el Teatro Municipal de Graneros, se retom\u00f3 la iniciativa desarrollada entre las secretar\u00edas ministeriales de&hellip;\n","protected":false},"author":1,"featured_media":5076,"comment_status":"open","ping_status":"open","sticky":false,"template":"","format":"standard","meta":{"_monsterinsights_skip_tracking":false,"_monsterinsights_sitenote_active":false,"_monsterinsights_sitenote_note":"","_monsterinsights_sitenote_category":0,"footnotes":""},"categories":[8],"tags":[],"class_list":{"0":"post-5073","1":"post","2":"type-post","3":"status-publish","4":"format-standard","5":"has-post-thumbnail","7":"category-portada"},"aioseo_notices":[],"_links":{"self":[{"href":"https:\/\/www.rengoenlanoticia.cl\/prensa\/wp-json\/wp\/v2\/posts\/5073","targetHints":{"allow":["GET"]}}],"collection":[{"href":"https:\/\/www.rengoenlanoticia.cl\/prensa\/wp-json\/wp\/v2\/posts"}],"about":[{"href":"https:\/\/www.rengoenlanoticia.cl\/prensa\/wp-json\/wp\/v2\/types\/post"}],"author":[{"embeddable":true,"href":"https:\/\/www.rengoenlanoticia.cl\/prensa\/wp-json\/wp\/v2\/users\/1"}],"replies":[{"embeddable":true,"href":"https:\/\/www.rengoenlanoticia.cl\/prensa\/wp-json\/wp\/v2\/comments?post=5073"}],"version-history":[{"count":3,"href":"https:\/\/www.rengoenlanoticia.cl\/prensa\/wp-json\/wp\/v2\/posts\/5073\/revisions"}],"predecessor-version":[{"id":5088,"href":"https:\/\/www.rengoenlanoticia.cl\/prensa\/wp-json\/wp\/v2\/posts\/5073\/revisions\/5088"}],"wp:featuredmedia":[{"embeddable":true,"href":"https:\/\/www.rengoenlanoticia.cl\/prensa\/wp-json\/wp\/v2\/media\/5076"}],"wp:attachment":[{"href":"https:\/\/www.rengoenlanoticia.cl\/prensa\/wp-json\/wp\/v2\/media?parent=5073"}],"wp:term":[{"taxonomy":"category","embeddable":true,"href":"https:\/\/www.rengoenlanoticia.cl\/prensa\/wp-json\/wp\/v2\/categories?post=5073"},{"taxonomy":"post_tag","embeddable":true,"href":"https:\/\/www.rengoenlanoticia.cl\/prensa\/wp-json\/wp\/v2\/tags?post=5073"}],"curies":[{"name":"wp","href":"https:\/\/api.w.org\/{rel}","templated":true}]}}