{"id":5063,"date":"2025-08-09T20:37:55","date_gmt":"2025-08-09T20:37:55","guid":{"rendered":"https:\/\/www.rengoenlanoticia.cl\/prensa\/?p=5063"},"modified":"2025-08-09T20:38:04","modified_gmt":"2025-08-09T20:38:04","slug":"protegiendo-el-futuro-hospital-de-graneros-comenzo-vacunacion-en-establecimientos-educacionales","status":"publish","type":"post","link":"https:\/\/www.rengoenlanoticia.cl\/prensa\/2025\/08\/09\/protegiendo-el-futuro-hospital-de-graneros-comenzo-vacunacion-en-establecimientos-educacionales\/","title":{"rendered":"Protegiendo el Futuro: Hospital de Graneros comenz\u00f3 vacunaci\u00f3n en establecimientos educacionales"},"content":{"rendered":"\n<p>El operativo busca proteger a ni\u00f1as, ni\u00f1os y adolescentes contra enfermedades inmunoprevenibles, con apoyo de la comunidad escolar.<\/p>\n\n\n\n<p>El Hospital Comunitario de Graneros comenz\u00f3 esta semana la Estrategia de Vacunaci\u00f3n Escolar 2025, visitando directamente los establecimientos educacionales de la comuna para facilitar el acceso de ni\u00f1as, ni\u00f1os y adolescentes a esta importante medida de prevenci\u00f3n.<\/p>\n\n\n\n<p>La iniciativa, impulsada por el Departamento de Inmunizaciones del Ministerio de Salud, tiene como principal objetivo proteger a la poblaci\u00f3n en edad escolar frente a diversas enfermedades inmunoprevenibles, como el sarampi\u00f3n, la rub\u00e9ola, el t\u00e9tanos, entre otras, mediante la aplicaci\u00f3n de vacunas establecidas en el calendario nacional.<\/p>\n\n\n\n<figure class=\"wp-block-image size-full\"><img loading=\"lazy\" decoding=\"async\" width=\"705\" height=\"439\" src=\"https:\/\/www.rengoenlanoticia.cl\/prensa\/wp-content\/uploads\/2025\/08\/WhatsApp-Image-2025-08-08-at-20.51.47.jpeg\" alt=\"\" class=\"wp-image-5065\" srcset=\"https:\/\/www.rengoenlanoticia.cl\/prensa\/wp-content\/uploads\/2025\/08\/WhatsApp-Image-2025-08-08-at-20.51.47.jpeg 705w, https:\/\/www.rengoenlanoticia.cl\/prensa\/wp-content\/uploads\/2025\/08\/WhatsApp-Image-2025-08-08-at-20.51.47-300x187.jpeg 300w, https:\/\/www.rengoenlanoticia.cl\/prensa\/wp-content\/uploads\/2025\/08\/WhatsApp-Image-2025-08-08-at-20.51.47-110x68.jpeg 110w, https:\/\/www.rengoenlanoticia.cl\/prensa\/wp-content\/uploads\/2025\/08\/WhatsApp-Image-2025-08-08-at-20.51.47-200x125.jpeg 200w, https:\/\/www.rengoenlanoticia.cl\/prensa\/wp-content\/uploads\/2025\/08\/WhatsApp-Image-2025-08-08-at-20.51.47-380x237.jpeg 380w, https:\/\/www.rengoenlanoticia.cl\/prensa\/wp-content\/uploads\/2025\/08\/WhatsApp-Image-2025-08-08-at-20.51.47-255x159.jpeg 255w, https:\/\/www.rengoenlanoticia.cl\/prensa\/wp-content\/uploads\/2025\/08\/WhatsApp-Image-2025-08-08-at-20.51.47-550x342.jpeg 550w\" sizes=\"auto, (max-width: 705px) 100vw, 705px\" \/><\/figure>\n\n\n\n<p>Desde esta semana, el equipo del vacunatorio se est\u00e1 desplegando en los colegios para llevar a cabo la inmunizaci\u00f3n en un entorno seguro y cercano, coordinando previamente con los establecimientos educativos y contando con el consentimiento informado de madres, padres y apoderados.<\/p>\n\n\n\n<p>Los grupos objetivos son primero b\u00e1sico: Vacuna triple v\u00edrica (sarampi\u00f3n, rub\u00e9ola y paperas); cuarto b\u00e1sico: Vacuna contra el Virus del Papiloma Humano (VPH), y octavo b\u00e1sico: Refuerzo DTPa (difteria, t\u00e9tanos y tos convulsiva).<\/p>\n\n\n\n<p>\u201cEl compromiso del hospital es acercar la salud a la comunidad. Sabemos que la vacunaci\u00f3n es una de las herramientas m\u00e1s eficaces para cuidar a nuestros ni\u00f1os y ni\u00f1as, y por eso llegamos a los colegios, facilitando este proceso de manera oportuna y organizada\u201d, se\u00f1al\u00f3 el director del Hospital Comunitario de Graneros, Dr. Mauricio Aedo.<\/p>\n\n\n\n<p>Seg\u00fan el cronograma establecido, \u201cel operativo contempla la visita a 14 establecimientos educacionales de la comuna entre el 5 de agosto y el 14 de septiembre, cubriendo de manera progresiva a los cursos y grupos priorizados seg\u00fan las directrices del Ministerio de Salud. A estos 14 colegios se ir\u00e1n sumando otros durante las pr\u00f3ximas semanas\u201d, indic\u00f3 el director.<\/p>\n\n\n\n<p>Asimismo, Aedo reiter\u00f3 el llamado a los apoderados a colaborar con esta campa\u00f1a, firmando las autorizaciones correspondientes, \u201cpues con ello protegemos a nuestros hijos, sus comunidades escolares y contribuimos a mantener controladas enfermedades que pueden prevenirse con vacunas\u201d.<\/p>\n\n\n\n<p>Por su parte, la subdirectora m\u00e9dica del Hospital, <strong>Dra. Fernanda Anich<\/strong>, resalt\u00f3 que<strong> \u201cla vacunaci\u00f3n en etapa escolar es una estrategia fundamental de salud p\u00fablica, ya que permite mantener coberturas \u00f3ptimas y proteger a la poblaci\u00f3n infantil y adolescente frente a enfermedades inmunoprevenibles. Implementar este operativo en los establecimientos educacionales mejora la adherencia y garantiza una administraci\u00f3n segura y supervisada de las dosis seg\u00fan el calendario nacional\u201d.<\/strong><\/p>\n","protected":false},"excerpt":{"rendered":"El operativo busca proteger a ni\u00f1as, ni\u00f1os y adolescentes contra enfermedades inmunoprevenibles, con apoyo de la comunidad escolar.&hellip;\n","protected":false},"author":1,"featured_media":5064,"comment_status":"open","ping_status":"open","sticky":false,"template":"","format":"standard","meta":{"_monsterinsights_skip_tracking":false,"_monsterinsights_sitenote_active":false,"_monsterinsights_sitenote_note":"","_monsterinsights_sitenote_category":0,"footnotes":""},"categories":[8],"tags":[],"class_list":{"0":"post-5063","1":"post","2":"type-post","3":"status-publish","4":"format-standard","5":"has-post-thumbnail","7":"category-portada"},"aioseo_notices":[],"_links":{"self":[{"href":"https:\/\/www.rengoenlanoticia.cl\/prensa\/wp-json\/wp\/v2\/posts\/5063","targetHints":{"allow":["GET"]}}],"collection":[{"href":"https:\/\/www.rengoenlanoticia.cl\/prensa\/wp-json\/wp\/v2\/posts"}],"about":[{"href":"https:\/\/www.rengoenlanoticia.cl\/prensa\/wp-json\/wp\/v2\/types\/post"}],"author":[{"embeddable":true,"href":"https:\/\/www.rengoenlanoticia.cl\/prensa\/wp-json\/wp\/v2\/users\/1"}],"replies":[{"embeddable":true,"href":"https:\/\/www.rengoenlanoticia.cl\/prensa\/wp-json\/wp\/v2\/comments?post=5063"}],"version-history":[{"count":3,"href":"https:\/\/www.rengoenlanoticia.cl\/prensa\/wp-json\/wp\/v2\/posts\/5063\/revisions"}],"predecessor-version":[{"id":5074,"href":"https:\/\/www.rengoenlanoticia.cl\/prensa\/wp-json\/wp\/v2\/posts\/5063\/revisions\/5074"}],"wp:featuredmedia":[{"embeddable":true,"href":"https:\/\/www.rengoenlanoticia.cl\/prensa\/wp-json\/wp\/v2\/media\/5064"}],"wp:attachment":[{"href":"https:\/\/www.rengoenlanoticia.cl\/prensa\/wp-json\/wp\/v2\/media?parent=5063"}],"wp:term":[{"taxonomy":"category","embeddable":true,"href":"https:\/\/www.rengoenlanoticia.cl\/prensa\/wp-json\/wp\/v2\/categories?post=5063"},{"taxonomy":"post_tag","embeddable":true,"href":"https:\/\/www.rengoenlanoticia.cl\/prensa\/wp-json\/wp\/v2\/tags?post=5063"}],"curies":[{"name":"wp","href":"https:\/\/api.w.org\/{rel}","templated":true}]}}