{"id":5049,"date":"2025-08-09T20:21:24","date_gmt":"2025-08-09T20:21:24","guid":{"rendered":"https:\/\/www.rengoenlanoticia.cl\/prensa\/?p=5049"},"modified":"2025-08-09T20:21:25","modified_gmt":"2025-08-09T20:21:25","slug":"premio-inspiratec-extiende-plazo-de-postulacion-mas-oportunidades-para-visibilizar-el-talento-femenino-en-stem","status":"publish","type":"post","link":"https:\/\/www.rengoenlanoticia.cl\/prensa\/2025\/08\/09\/premio-inspiratec-extiende-plazo-de-postulacion-mas-oportunidades-para-visibilizar-el-talento-femenino-en-stem\/","title":{"rendered":"\u201cPremio InspiraTEC extiende plazo de postulaci\u00f3n: m\u00e1s oportunidades para visibilizar el talento femenino en STEM\u201d"},"content":{"rendered":"\n<p>Este galard\u00f3n premia a mujeres en tres categor\u00edas distintas y reconoce la creaci\u00f3n de proyectos, productos o servicios innovadores que aborden los desaf\u00edos de desarrollo productivo sostenible.<\/p>\n\n\n\n<p>El Premio InspiraTEC es un reconocimiento que busca visibilizar a ni\u00f1as, j\u00f3venes y mujeres que desarrollen proyectos y emprendimientos en \u00e1reas STEM (Ciencia, Tecnolog\u00eda, Ingenier\u00eda y Matem\u00e1ticas), con el objetivo de contribuir a reducir las brechas de participaci\u00f3n femenina en sectores donde suele haber mayor presencia masculina.<\/p>\n\n\n\n<p>En esta oportunidad, la convocatoria se extendi\u00f3 hasta el jueves 14 de agosto, permitiendo que sean m\u00e1s mujeres las que presenten sus proyectos y, as\u00ed, se inspire a otras a emprender en STEM.<\/p>\n\n\n\n<p>La jefa de la Divisi\u00f3n de Empresas de Menor Tama\u00f1o, Gabriela Jorquera, se refiri\u00f3 a la importancia de este reconocimiento: \u201cVisibilizar e incentivar la participaci\u00f3n de mujeres en STEM es sumamente relevante, ya que esta es un \u00e1rea altamente masculinizada y es donde los emprendimientos y empresas tienen un mayor potencial de crecimiento, de generar empleos de calidad, mejores ingresos, y poder enfrentar de mejor manera los desaf\u00edos del futuro\u201d.<\/p>\n\n\n\n<p>El SEREMI de Econom\u00eda de la Regi\u00f3n de O\u2019Higgins, Dar\u00edo Garc\u00eda, destac\u00f3 la relevancia de la convocatoria en el contexto regional: \u00abEn nuestra regi\u00f3n tenemos un enorme talento femenino que muchas veces no cuenta con el mismo nivel de visibilidad o apoyo que otros sectores. Este premio es una oportunidad para reconocer y potenciar esas ideas innovadoras que no solo generan valor econ\u00f3mico, sino que tambi\u00e9n aportan al desarrollo sostenible y a la transformaci\u00f3n productiva de nuestros territorios.\u00bb<\/p>\n\n\n\n<p>Las premiadas recibir\u00e1n un reconocimiento p\u00fablico por parte de la Subsecretar\u00eda de Econom\u00eda y Empresas de Menor Tama\u00f1o y, adem\u00e1s, tanto las ganadoras como las postulantes, pasar\u00e1n a formar parte de la Red InspiraTEC. Esto les permitir\u00e1 acceder a informaci\u00f3n de programas y actividades con foco en g\u00e9nero, emprendimientos, internacionalizaci\u00f3n e innovaci\u00f3n.<\/p>\n\n\n\n<p><strong>\u00bfQui\u00e9nes pueden postular?<\/strong><\/p>\n\n\n\n<p>El Premio InspiraTEC cuenta con tres categor\u00edas:<\/p>\n\n\n\n<p><strong>Joven Inspiradora:<\/strong> dirigida a ni\u00f1as y j\u00f3venes que est\u00e9n cursando entre s\u00e9ptimo b\u00e1sico y cuarto medio, que sean destacadas por su liderazgo y\/o participaci\u00f3n en iniciativas o emprendimientos de base STEM.<\/p>\n\n\n\n<p><strong>Emprendedora STEM<\/strong>: para due\u00f1as o socias con un 25% m\u00ednimo de participaci\u00f3n en emprendimientos de base STEM, o l\u00edderes de cooperativas de base STEM en etapa inicial con o sin ventas y hasta 5 a\u00f1os de antig\u00fcedad.<\/p>\n\n\n\n<p><strong>Empresaria STEM: <\/strong>dirigida a due\u00f1as o socias de empresas de base STEM con un 25% m\u00ednimo de participaci\u00f3n, o l\u00edderes de cooperativas de base STEM que innoven en dichas \u00e1reas, con antig\u00fcedad m\u00ednima de 5 a\u00f1os desde su inicio de actividades en primera categor\u00eda ante el SII.<\/p>\n\n\n\n<p>El Premio InspiraTEC es apoyado por entes p\u00fablicos y privados: Subsecretar\u00edas de Ciencia, Tecnolog\u00eda, Conocimiento e Innovaci\u00f3n, Subsecretar\u00eda de la Mujer y Equidad de G\u00e9nero, Subsecretar\u00eda de Relaciones Econ\u00f3micas Internacionales, Corfo, ProChile, Inapi, Centro de Innovaci\u00f3n del Mineduc, Fundaci\u00f3n Pa\u00eds Digital, Comunidad Mujer, Mujeres Empresarias, Kodea, Ingeniosas, Technovation, Tremendas, Emprende Tu Mente, Claro Empresas, Transbank, Google y Banco Estado.<\/p>\n\n\n\n<p><strong>Toda la informaci\u00f3n acerca de c\u00f3mo postular se encuentra disponible en www.premioinspiratec.cl.<\/strong><\/p>\n","protected":false},"excerpt":{"rendered":"Este galard\u00f3n premia a mujeres en tres categor\u00edas distintas y reconoce la creaci\u00f3n de proyectos, productos o servicios&hellip;\n","protected":false},"author":2,"featured_media":5050,"comment_status":"open","ping_status":"open","sticky":false,"template":"","format":"standard","meta":{"_monsterinsights_skip_tracking":false,"_monsterinsights_sitenote_active":false,"_monsterinsights_sitenote_note":"","_monsterinsights_sitenote_category":0,"footnotes":""},"categories":[8],"tags":[],"class_list":{"0":"post-5049","1":"post","2":"type-post","3":"status-publish","4":"format-standard","5":"has-post-thumbnail","7":"category-portada"},"aioseo_notices":[],"_links":{"self":[{"href":"https:\/\/www.rengoenlanoticia.cl\/prensa\/wp-json\/wp\/v2\/posts\/5049","targetHints":{"allow":["GET"]}}],"collection":[{"href":"https:\/\/www.rengoenlanoticia.cl\/prensa\/wp-json\/wp\/v2\/posts"}],"about":[{"href":"https:\/\/www.rengoenlanoticia.cl\/prensa\/wp-json\/wp\/v2\/types\/post"}],"author":[{"embeddable":true,"href":"https:\/\/www.rengoenlanoticia.cl\/prensa\/wp-json\/wp\/v2\/users\/2"}],"replies":[{"embeddable":true,"href":"https:\/\/www.rengoenlanoticia.cl\/prensa\/wp-json\/wp\/v2\/comments?post=5049"}],"version-history":[{"count":3,"href":"https:\/\/www.rengoenlanoticia.cl\/prensa\/wp-json\/wp\/v2\/posts\/5049\/revisions"}],"predecessor-version":[{"id":5055,"href":"https:\/\/www.rengoenlanoticia.cl\/prensa\/wp-json\/wp\/v2\/posts\/5049\/revisions\/5055"}],"wp:featuredmedia":[{"embeddable":true,"href":"https:\/\/www.rengoenlanoticia.cl\/prensa\/wp-json\/wp\/v2\/media\/5050"}],"wp:attachment":[{"href":"https:\/\/www.rengoenlanoticia.cl\/prensa\/wp-json\/wp\/v2\/media?parent=5049"}],"wp:term":[{"taxonomy":"category","embeddable":true,"href":"https:\/\/www.rengoenlanoticia.cl\/prensa\/wp-json\/wp\/v2\/categories?post=5049"},{"taxonomy":"post_tag","embeddable":true,"href":"https:\/\/www.rengoenlanoticia.cl\/prensa\/wp-json\/wp\/v2\/tags?post=5049"}],"curies":[{"name":"wp","href":"https:\/\/api.w.org\/{rel}","templated":true}]}}