{"id":5048,"date":"2025-08-09T20:24:54","date_gmt":"2025-08-09T20:24:54","guid":{"rendered":"https:\/\/www.rengoenlanoticia.cl\/prensa\/?p=5048"},"modified":"2025-08-09T20:25:26","modified_gmt":"2025-08-09T20:25:26","slug":"ocupacion-aumenta-respecto-del-ano-2024-pero-disminuye-al-compararse-con-el-trimestre-anterior","status":"publish","type":"post","link":"https:\/\/www.rengoenlanoticia.cl\/prensa\/2025\/08\/09\/ocupacion-aumenta-respecto-del-ano-2024-pero-disminuye-al-compararse-con-el-trimestre-anterior\/","title":{"rendered":"Ocupaci\u00f3n aumenta respecto del a\u00f1o 2024 pero disminuye al compararse con el trimestre anterior"},"content":{"rendered":"\n<p>\u00a0El PIB regional aument\u00f3 en un 4,2%\u00a0entre el primer trimestre de 2024 y el del 2025.<\/p>\n\n\n\n<p>Como era de esperarse en el inicio del segundo trimestre del 2025 (abril, mayo, junio), el mercado laboral en la Regi\u00f3n de O\u2019Higgins muestra una din\u00e1mica estacional que empuja la ocupaci\u00f3n a la baja.<\/p>\n\n\n\n<p>As\u00ed se desprende del an\u00e1lisis que realiz\u00f3 el equipo del Observatorio Laboral de O\u2019Higgins, una iniciativa de la Subsecretar\u00eda del Trabajo que ejecuta la Universidad de O\u2019Higgins, a trav\u00e9s del bolet\u00edn Term\u00f3metro Laboral, que examina mensualmente los principales indicadores econ\u00f3micos del mercado laboral.<\/p>\n\n\n\n<p>La tasa de ocupaci\u00f3n regional, de 52,8%, reflej\u00f3 una disminuci\u00f3n de -0,7 puntos porcentuales (p.p.) respecto de la medici\u00f3n del trimestre anterior, sin embargo, al compararla con el mismo trimestre del 2024, se aprecia una recuperaci\u00f3n interanual de 0,4 p.p.<\/p>\n\n\n\n<p>La situaci\u00f3n estacional del segundo trimestre est\u00e1 \u201cdeterminada principalmente por las actividades agr\u00edcolas y las ocupaciones del comercio, aunque la comparaci\u00f3n interanual es positiva\u201d, se\u00f1ala al respecto el Seremi del Trabajo y Previsi\u00f3n Social, Jaime Chamorro Galdames.<\/p>\n\n\n\n<p>Siempre en el indicador de la ocupaci\u00f3n, las cifras muestran una disminuci\u00f3n mensual en hombres y mujeres con -1,1 p.p. y -0,3 p.p., respectivamente.<\/p>\n\n\n\n<p>Una buena noticia se produjo al analizar el Producto Interno Bruto (PIB) regional ya que entre el primer trimestre de 2024 y el primer trimestre de 2025, existe una variaci\u00f3n positiva de 4,2%.<\/p>\n\n\n\n<p>Por su lado el PIB Industrial, una de las actividades que m\u00e1s aumenta en empleo, en el mismo per\u00edodo, creci\u00f3 5,1%, lo que coincide con una variaci\u00f3n anual positiva, de 21,2%, en las personas ocupadas del sector.<\/p>\n\n\n\n<p>Si quieres conocer el an\u00e1lisis de los principales indicadores econ\u00f3micos del mercado laboral en O\u2019Higgins, hay que acceder al sitio web&nbsp;<a href=\"https:\/\/www.subtrab.gob.cl\/tlr\/\" target=\"_blank\" rel=\"noreferrer noopener\">https:\/\/www.subtrab.gob.cl\/tlr\/<\/a><\/p>\n","protected":false},"excerpt":{"rendered":"\u00a0El PIB regional aument\u00f3 en un 4,2%\u00a0entre el primer trimestre de 2024 y el del 2025. Como era&hellip;\n","protected":false},"author":2,"featured_media":5052,"comment_status":"open","ping_status":"open","sticky":false,"template":"","format":"standard","meta":{"_monsterinsights_skip_tracking":false,"_monsterinsights_sitenote_active":false,"_monsterinsights_sitenote_note":"","_monsterinsights_sitenote_category":0,"footnotes":""},"categories":[8],"tags":[],"class_list":{"0":"post-5048","1":"post","2":"type-post","3":"status-publish","4":"format-standard","5":"has-post-thumbnail","7":"category-portada"},"aioseo_notices":[],"_links":{"self":[{"href":"https:\/\/www.rengoenlanoticia.cl\/prensa\/wp-json\/wp\/v2\/posts\/5048","targetHints":{"allow":["GET"]}}],"collection":[{"href":"https:\/\/www.rengoenlanoticia.cl\/prensa\/wp-json\/wp\/v2\/posts"}],"about":[{"href":"https:\/\/www.rengoenlanoticia.cl\/prensa\/wp-json\/wp\/v2\/types\/post"}],"author":[{"embeddable":true,"href":"https:\/\/www.rengoenlanoticia.cl\/prensa\/wp-json\/wp\/v2\/users\/2"}],"replies":[{"embeddable":true,"href":"https:\/\/www.rengoenlanoticia.cl\/prensa\/wp-json\/wp\/v2\/comments?post=5048"}],"version-history":[{"count":3,"href":"https:\/\/www.rengoenlanoticia.cl\/prensa\/wp-json\/wp\/v2\/posts\/5048\/revisions"}],"predecessor-version":[{"id":5057,"href":"https:\/\/www.rengoenlanoticia.cl\/prensa\/wp-json\/wp\/v2\/posts\/5048\/revisions\/5057"}],"wp:featuredmedia":[{"embeddable":true,"href":"https:\/\/www.rengoenlanoticia.cl\/prensa\/wp-json\/wp\/v2\/media\/5052"}],"wp:attachment":[{"href":"https:\/\/www.rengoenlanoticia.cl\/prensa\/wp-json\/wp\/v2\/media?parent=5048"}],"wp:term":[{"taxonomy":"category","embeddable":true,"href":"https:\/\/www.rengoenlanoticia.cl\/prensa\/wp-json\/wp\/v2\/categories?post=5048"},{"taxonomy":"post_tag","embeddable":true,"href":"https:\/\/www.rengoenlanoticia.cl\/prensa\/wp-json\/wp\/v2\/tags?post=5048"}],"curies":[{"name":"wp","href":"https:\/\/api.w.org\/{rel}","templated":true}]}}