{"id":5037,"date":"2025-08-09T20:15:02","date_gmt":"2025-08-09T20:15:02","guid":{"rendered":"https:\/\/www.rengoenlanoticia.cl\/prensa\/?p=5037"},"modified":"2025-08-09T20:15:04","modified_gmt":"2025-08-09T20:15:04","slug":"sence-ohiggins-impulsa-el-desarrollo-regional-mas-de-76-mil-personas-mejoraron-su-futuro-laboral-en-2024-gracias-a-una-gestion-historica","status":"publish","type":"post","link":"https:\/\/www.rengoenlanoticia.cl\/prensa\/2025\/08\/09\/sence-ohiggins-impulsa-el-desarrollo-regional-mas-de-76-mil-personas-mejoraron-su-futuro-laboral-en-2024-gracias-a-una-gestion-historica\/","title":{"rendered":"SENCE O\u2019Higgins impulsa el desarrollo regional: m\u00e1s de 76 mil personas mejoraron su futuro laboral en 2024 gracias a una gesti\u00f3n hist\u00f3rica"},"content":{"rendered":"\n<p><strong>El servicio present\u00f3 su Cuenta P\u00fablica Participativa, revelando una inversi\u00f3n estrat\u00e9gica que, a trav\u00e9s de la capacitaci\u00f3n, la intermediaci\u00f3n y alianzas clave con el mundo privado y acad\u00e9mico, est\u00e1 transformando la calidad de vida de miles de familias en O&#8217;Higgins.<\/strong><\/p>\n\n\n\n<p> M\u00e1s que cifras, son historias de superaci\u00f3n, nuevas oportunidades y un futuro m\u00e1s pr\u00f3spero para la Regi\u00f3n de O&#8217;Higgins. En una contundente Cuenta P\u00fablica Participativa 2025 celebrada en el Teatro Municipal de San Fernando, el Servicio Nacional de Capacitaci\u00f3n y Empleo (SENCE) revel\u00f3 el impacto de su gesti\u00f3n durante 2024: m\u00e1s de <strong>76,000 personas<\/strong> fueron beneficiadas directamente a trav\u00e9s de sus programas, gracias a una ejecuci\u00f3n presupuestaria que super\u00f3 los <strong>$2.650 millones<\/strong>.<\/p>\n\n\n\n<figure class=\"wp-block-image size-full\"><img loading=\"lazy\" decoding=\"async\" width=\"1024\" height=\"683\" src=\"https:\/\/www.rengoenlanoticia.cl\/prensa\/wp-content\/uploads\/2025\/08\/IMG_9612.jpg\" alt=\"\" class=\"wp-image-5041\" srcset=\"https:\/\/www.rengoenlanoticia.cl\/prensa\/wp-content\/uploads\/2025\/08\/IMG_9612.jpg 1024w, https:\/\/www.rengoenlanoticia.cl\/prensa\/wp-content\/uploads\/2025\/08\/IMG_9612-300x200.jpg 300w, https:\/\/www.rengoenlanoticia.cl\/prensa\/wp-content\/uploads\/2025\/08\/IMG_9612-768x512.jpg 768w, https:\/\/www.rengoenlanoticia.cl\/prensa\/wp-content\/uploads\/2025\/08\/IMG_9612-110x73.jpg 110w, https:\/\/www.rengoenlanoticia.cl\/prensa\/wp-content\/uploads\/2025\/08\/IMG_9612-200x133.jpg 200w, https:\/\/www.rengoenlanoticia.cl\/prensa\/wp-content\/uploads\/2025\/08\/IMG_9612-380x253.jpg 380w, https:\/\/www.rengoenlanoticia.cl\/prensa\/wp-content\/uploads\/2025\/08\/IMG_9612-255x170.jpg 255w, https:\/\/www.rengoenlanoticia.cl\/prensa\/wp-content\/uploads\/2025\/08\/IMG_9612-550x367.jpg 550w, https:\/\/www.rengoenlanoticia.cl\/prensa\/wp-content\/uploads\/2025\/08\/IMG_9612-800x534.jpg 800w\" sizes=\"auto, (max-width: 1024px) 100vw, 1024px\" \/><\/figure>\n\n\n\n<p>El evento, encabezado por la directora regional, Doris Rodr\u00edguez, y con la presencia de destacadas autoridades como el Seremi del Trabajo, Jaime Chamorro, y el Seremi de Econom\u00eda, Dar\u00edo Garc\u00eda, no fue solo una rendici\u00f3n de cuentas, sino la celebraci\u00f3n de un modelo de trabajo colaborativo que est\u00e1 fortaleciendo el motor productivo de la regi\u00f3n.<\/p>\n\n\n\n<p>\u201cCada peso invertido se ha traducido en una oportunidad real para un habitante de O&#8217;Higgins\u201d, afirm\u00f3 la directora Doris Rodr\u00edguez. \u201cDestacamos hitos in\u00e9ditos, como la formaci\u00f3n de 92 recicladores de base que hoy profesionalizan una labor esencial. Nos enorgullece el cumplimiento hist\u00f3rico de nuestras OMIL, que se posicionaron en el primer lugar nacional con m\u00e1s de un 98% de sus metas logradas. Y vemos con gran satisfacci\u00f3n c\u00f3mo la alianza con el sector privado, a trav\u00e9s de la Franquicia Tributaria, moviliz\u00f3 m\u00e1s de 7 mil millones de pesos en capacitaci\u00f3n. Estamos orgullosos, pero, sobre todo, comprometidos con los desaf\u00edos que nos trae el 2025\u201d.<\/p>\n\n\n\n<figure class=\"wp-block-image size-full\"><img loading=\"lazy\" decoding=\"async\" width=\"1024\" height=\"683\" src=\"https:\/\/www.rengoenlanoticia.cl\/prensa\/wp-content\/uploads\/2025\/08\/IMG_9715.jpg\" alt=\"\" class=\"wp-image-5042\" srcset=\"https:\/\/www.rengoenlanoticia.cl\/prensa\/wp-content\/uploads\/2025\/08\/IMG_9715.jpg 1024w, https:\/\/www.rengoenlanoticia.cl\/prensa\/wp-content\/uploads\/2025\/08\/IMG_9715-300x200.jpg 300w, https:\/\/www.rengoenlanoticia.cl\/prensa\/wp-content\/uploads\/2025\/08\/IMG_9715-768x512.jpg 768w, https:\/\/www.rengoenlanoticia.cl\/prensa\/wp-content\/uploads\/2025\/08\/IMG_9715-110x73.jpg 110w, https:\/\/www.rengoenlanoticia.cl\/prensa\/wp-content\/uploads\/2025\/08\/IMG_9715-200x133.jpg 200w, https:\/\/www.rengoenlanoticia.cl\/prensa\/wp-content\/uploads\/2025\/08\/IMG_9715-380x253.jpg 380w, https:\/\/www.rengoenlanoticia.cl\/prensa\/wp-content\/uploads\/2025\/08\/IMG_9715-255x170.jpg 255w, https:\/\/www.rengoenlanoticia.cl\/prensa\/wp-content\/uploads\/2025\/08\/IMG_9715-550x367.jpg 550w, https:\/\/www.rengoenlanoticia.cl\/prensa\/wp-content\/uploads\/2025\/08\/IMG_9715-800x534.jpg 800w\" sizes=\"auto, (max-width: 1024px) 100vw, 1024px\" \/><\/figure>\n\n\n\n<p><strong>UNA ALIANZA P\u00daBLICO-PRIVADA QUE RINDE FRUTOS: LA FUERZA DE LA INTERMEDIACI\u00d3N LABORAL<\/strong><\/p>\n\n\n\n<p>El coraz\u00f3n del \u00e9xito de SENCE O&#8217;Higgins radica en su capacidad para conectar mundos. La red de <strong>32 Oficinas Municipales de Informaci\u00f3n Laboral (OMIL)<\/strong> se consolid\u00f3 como el principal puente entre quienes buscan empleo y las empresas que lo ofrecen.<\/p>\n\n\n\n<p>Durante 2024, las OMIL atendieron a <strong>36.311 personas<\/strong>. Pero el dato m\u00e1s revelador es que su gesti\u00f3n deriv\u00f3 en la contrataci\u00f3n efectiva de <strong>14.535 trabajadores y trabajadoras<\/strong>. Esto se traduce directamente en m\u00e1s de 14 mil familias con un nuevo ingreso, estabilidad y la posibilidad de proyectar un mejor futuro. Este logro, que les vali\u00f3 el primer lugar a nivel nacional, fue posible gracias a una inversi\u00f3n p\u00fablica de m\u00e1s de $1.065 millones que financi\u00f3 21 ferias laborales, 176 talleres de preparaci\u00f3n y 83 reclutamientos masivos en toda la regi\u00f3n.<\/p>\n\n\n\n<p>Paralelamente, la <strong>Franquicia Tributaria<\/strong> demostr\u00f3 ser una herramienta de desarrollo sin precedentes. Un total de <strong>1.119 empresas<\/strong> de la regi\u00f3n utilizaron este beneficio para capacitar a <strong>41.013 de sus colaboradores<\/strong>, posicionando a O&#8217;Higgins como la cuarta regi\u00f3n con mayor uso de este instrumento a nivel nacional. Esta sinergia no solo mejora la productividad empresarial, sino que invierte directamente en el capital humano local.<\/p>\n\n\n\n<p><strong>CERRANDO BRECHAS, ABRIENDO OPORTUNIDADES: UN SENCE INCLUSIVO<\/strong><\/p>\n\n\n\n<p>La gesti\u00f3n 2024 tuvo un foco claro: que nadie se quede atr\u00e1s. SENCE O&#8217;Higgins avanz\u00f3 decididamente para terminar con las brechas de g\u00e9nero. Prueba de ello es que, del total de personas capacitadas mediante <strong>Becas Laborales y Becas OTIC<\/strong>, un <strong>75% fueron mujeres<\/strong>, abriendo puertas en sectores tradicionalmente masculinizados y fomentando su autonom\u00eda econ\u00f3mica.<\/p>\n\n\n\n<p>Asimismo, se destacaron programas innovadores y con alto sentido social:<\/p>\n\n\n\n<ul class=\"wp-block-list\">\n<li><strong>Recicladores de Base:<\/strong> 92 personas de 21 comunas se certificaron, dignificando y profesionalizando una labor crucial para la sostenibilidad ambiental de la regi\u00f3n.<\/li>\n\n\n\n<li><strong>Fortalecimiento del Turismo:<\/strong> Se capacit\u00f3 a 60 personas en oficios clave para destinos como Pichilemu, Navidad y Santa Cruz, y se certificaron las competencias de 60 gu\u00edas tur\u00edsticos, un impulso directo al desarrollo de uno de los pilares econ\u00f3micos de O&#8217;Higgins.<\/li>\n\n\n\n<li><strong>Inclusi\u00f3n Laboral:<\/strong> Se realizaron 649 evaluaciones funcionales a personas con discapacidad, facilitando su inserci\u00f3n en el mundo del trabajo de manera digna y adecuada a sus capacidades.<\/li>\n<\/ul>\n\n\n\n<p><strong>EDUCACI\u00d3N Y FUTURO: CONVENIOS ESTRAT\u00c9GICOS QUE TRAZAN CARRERAS<\/strong><\/p>\n\n\n\n<p>Mirando hacia el futuro, SENCE ha fortalecido sus lazos con el mundo acad\u00e9mico para crear trayectorias formativas con continuidad. Un ejemplo emblem\u00e1tico es el <strong>convenio con el CFT Estatal de O&#8217;Higgins<\/strong>.<\/p>\n\n\n\n<p>Gracias a esta alianza, 18 personas de San Vicente de Tagua Tagua no solo obtuvieron su certificaci\u00f3n en <strong>Electricidad Domiciliaria (Clase D)<\/strong>, sino que hoy tienen la oportunidad de continuar sus estudios en la carrera de Proyectos El\u00e9ctricos de Distribuci\u00f3n en la misma instituci\u00f3n. Este exitoso modelo, que combina capacitaci\u00f3n para el empleo con educaci\u00f3n superior, ya se est\u00e1 expandiendo a Pichilemu y San Fernando en 2025.<\/p>\n\n\n\n<p>La Cuenta P\u00fablica 2024 de SENCE O&#8217;Higgins deja un balance claro: m\u00e1s que un servicio, es un articulador estrat\u00e9gico que, a trav\u00e9s del di\u00e1logo con empresas, sindicatos, municipios y casas de estudio, est\u00e1 generando un impacto real y medible en el progreso de la regi\u00f3n y en la vida de cada una de las personas que conf\u00edan en la capacitaci\u00f3n como la mejor herramienta para crecer.<\/p>\n","protected":false},"excerpt":{"rendered":"El servicio present\u00f3 su Cuenta P\u00fablica Participativa, revelando una inversi\u00f3n estrat\u00e9gica que, a trav\u00e9s de la capacitaci\u00f3n, la&hellip;\n","protected":false},"author":2,"featured_media":5043,"comment_status":"open","ping_status":"open","sticky":false,"template":"","format":"standard","meta":{"_monsterinsights_skip_tracking":false,"_monsterinsights_sitenote_active":false,"_monsterinsights_sitenote_note":"","_monsterinsights_sitenote_category":0,"footnotes":""},"categories":[8],"tags":[],"class_list":{"0":"post-5037","1":"post","2":"type-post","3":"status-publish","4":"format-standard","5":"has-post-thumbnail","7":"category-portada"},"aioseo_notices":[],"_links":{"self":[{"href":"https:\/\/www.rengoenlanoticia.cl\/prensa\/wp-json\/wp\/v2\/posts\/5037","targetHints":{"allow":["GET"]}}],"collection":[{"href":"https:\/\/www.rengoenlanoticia.cl\/prensa\/wp-json\/wp\/v2\/posts"}],"about":[{"href":"https:\/\/www.rengoenlanoticia.cl\/prensa\/wp-json\/wp\/v2\/types\/post"}],"author":[{"embeddable":true,"href":"https:\/\/www.rengoenlanoticia.cl\/prensa\/wp-json\/wp\/v2\/users\/2"}],"replies":[{"embeddable":true,"href":"https:\/\/www.rengoenlanoticia.cl\/prensa\/wp-json\/wp\/v2\/comments?post=5037"}],"version-history":[{"count":3,"href":"https:\/\/www.rengoenlanoticia.cl\/prensa\/wp-json\/wp\/v2\/posts\/5037\/revisions"}],"predecessor-version":[{"id":5047,"href":"https:\/\/www.rengoenlanoticia.cl\/prensa\/wp-json\/wp\/v2\/posts\/5037\/revisions\/5047"}],"wp:featuredmedia":[{"embeddable":true,"href":"https:\/\/www.rengoenlanoticia.cl\/prensa\/wp-json\/wp\/v2\/media\/5043"}],"wp:attachment":[{"href":"https:\/\/www.rengoenlanoticia.cl\/prensa\/wp-json\/wp\/v2\/media?parent=5037"}],"wp:term":[{"taxonomy":"category","embeddable":true,"href":"https:\/\/www.rengoenlanoticia.cl\/prensa\/wp-json\/wp\/v2\/categories?post=5037"},{"taxonomy":"post_tag","embeddable":true,"href":"https:\/\/www.rengoenlanoticia.cl\/prensa\/wp-json\/wp\/v2\/tags?post=5037"}],"curies":[{"name":"wp","href":"https:\/\/api.w.org\/{rel}","templated":true}]}}