{"id":5035,"date":"2025-08-09T20:06:11","date_gmt":"2025-08-09T20:06:11","guid":{"rendered":"https:\/\/www.rengoenlanoticia.cl\/prensa\/?p=5035"},"modified":"2025-08-09T20:13:08","modified_gmt":"2025-08-09T20:13:08","slug":"subsecretaria-de-prevencion-del-delito-impulsa-herramientas-de-ia-y-analitica-avanzada-para-fortalecer-la-seguridad","status":"publish","type":"post","link":"https:\/\/www.rengoenlanoticia.cl\/prensa\/2025\/08\/09\/subsecretaria-de-prevencion-del-delito-impulsa-herramientas-de-ia-y-analitica-avanzada-para-fortalecer-la-seguridad\/","title":{"rendered":"Subsecretar\u00eda de Prevenci\u00f3n del Delito impulsa herramientas de IA y anal\u00edtica avanzada para fortalecer la seguridad"},"content":{"rendered":"\n<p><em>Iniciativas como el sistema SITIA buscan transformar la prevenci\u00f3n del delito en Chile mediante el uso de inteligencia artificial, videovigilancia inteligente y coordinaci\u00f3n interinstitucional<\/em>.<\/p>\n\n\n\n<p>En un escenario marcado por la alta demanda ciudadana por mayor seguridad, la Subsecretar\u00eda de Prevenci\u00f3n del Delito ha intensificado su apuesta por soluciones tecnol\u00f3gicas que permitan anticiparse al delito, mejorar la respuesta institucional y generar un impacto directo en la calidad de vida de las comunidades. A trav\u00e9s de herramientas como inteligencia artificial, an\u00e1lisis predictivo y videovigilancia avanzada, se busca fortalecer una prevenci\u00f3n m\u00e1s eficaz, con foco territorial y articulaci\u00f3n interinstitucional.<\/p>\n\n\n\n<p><em>\u201dNo basta con reaccionar ante el delito, necesitamos anticiparnos. La prevenci\u00f3n no es un tema de futuro, es una urgencia del presente. Por eso estamos incorporando tecnolog\u00eda que permita adelantarnos a los hechos, detectar patrones y desbaratar bandas antes de que act\u00faen\u201d<\/em>, explic\u00f3 Carolina Leitao, Subsecretaria de Prevenci\u00f3n del Delito, en el programa&nbsp;<em>Transformaci\u00f3n Clave&nbsp;<\/em>en Radio La Clave, en colaboraci\u00f3n con ACTI.<\/p>\n\n\n\n<p>Uno de los ejes de esta estrategia es el piloto&nbsp;<strong>SITIA<\/strong>, impulsado por la Subsecretar\u00eda de Prevenci\u00f3n del Delito y mandatado por compromiso presidencial en 2023. Se trata de una plataforma de inteligencia artificial que integra datos de m\u00faltiples fuentes \u2014lectores de patente, c\u00e1maras municipales, autopistas, centros comerciales\u2014 para generar modelos predictivos, automatizar patrullajes y apoyar investigaciones complejas, en colaboraci\u00f3n con Carabineros y la PDI.<\/p>\n\n\n\n<p><em>\u201cLa sensaci\u00f3n de inseguridad es un tema real, porque la violencia de los delitos ha aumentado. Ya no hablamos de autos robados mientras estaban estacionados, sino de portonazos a mano armada. Eso cambia la percepci\u00f3n de las personas, y por eso estamos incorporando IA en planes como \u2018Antiencerronas\u2019, que nos permiten reducir significativamente robos con intimidaci\u00f3n\u201d<\/em>, agreg\u00f3 Leitao.<\/p>\n\n\n\n<p>Esta transformaci\u00f3n tambi\u00e9n implica un trabajo coordinado con m\u00faltiples ministerios y organismos. La Subsecretar\u00eda lidera hoy un comit\u00e9 interministerial para la prevenci\u00f3n en infancia, que involucra \u00e1reas como justicia, salud, educaci\u00f3n, ni\u00f1ez y desarrollo social.<\/p>\n\n\n\n<p><em>\u201cCuando un ni\u00f1o entra por primera vez al sistema penal, ya ha sido visto por el Estado. Tenemos que actuar antes. La tecnolog\u00eda nos da la posibilidad de identificar factores de riesgo y activar alertas tempranas. Pero tambi\u00e9n necesitamos un Estado que converse entre s\u00ed, que articule informaci\u00f3n y que trabaje con los territorios\u201d,<\/em>&nbsp;recalc\u00f3 la subsecretaria.<\/p>\n\n\n\n<p>A juicio de ACTI, este tipo de alianzas entre innovaci\u00f3n y seguridad p\u00fablica reflejan el potencial transformador de la tecnolog\u00eda cuando se aplica con visi\u00f3n social.&nbsp;<em>\u201cCreemos en una tecnolog\u00eda que resuelve problemas reales. La articulaci\u00f3n entre el mundo p\u00fablico, privado y acad\u00e9mico es clave para que estas soluciones tengan impacto y lleguen a todo el pa\u00eds\u201d<\/em>, sostuvo Francisco Guzm\u00e1n, presidente de la Asociaci\u00f3n Chilena de Empresas de Tecnolog\u00edas de Informaci\u00f3n.<\/p>\n","protected":false},"excerpt":{"rendered":"Iniciativas como el sistema SITIA buscan transformar la prevenci\u00f3n del delito en Chile mediante el uso de inteligencia&hellip;\n","protected":false},"author":2,"featured_media":5038,"comment_status":"open","ping_status":"open","sticky":false,"template":"","format":"standard","meta":{"_monsterinsights_skip_tracking":false,"_monsterinsights_sitenote_active":false,"_monsterinsights_sitenote_note":"","_monsterinsights_sitenote_category":0,"footnotes":""},"categories":[8],"tags":[],"class_list":{"0":"post-5035","1":"post","2":"type-post","3":"status-publish","4":"format-standard","5":"has-post-thumbnail","7":"category-portada"},"aioseo_notices":[],"_links":{"self":[{"href":"https:\/\/www.rengoenlanoticia.cl\/prensa\/wp-json\/wp\/v2\/posts\/5035","targetHints":{"allow":["GET"]}}],"collection":[{"href":"https:\/\/www.rengoenlanoticia.cl\/prensa\/wp-json\/wp\/v2\/posts"}],"about":[{"href":"https:\/\/www.rengoenlanoticia.cl\/prensa\/wp-json\/wp\/v2\/types\/post"}],"author":[{"embeddable":true,"href":"https:\/\/www.rengoenlanoticia.cl\/prensa\/wp-json\/wp\/v2\/users\/2"}],"replies":[{"embeddable":true,"href":"https:\/\/www.rengoenlanoticia.cl\/prensa\/wp-json\/wp\/v2\/comments?post=5035"}],"version-history":[{"count":3,"href":"https:\/\/www.rengoenlanoticia.cl\/prensa\/wp-json\/wp\/v2\/posts\/5035\/revisions"}],"predecessor-version":[{"id":5045,"href":"https:\/\/www.rengoenlanoticia.cl\/prensa\/wp-json\/wp\/v2\/posts\/5035\/revisions\/5045"}],"wp:featuredmedia":[{"embeddable":true,"href":"https:\/\/www.rengoenlanoticia.cl\/prensa\/wp-json\/wp\/v2\/media\/5038"}],"wp:attachment":[{"href":"https:\/\/www.rengoenlanoticia.cl\/prensa\/wp-json\/wp\/v2\/media?parent=5035"}],"wp:term":[{"taxonomy":"category","embeddable":true,"href":"https:\/\/www.rengoenlanoticia.cl\/prensa\/wp-json\/wp\/v2\/categories?post=5035"},{"taxonomy":"post_tag","embeddable":true,"href":"https:\/\/www.rengoenlanoticia.cl\/prensa\/wp-json\/wp\/v2\/tags?post=5035"}],"curies":[{"name":"wp","href":"https:\/\/api.w.org\/{rel}","templated":true}]}}