{"id":5023,"date":"2025-08-09T03:05:20","date_gmt":"2025-08-09T03:05:20","guid":{"rendered":"https:\/\/www.rengoenlanoticia.cl\/prensa\/?p=5023"},"modified":"2025-08-09T03:05:26","modified_gmt":"2025-08-09T03:05:26","slug":"director-regional-de-gendarmeria-visito-municipio-de-rancagua-y-machali-para-fortalecer-la-reinsercion-social","status":"publish","type":"post","link":"https:\/\/www.rengoenlanoticia.cl\/prensa\/2025\/08\/09\/director-regional-de-gendarmeria-visito-municipio-de-rancagua-y-machali-para-fortalecer-la-reinsercion-social\/","title":{"rendered":"Director Regional de Gendarmer\u00eda \u00a0visit\u00f3 municipio de \u00a0Rancagua y Machal\u00ed para fortalecer la reinserci\u00f3n social"},"content":{"rendered":"\n<p>La autoridad penitencia lleg\u00f3 a ambas reuniones con la Jefa T\u00e9cnica Regional (s), Paola Tapia quien explic\u00f3 a los alcaldes la importancia de la vinculaci\u00f3n entre las &nbsp;instituciones.<\/p>\n\n\n\n<p>En jornadas marcadas por el di\u00e1logo y la colaboraci\u00f3n institucional, el Director Regional de Gendarmer\u00eda, Coronel H\u00e9ctor Labr\u00edn Labr\u00edn, visit\u00f3 los municipios de Rancagua y Machal\u00ed con el objetivo de estrechar lazos de cooperaci\u00f3n e impulsar la firma de convenios orientados a la reinserci\u00f3n social de personas privadas de libertad y de quienes ya han cumplido sus condenas.<\/p>\n\n\n\n<figure class=\"wp-block-image size-full\"><img loading=\"lazy\" decoding=\"async\" width=\"1024\" height=\"576\" src=\"https:\/\/www.rengoenlanoticia.cl\/prensa\/wp-content\/uploads\/2025\/08\/dfb0ea3a-a60e-42f3-8967-c19058270160.jpg\" alt=\"\" class=\"wp-image-5028\" srcset=\"https:\/\/www.rengoenlanoticia.cl\/prensa\/wp-content\/uploads\/2025\/08\/dfb0ea3a-a60e-42f3-8967-c19058270160.jpg 1024w, https:\/\/www.rengoenlanoticia.cl\/prensa\/wp-content\/uploads\/2025\/08\/dfb0ea3a-a60e-42f3-8967-c19058270160-300x169.jpg 300w, https:\/\/www.rengoenlanoticia.cl\/prensa\/wp-content\/uploads\/2025\/08\/dfb0ea3a-a60e-42f3-8967-c19058270160-768x432.jpg 768w, https:\/\/www.rengoenlanoticia.cl\/prensa\/wp-content\/uploads\/2025\/08\/dfb0ea3a-a60e-42f3-8967-c19058270160-110x62.jpg 110w, https:\/\/www.rengoenlanoticia.cl\/prensa\/wp-content\/uploads\/2025\/08\/dfb0ea3a-a60e-42f3-8967-c19058270160-200x113.jpg 200w, https:\/\/www.rengoenlanoticia.cl\/prensa\/wp-content\/uploads\/2025\/08\/dfb0ea3a-a60e-42f3-8967-c19058270160-380x214.jpg 380w, https:\/\/www.rengoenlanoticia.cl\/prensa\/wp-content\/uploads\/2025\/08\/dfb0ea3a-a60e-42f3-8967-c19058270160-255x143.jpg 255w, https:\/\/www.rengoenlanoticia.cl\/prensa\/wp-content\/uploads\/2025\/08\/dfb0ea3a-a60e-42f3-8967-c19058270160-550x309.jpg 550w, https:\/\/www.rengoenlanoticia.cl\/prensa\/wp-content\/uploads\/2025\/08\/dfb0ea3a-a60e-42f3-8967-c19058270160-800x450.jpg 800w\" sizes=\"auto, (max-width: 1024px) 100vw, 1024px\" \/><\/figure>\n\n\n\n<p>Durante los encuentros sostenidos con las &nbsp;autoridades locales, se abordaron diversas estrategias para facilitar el proceso de Reinserci\u00f3n, entre ellas, el acceso a programas de capacitaci\u00f3n laboral, apoyo psicosocial y oportunidades de empleo a trav\u00e9s de redes municipales. La visita se enmarca en una pol\u00edtica de fortalecimiento del v\u00ednculo entre Gendarmer\u00eda y los gobiernos locales, reconociendo que la reinserci\u00f3n efectiva requiere del compromiso conjunto de distintas instituciones.<\/p>\n\n\n\n<figure class=\"wp-block-image size-full\"><img loading=\"lazy\" decoding=\"async\" width=\"1024\" height=\"768\" src=\"https:\/\/www.rengoenlanoticia.cl\/prensa\/wp-content\/uploads\/2025\/08\/IMG_0453.jpg\" alt=\"\" class=\"wp-image-5030\" srcset=\"https:\/\/www.rengoenlanoticia.cl\/prensa\/wp-content\/uploads\/2025\/08\/IMG_0453.jpg 1024w, https:\/\/www.rengoenlanoticia.cl\/prensa\/wp-content\/uploads\/2025\/08\/IMG_0453-300x225.jpg 300w, https:\/\/www.rengoenlanoticia.cl\/prensa\/wp-content\/uploads\/2025\/08\/IMG_0453-768x576.jpg 768w, https:\/\/www.rengoenlanoticia.cl\/prensa\/wp-content\/uploads\/2025\/08\/IMG_0453-110x83.jpg 110w, https:\/\/www.rengoenlanoticia.cl\/prensa\/wp-content\/uploads\/2025\/08\/IMG_0453-200x150.jpg 200w, https:\/\/www.rengoenlanoticia.cl\/prensa\/wp-content\/uploads\/2025\/08\/IMG_0453-380x285.jpg 380w, https:\/\/www.rengoenlanoticia.cl\/prensa\/wp-content\/uploads\/2025\/08\/IMG_0453-255x191.jpg 255w, https:\/\/www.rengoenlanoticia.cl\/prensa\/wp-content\/uploads\/2025\/08\/IMG_0453-550x413.jpg 550w, https:\/\/www.rengoenlanoticia.cl\/prensa\/wp-content\/uploads\/2025\/08\/IMG_0453-800x600.jpg 800w\" sizes=\"auto, (max-width: 1024px) 100vw, 1024px\" \/><\/figure>\n\n\n\n<p>\u201cLa reinserci\u00f3n no es un trabajo exclusivo del sistema penitenciario. Necesitamos sumar voluntades y generar espacios reales de inclusi\u00f3n social\u201d, se\u00f1al\u00f3 el director regional tras las reuniones.<\/p>\n\n\n\n<p>Tanto en Rancagua como en Machal\u00ed, las autoridades comunales valoraron la instancia y manifestaron su disposici\u00f3n a colaborar en acciones concretas que promuevan segundas oportunidades, contribuyendo as\u00ed a la seguridad p\u00fablica de la regi\u00f3n.<\/p>\n","protected":false},"excerpt":{"rendered":"La autoridad penitencia lleg\u00f3 a ambas reuniones con la Jefa T\u00e9cnica Regional (s), Paola Tapia quien explic\u00f3 a&hellip;\n","protected":false},"author":1,"featured_media":5029,"comment_status":"open","ping_status":"open","sticky":false,"template":"","format":"standard","meta":{"_monsterinsights_skip_tracking":false,"_monsterinsights_sitenote_active":false,"_monsterinsights_sitenote_note":"","_monsterinsights_sitenote_category":0,"footnotes":""},"categories":[8],"tags":[],"class_list":{"0":"post-5023","1":"post","2":"type-post","3":"status-publish","4":"format-standard","5":"has-post-thumbnail","7":"category-portada"},"aioseo_notices":[],"_links":{"self":[{"href":"https:\/\/www.rengoenlanoticia.cl\/prensa\/wp-json\/wp\/v2\/posts\/5023","targetHints":{"allow":["GET"]}}],"collection":[{"href":"https:\/\/www.rengoenlanoticia.cl\/prensa\/wp-json\/wp\/v2\/posts"}],"about":[{"href":"https:\/\/www.rengoenlanoticia.cl\/prensa\/wp-json\/wp\/v2\/types\/post"}],"author":[{"embeddable":true,"href":"https:\/\/www.rengoenlanoticia.cl\/prensa\/wp-json\/wp\/v2\/users\/1"}],"replies":[{"embeddable":true,"href":"https:\/\/www.rengoenlanoticia.cl\/prensa\/wp-json\/wp\/v2\/comments?post=5023"}],"version-history":[{"count":3,"href":"https:\/\/www.rengoenlanoticia.cl\/prensa\/wp-json\/wp\/v2\/posts\/5023\/revisions"}],"predecessor-version":[{"id":5036,"href":"https:\/\/www.rengoenlanoticia.cl\/prensa\/wp-json\/wp\/v2\/posts\/5023\/revisions\/5036"}],"wp:featuredmedia":[{"embeddable":true,"href":"https:\/\/www.rengoenlanoticia.cl\/prensa\/wp-json\/wp\/v2\/media\/5029"}],"wp:attachment":[{"href":"https:\/\/www.rengoenlanoticia.cl\/prensa\/wp-json\/wp\/v2\/media?parent=5023"}],"wp:term":[{"taxonomy":"category","embeddable":true,"href":"https:\/\/www.rengoenlanoticia.cl\/prensa\/wp-json\/wp\/v2\/categories?post=5023"},{"taxonomy":"post_tag","embeddable":true,"href":"https:\/\/www.rengoenlanoticia.cl\/prensa\/wp-json\/wp\/v2\/tags?post=5023"}],"curies":[{"name":"wp","href":"https:\/\/api.w.org\/{rel}","templated":true}]}}