{"id":5022,"date":"2025-08-09T02:55:39","date_gmt":"2025-08-09T02:55:39","guid":{"rendered":"https:\/\/www.rengoenlanoticia.cl\/prensa\/?p=5022"},"modified":"2025-08-09T03:04:41","modified_gmt":"2025-08-09T03:04:41","slug":"junta-de-vecinos-centro-historico-de-rancagua-se-adjudica-sello-espacio-para-organizaciones-sociales","status":"publish","type":"post","link":"https:\/\/www.rengoenlanoticia.cl\/prensa\/2025\/08\/09\/junta-de-vecinos-centro-historico-de-rancagua-se-adjudica-sello-espacio-para-organizaciones-sociales\/","title":{"rendered":"Junta de Vecinos Centro Hist\u00f3rico de Rancagua se adjudica sello \u201cEspacio para Organizaciones Sociales\u201d"},"content":{"rendered":"\n<p><em>El reconocimiento se dio en el marco del D\u00eda Nacional de las y los Dirigentes Sociales y Comunitarios, gracias al que podr\u00e1n contar con un espacio para realizar actividades.<\/em><\/p>\n\n\n\n<p>La junta de vecinos Centro Hist\u00f3rico Rancagua cuenta con un nuevo espacio para\u00a0realizar reuniones y actividades gracias al sello Espacio para Organizaciones Sociales, iniciativa\u00a0del Ministerio Secretar\u00eda General de Gobierno que est\u00e1 destinada a aquellas entidades p\u00fablicas o privadas que requieran un espacio o inmueble para el fomento de la participaci\u00f3n ciudadana y promoci\u00f3n del asociacionismo.<\/p>\n\n\n\n<p>Para concretar este beneficio, el seremi de Gobierno, Carlos Carrasco, se reuni\u00f3 con los dirigentes de la agrupaci\u00f3n vecinal. En la firma del convenio, la autoridad gubernamental resalt\u00f3 que \u201cpara nosotros es muy importante como Gobierno y como Ministerio Secretar\u00eda General de Gobierno poder fomentar la participaci\u00f3n ciudadana y la organizaci\u00f3n social, as\u00ed como tambi\u00e9n este sello. Es muy importante respaldar a estos dirigentes que tienen una vocaci\u00f3n de servicio potente para cuidar y rescatar su tradicional barrio, donde sin duda tienen un alto nivel de participaci\u00f3n\u201d, apunt\u00f3.<\/p>\n\n\n\n<figure class=\"wp-block-image size-large\"><img loading=\"lazy\" decoding=\"async\" width=\"1024\" height=\"576\" src=\"https:\/\/www.rengoenlanoticia.cl\/prensa\/wp-content\/uploads\/2025\/08\/CP-Segegob-foto-1-1024x576.jpeg\" alt=\"\" class=\"wp-image-5024\" srcset=\"https:\/\/www.rengoenlanoticia.cl\/prensa\/wp-content\/uploads\/2025\/08\/CP-Segegob-foto-1-1024x576.jpeg 1024w, https:\/\/www.rengoenlanoticia.cl\/prensa\/wp-content\/uploads\/2025\/08\/CP-Segegob-foto-1-300x169.jpeg 300w, https:\/\/www.rengoenlanoticia.cl\/prensa\/wp-content\/uploads\/2025\/08\/CP-Segegob-foto-1-768x432.jpeg 768w, https:\/\/www.rengoenlanoticia.cl\/prensa\/wp-content\/uploads\/2025\/08\/CP-Segegob-foto-1-1536x864.jpeg 1536w, https:\/\/www.rengoenlanoticia.cl\/prensa\/wp-content\/uploads\/2025\/08\/CP-Segegob-foto-1-110x62.jpeg 110w, https:\/\/www.rengoenlanoticia.cl\/prensa\/wp-content\/uploads\/2025\/08\/CP-Segegob-foto-1-200x113.jpeg 200w, https:\/\/www.rengoenlanoticia.cl\/prensa\/wp-content\/uploads\/2025\/08\/CP-Segegob-foto-1-380x214.jpeg 380w, https:\/\/www.rengoenlanoticia.cl\/prensa\/wp-content\/uploads\/2025\/08\/CP-Segegob-foto-1-255x143.jpeg 255w, https:\/\/www.rengoenlanoticia.cl\/prensa\/wp-content\/uploads\/2025\/08\/CP-Segegob-foto-1-550x309.jpeg 550w, https:\/\/www.rengoenlanoticia.cl\/prensa\/wp-content\/uploads\/2025\/08\/CP-Segegob-foto-1-800x450.jpeg 800w, https:\/\/www.rengoenlanoticia.cl\/prensa\/wp-content\/uploads\/2025\/08\/CP-Segegob-foto-1-1160x653.jpeg 1160w, https:\/\/www.rengoenlanoticia.cl\/prensa\/wp-content\/uploads\/2025\/08\/CP-Segegob-foto-1.jpeg 1600w\" sizes=\"auto, (max-width: 1024px) 100vw, 1024px\" \/><\/figure>\n\n\n\n<p>En el mismo sentido, la autoridad gubernamental ilustr\u00f3 en esta entidad vecinal la relevancia de los dirigentes sociales y comunitarios. \u201cComo Gobierno del Presidente Boric aplaudimos el trabajo y tiempo que voluntariamente destinan los dirigentes en beneficio de la participaci\u00f3n y el fortalecimiento de la democracia\u201d.<\/p>\n\n\n\n<p>Por su parte, el presidente de la junta de vecinos, Ubaldo Noonan, agradeci\u00f3 el nuevo espacio que tendr\u00e1 la organizaci\u00f3n que dirige para realizar actividades. \u201cGran alegr\u00eda y un honor recibir al seremi en nuestra sede comunitaria. Postular al sello fue un motivo de orgullo y ahora tener un espacio que ser\u00e1 disponible para toda la comunidad. La idea es seguir adelante, que m\u00e1s organizaciones participen ac\u00e1. Tenemos la junta de vecinos, el club de adulto mayor, pero estamos abiertos a recibir a quien quiera en esta sede comunitaria\u201d, se\u00f1al\u00f3.<\/p>\n\n\n\n<p>Tambi\u00e9n en el marco del d\u00eda y el mes de las y los Dirigentes Sociales y Comunitarios, el seremi de Gobierno asisti\u00f3 a un taller que cont\u00f3 con una masiva asistencia de dirigentes de Servicios Sanitarios de la Provincia de Colchagua. Adem\u00e1s Carrasco particip\u00f3 de una Escuela de Formaci\u00f3n Social en Graneros, donde funcionarios de la Divisi\u00f3n de Organizaciones Sociales (DOS) de la SEGEGOB nacional y regional impartieron sobre las tem\u00e1ticas&nbsp; \u201cConstituci\u00f3n, Funcionamiento y Renovaci\u00f3n de las Organizaciones Comunitarias\u201d y \u201cHerramientas de Liderazgo Comunitario\u201d.<\/p>\n","protected":false},"excerpt":{"rendered":"El reconocimiento se dio en el marco del D\u00eda Nacional de las y los Dirigentes Sociales y Comunitarios,&hellip;\n","protected":false},"author":1,"featured_media":5025,"comment_status":"open","ping_status":"open","sticky":false,"template":"","format":"standard","meta":{"_monsterinsights_skip_tracking":false,"_monsterinsights_sitenote_active":false,"_monsterinsights_sitenote_note":"","_monsterinsights_sitenote_category":0,"footnotes":""},"categories":[8],"tags":[],"class_list":{"0":"post-5022","1":"post","2":"type-post","3":"status-publish","4":"format-standard","5":"has-post-thumbnail","7":"category-portada"},"aioseo_notices":[],"_links":{"self":[{"href":"https:\/\/www.rengoenlanoticia.cl\/prensa\/wp-json\/wp\/v2\/posts\/5022","targetHints":{"allow":["GET"]}}],"collection":[{"href":"https:\/\/www.rengoenlanoticia.cl\/prensa\/wp-json\/wp\/v2\/posts"}],"about":[{"href":"https:\/\/www.rengoenlanoticia.cl\/prensa\/wp-json\/wp\/v2\/types\/post"}],"author":[{"embeddable":true,"href":"https:\/\/www.rengoenlanoticia.cl\/prensa\/wp-json\/wp\/v2\/users\/1"}],"replies":[{"embeddable":true,"href":"https:\/\/www.rengoenlanoticia.cl\/prensa\/wp-json\/wp\/v2\/comments?post=5022"}],"version-history":[{"count":2,"href":"https:\/\/www.rengoenlanoticia.cl\/prensa\/wp-json\/wp\/v2\/posts\/5022\/revisions"}],"predecessor-version":[{"id":5027,"href":"https:\/\/www.rengoenlanoticia.cl\/prensa\/wp-json\/wp\/v2\/posts\/5022\/revisions\/5027"}],"wp:featuredmedia":[{"embeddable":true,"href":"https:\/\/www.rengoenlanoticia.cl\/prensa\/wp-json\/wp\/v2\/media\/5025"}],"wp:attachment":[{"href":"https:\/\/www.rengoenlanoticia.cl\/prensa\/wp-json\/wp\/v2\/media?parent=5022"}],"wp:term":[{"taxonomy":"category","embeddable":true,"href":"https:\/\/www.rengoenlanoticia.cl\/prensa\/wp-json\/wp\/v2\/categories?post=5022"},{"taxonomy":"post_tag","embeddable":true,"href":"https:\/\/www.rengoenlanoticia.cl\/prensa\/wp-json\/wp\/v2\/tags?post=5022"}],"curies":[{"name":"wp","href":"https:\/\/api.w.org\/{rel}","templated":true}]}}