{"id":5010,"date":"2025-08-09T03:06:49","date_gmt":"2025-08-09T03:06:49","guid":{"rendered":"https:\/\/www.rengoenlanoticia.cl\/prensa\/?p=5010"},"modified":"2025-08-09T03:26:17","modified_gmt":"2025-08-09T03:26:17","slug":"mesa-tecnica-de-seguridad-acuerda-medidas-para-reforzar-la-proteccion-de-funcionarios-y-pacientes-en-centros-de-salud-de-la-region-de-ohiggins","status":"publish","type":"post","link":"https:\/\/www.rengoenlanoticia.cl\/prensa\/2025\/08\/09\/mesa-tecnica-de-seguridad-acuerda-medidas-para-reforzar-la-proteccion-de-funcionarios-y-pacientes-en-centros-de-salud-de-la-region-de-ohiggins\/","title":{"rendered":"Mesa t\u00e9cnica de seguridad acuerda medidas para reforzar la protecci\u00f3n de funcionarios y pacientes en centros de salud de la regi\u00f3n de O\u2019Higgins"},"content":{"rendered":"\n<p><br><em>Autoridades regionales, gremios de la salud y Carabineros abordaron en San Fernando la aplicaci\u00f3n efectiva de la Ley de Consultorio Seguro y coordinaron acciones para prevenir hechos de violencia en recintos asistenciales.<\/em><\/p>\n\n\n\n<p><br>En San Fernando se desarroll\u00f3 este viernes una sesi\u00f3n de la mesa t\u00e9cnica de seguridad en salud, enfocada en la coordinaci\u00f3n de acciones ante situaciones de riesgo que enfrentan los funcionarios en sus lugares de trabajo.<\/p>\n\n\n\n<p>&nbsp;La instancia fue encabezada por la delegada presidencial de Colchagua, Marta Pizarro Inzunza, y el senador Juan Luis Castro. Cont\u00f3 con la participaci\u00f3n del seremi de Justicia y Derechos Humanos, Eduardo Marchant; representantes de Carabineros, gremios de la salud, dirigentes del Colegio M\u00e9dico y autoridades locales.<\/p>\n\n\n\n<figure class=\"wp-block-image size-large\"><img loading=\"lazy\" decoding=\"async\" width=\"1024\" height=\"768\" src=\"https:\/\/www.rengoenlanoticia.cl\/prensa\/wp-content\/uploads\/2025\/08\/Imagen-de-WhatsApp-2025-08-08-a-las-12.58.36_ffda40c3-1-1024x768.jpg\" alt=\"\" class=\"wp-image-5017\" srcset=\"https:\/\/www.rengoenlanoticia.cl\/prensa\/wp-content\/uploads\/2025\/08\/Imagen-de-WhatsApp-2025-08-08-a-las-12.58.36_ffda40c3-1-1024x768.jpg 1024w, https:\/\/www.rengoenlanoticia.cl\/prensa\/wp-content\/uploads\/2025\/08\/Imagen-de-WhatsApp-2025-08-08-a-las-12.58.36_ffda40c3-1-300x225.jpg 300w, https:\/\/www.rengoenlanoticia.cl\/prensa\/wp-content\/uploads\/2025\/08\/Imagen-de-WhatsApp-2025-08-08-a-las-12.58.36_ffda40c3-1-768x576.jpg 768w, https:\/\/www.rengoenlanoticia.cl\/prensa\/wp-content\/uploads\/2025\/08\/Imagen-de-WhatsApp-2025-08-08-a-las-12.58.36_ffda40c3-1-1536x1152.jpg 1536w, https:\/\/www.rengoenlanoticia.cl\/prensa\/wp-content\/uploads\/2025\/08\/Imagen-de-WhatsApp-2025-08-08-a-las-12.58.36_ffda40c3-1-110x83.jpg 110w, https:\/\/www.rengoenlanoticia.cl\/prensa\/wp-content\/uploads\/2025\/08\/Imagen-de-WhatsApp-2025-08-08-a-las-12.58.36_ffda40c3-1-200x150.jpg 200w, https:\/\/www.rengoenlanoticia.cl\/prensa\/wp-content\/uploads\/2025\/08\/Imagen-de-WhatsApp-2025-08-08-a-las-12.58.36_ffda40c3-1-380x285.jpg 380w, https:\/\/www.rengoenlanoticia.cl\/prensa\/wp-content\/uploads\/2025\/08\/Imagen-de-WhatsApp-2025-08-08-a-las-12.58.36_ffda40c3-1-255x191.jpg 255w, https:\/\/www.rengoenlanoticia.cl\/prensa\/wp-content\/uploads\/2025\/08\/Imagen-de-WhatsApp-2025-08-08-a-las-12.58.36_ffda40c3-1-550x413.jpg 550w, https:\/\/www.rengoenlanoticia.cl\/prensa\/wp-content\/uploads\/2025\/08\/Imagen-de-WhatsApp-2025-08-08-a-las-12.58.36_ffda40c3-1-800x600.jpg 800w, https:\/\/www.rengoenlanoticia.cl\/prensa\/wp-content\/uploads\/2025\/08\/Imagen-de-WhatsApp-2025-08-08-a-las-12.58.36_ffda40c3-1-1160x870.jpg 1160w, https:\/\/www.rengoenlanoticia.cl\/prensa\/wp-content\/uploads\/2025\/08\/Imagen-de-WhatsApp-2025-08-08-a-las-12.58.36_ffda40c3-1.jpg 1600w\" sizes=\"auto, (max-width: 1024px) 100vw, 1024px\" \/><\/figure>\n\n\n\n<p>El senador Juan Luis Castro valor\u00f3 la disposici\u00f3n de las autoridades y gremios para avanzar en dos ejes centrales. \u00abUno, es la plena aplicaci\u00f3n de la Ley 21.188, que obliga a los directores de establecimientos a actuar con prontitud, obligaci\u00f3n que no siempre se ha cumplido. Dos, con la colaboraci\u00f3n de todos los sectores gremiales queremos ahondar en proteger a la poblaci\u00f3n y a los funcionarios de la salud, que son mujeres en un 80%\u201d.<\/p>\n\n\n\n<p>Castro advirti\u00f3 que, a partir de los hechos ocurridos en el consultorio centro de San Fernando y ante la pr\u00f3xima apertura de un nuevo Cesfam en el sector poniente de la comuna, se busca prevenir escenarios de violencia extrema:<br>\u201cQueremos reforzar el hecho de no llegar a experiencias como las de Santiago sur o la Araucan\u00eda, donde poco menos que los funcionarios tienen que estar con chalecos antibalas o muros blindados. El crimen organizado en Chile se ha instalado, no queremos que llegue a atentar contra los servicios de salud\u201d.<\/p>\n\n\n\n<p>La delegada presidencial provincial de Colchagua, Marta Pizarro, destac\u00f3 los acuerdos alcanzados: \u201cSe han realizado capacitaciones desde la Fiscal\u00eda Regional a Carabineros de las tres provincias para mejorar la atenci\u00f3n de denuncias de agresiones a funcionarios. Tambi\u00e9n se realizar\u00e1 una capacitaci\u00f3n para alcaldes y directores de salud sobre el proceso de denuncia. El objetivo primordial es que, junto a los gremios, generemos acciones que disminuyan las situaciones de riesgo para que nuestros funcionarios no sean v\u00edctimas\u201d.<\/p>\n\n\n\n<p>Desde el Colegio M\u00e9dico O\u2019Higgins, su dirigente, la doctora Leslie Salvatierra subray\u00f3 la importancia de la Ley de Consultorio Seguro: \u201cNo es posible que un paciente que va con sus dolencias, adem\u00e1s, deba estar preocupado de que vaya a ser agredido o asaltado. Es importante que las autoridades den todo el apoyo para que nuestra regi\u00f3n est\u00e9 con la seguridad que corresponde\u201d.<\/p>\n\n\n\n<p>En tanto, la dirigente de Fenats, Margaret Botello, alert\u00f3 sobre la necesidad de transparentar la informaci\u00f3n. \u201cNunca hab\u00edamos tenido gente en urgencia con pistola dispar\u00e1ndose, como ocurri\u00f3 el a\u00f1o pasado. Hay situaciones que no deber\u00edan suceder y que han aumentado en los \u00faltimos a\u00f1os. El n\u00famero exacto de agresiones no se conoce porque muchas veces no se denuncian\u201d.<\/p>\n\n\n\n<p>La mesa t\u00e9cnica acord\u00f3 continuar trabajando de manera permanente para coordinar acciones que refuercen la seguridad de pacientes y funcionarios, as\u00ed como para garantizar la aplicaci\u00f3n efectiva de la Ley de Consultorio Seguro en toda la red asistencial de la regi\u00f3n.<\/p>\n","protected":false},"excerpt":{"rendered":"Autoridades regionales, gremios de la salud y Carabineros abordaron en San Fernando la aplicaci\u00f3n efectiva de la Ley&hellip;\n","protected":false},"author":1,"featured_media":5016,"comment_status":"open","ping_status":"open","sticky":false,"template":"","format":"standard","meta":{"_monsterinsights_skip_tracking":false,"_monsterinsights_sitenote_active":false,"_monsterinsights_sitenote_note":"","_monsterinsights_sitenote_category":0,"footnotes":""},"categories":[11,8],"tags":[],"class_list":{"0":"post-5010","1":"post","2":"type-post","3":"status-publish","4":"format-standard","5":"has-post-thumbnail","7":"category-politica","8":"category-portada"},"aioseo_notices":[],"_links":{"self":[{"href":"https:\/\/www.rengoenlanoticia.cl\/prensa\/wp-json\/wp\/v2\/posts\/5010","targetHints":{"allow":["GET"]}}],"collection":[{"href":"https:\/\/www.rengoenlanoticia.cl\/prensa\/wp-json\/wp\/v2\/posts"}],"about":[{"href":"https:\/\/www.rengoenlanoticia.cl\/prensa\/wp-json\/wp\/v2\/types\/post"}],"author":[{"embeddable":true,"href":"https:\/\/www.rengoenlanoticia.cl\/prensa\/wp-json\/wp\/v2\/users\/1"}],"replies":[{"embeddable":true,"href":"https:\/\/www.rengoenlanoticia.cl\/prensa\/wp-json\/wp\/v2\/comments?post=5010"}],"version-history":[{"count":2,"href":"https:\/\/www.rengoenlanoticia.cl\/prensa\/wp-json\/wp\/v2\/posts\/5010\/revisions"}],"predecessor-version":[{"id":5019,"href":"https:\/\/www.rengoenlanoticia.cl\/prensa\/wp-json\/wp\/v2\/posts\/5010\/revisions\/5019"}],"wp:featuredmedia":[{"embeddable":true,"href":"https:\/\/www.rengoenlanoticia.cl\/prensa\/wp-json\/wp\/v2\/media\/5016"}],"wp:attachment":[{"href":"https:\/\/www.rengoenlanoticia.cl\/prensa\/wp-json\/wp\/v2\/media?parent=5010"}],"wp:term":[{"taxonomy":"category","embeddable":true,"href":"https:\/\/www.rengoenlanoticia.cl\/prensa\/wp-json\/wp\/v2\/categories?post=5010"},{"taxonomy":"post_tag","embeddable":true,"href":"https:\/\/www.rengoenlanoticia.cl\/prensa\/wp-json\/wp\/v2\/tags?post=5010"}],"curies":[{"name":"wp","href":"https:\/\/api.w.org\/{rel}","templated":true}]}}