{"id":5009,"date":"2025-08-09T03:05:15","date_gmt":"2025-08-09T03:05:15","guid":{"rendered":"https:\/\/www.rengoenlanoticia.cl\/prensa\/?p=5009"},"modified":"2025-08-09T03:27:33","modified_gmt":"2025-08-09T03:27:33","slug":"carabineros-pdi-masivo-operativo-de-las-policias-busca-reforzar-la-seguridad-en-la-region","status":"publish","type":"post","link":"https:\/\/www.rengoenlanoticia.cl\/prensa\/2025\/08\/09\/carabineros-pdi-masivo-operativo-de-las-policias-busca-reforzar-la-seguridad-en-la-region\/","title":{"rendered":"Carabineros, PDI:\u00a0 Masivo operativo de las polic\u00edas busca reforzar la seguridad en la Regi\u00f3n"},"content":{"rendered":"\n<p><em>&#8211; En un despliegue in\u00e9dito de ambas polic\u00edas de forma mancomunada se desarroll\u00f3 una \u201cRonda de Intervenci\u00f3n Focalizada Conjunta\u201d.<\/em><\/p>\n\n\n\n<p><em>&#8211; Como resultado del operativo conjunto en la regi\u00f3n de O\u2019Higgins se produjeron 117 detenciones, logr\u00e1ndose adem\u00e1s la incautaci\u00f3n de 3 armas de fuego y 6 veh\u00edculos motorizados.<\/em><\/p>\n\n\n\n<p>En los esfuerzos del Ministerio de Seguridad P\u00fablica, Carabineros de Chile y Polic\u00eda de Investigaciones por brindar m\u00e1s seguridad de la comunidad, fortalecer la proximidad policial y visibilizar la presencia operativa en el territorio, se desarroll\u00f3 el pasado jueves de forma simult\u00e1nea en todo el pa\u00eds, una \u201cRonda de Intervenci\u00f3n Focalizada\u201d.<\/p>\n\n\n\n<p>En la Regi\u00f3n de O\u2019Higgins \u00e9sta comenz\u00f3 en la Plaza de Los H\u00e9roes de Rancagua, con la presencia del Delegado Presidencial, Fabio L\u00f3pez Aguilera; el Seremi de Seguridad P\u00fablica, Rodolfo N\u00fa\u00f1ez Bustamante; el Jefe Zona O\u2019Higgins, General Max Jim\u00e9nez Fleming; y el Jefe Regional PDI, Prefecto Inspector O\u2019Higgins Julio Caro. Desde ese punto se desplegaron Carabineros y PDI, de forma conjunta en los sectores con mayor concentraci\u00f3n de criminalidad e incidencia delictual.<\/p>\n\n\n\n<p>El masivo operativo tuvo como objetivo incrementar la percepci\u00f3n de seguridad de la ciudadan\u00eda mediante controles vehiculares, fiscalizaciones e investigaciones en diferentes puntos de inter\u00e9s establecidos previamente en un trabajo de planificaci\u00f3n con inteligencia y an\u00e1lisis criminal de las polic\u00edas de nuestro pa\u00eds.<\/p>\n\n\n\n<figure class=\"wp-block-image size-full\"><img loading=\"lazy\" decoding=\"async\" width=\"1024\" height=\"483\" src=\"https:\/\/www.rengoenlanoticia.cl\/prensa\/wp-content\/uploads\/2025\/08\/Ronda-6.jpeg\" alt=\"\" class=\"wp-image-5013\" srcset=\"https:\/\/www.rengoenlanoticia.cl\/prensa\/wp-content\/uploads\/2025\/08\/Ronda-6.jpeg 1024w, https:\/\/www.rengoenlanoticia.cl\/prensa\/wp-content\/uploads\/2025\/08\/Ronda-6-300x142.jpeg 300w, https:\/\/www.rengoenlanoticia.cl\/prensa\/wp-content\/uploads\/2025\/08\/Ronda-6-768x362.jpeg 768w, https:\/\/www.rengoenlanoticia.cl\/prensa\/wp-content\/uploads\/2025\/08\/Ronda-6-110x52.jpeg 110w, https:\/\/www.rengoenlanoticia.cl\/prensa\/wp-content\/uploads\/2025\/08\/Ronda-6-200x94.jpeg 200w, https:\/\/www.rengoenlanoticia.cl\/prensa\/wp-content\/uploads\/2025\/08\/Ronda-6-380x179.jpeg 380w, https:\/\/www.rengoenlanoticia.cl\/prensa\/wp-content\/uploads\/2025\/08\/Ronda-6-255x120.jpeg 255w, https:\/\/www.rengoenlanoticia.cl\/prensa\/wp-content\/uploads\/2025\/08\/Ronda-6-550x259.jpeg 550w, https:\/\/www.rengoenlanoticia.cl\/prensa\/wp-content\/uploads\/2025\/08\/Ronda-6-800x377.jpeg 800w\" sizes=\"auto, (max-width: 1024px) 100vw, 1024px\" \/><\/figure>\n\n\n\n<p>Respecto al despliegue policial, el Delegado Presidencial Regional, Fabio L\u00f3pez Aguilera, indic\u00f3 que \u201cesto no es improvisado, esto se viene planificando con mucha antelaci\u00f3n, es un trabajo coordinado para poder devolver la seguridad a nuestra ciudadan\u00eda (\u2026) Aqu\u00ed este ejemplo, que se da trabajando mancomunadamente nuestros carabineros con nuestros detectives, es la forma en que el Gobierno del Presidente Boric ha manifestado que se debe trabajar\u201d.<\/p>\n\n\n\n<p>Al respecto, el Seremi de Seguridad P\u00fablica, Rodolfo N\u00fa\u00f1ez Bustamante, indic\u00f3 que \u201cesta ronda que se est\u00e1 desarrollando a nivel pa\u00eds viene a reforzar los distintos programas que tenemos como Ministerio de Seguridad P\u00fablica, el programa Calle Sin Violencia, Somos Barrio. Esta planificaci\u00f3n refuerza esos programas y, como bien dijo el delegado, es para devolverle la tranquilidad a la ciudadan\u00eda, disminuir la percepci\u00f3n de inseguridad que tiene la comuna, la Regi\u00f3n y, en general, el pa\u00eds. Adem\u00e1s, permite una presencia m\u00e1s efectiva de Carabineros y la Polic\u00eda de Investigaciones en el territorio, reforzando la labor preventiva y operativa a trav\u00e9s de controles, fiscalizaciones e investigaciones en sectores priorizados\u201d.<\/p>\n\n\n\n<p>Por su parte, el Jefe Zona O\u2019Higgins, General Max Jim\u00e9nez Fleming, se\u00f1al\u00f3 que \u201cesta es una Ronda de Intervenci\u00f3n Focalizada que se est\u00e1 desarrollando a nivel nacional, donde Carabineros y PDI, estamos trabajando de manera mancomunada para controlar, fiscalizar y detener en diferentes focos de inter\u00e9s policial de acuerdo a una planificaci\u00f3n previa que hemos realizado en conjunto.&nbsp; Este es un tremendo trabajo en equipo que estamos desarrollando ambas instituciones para obtener resultados positivos que permitan entregar m\u00e1s seguridad a la comunidad\u201d.<\/p>\n\n\n\n<p>En tanto, el Jefe Regional de la PDI, Prefecto Inspector Julio Caro Barrera, especific\u00f3 que \u201ceste es un operativo a nivel nacional que en la Regi\u00f3n de O\u2019Higgins est\u00e1 focalizado en fiscalizaciones conjuntas de Carabineros, PDI y Polic\u00eda Internacional, especialmente de extranjeros; y un despliegue en sectores de inter\u00e9s que hemos estudiado con los analistas de ambas instituciones que nos pueden permitir desarrollar un trabajo investigativo y generar mejores condiciones de seguridad en las diferentes comunas de la Regi\u00f3n. Este es un trabajo que vamos a seguir efectuando de forma conjunta y mancomunada ambas instituciones\u201d.<\/p>\n\n\n\n<p><strong>Principales resultados<\/strong><\/p>\n\n\n\n<p>A nivel nacional, el operativo concluy\u00f3 con 2.135 detenciones, el decomiso de 325 kilos de droga, la incautaci\u00f3n de 72 armas de fuego y 1.476 municiones. Del total de detenciones, un 53% corresponde a \u00f3rdenes de aprehensi\u00f3n pendientes y un 36% a detenciones en flagrancia.<\/p>\n\n\n\n<p>Durante el despliegue regional de la ronda policial nacional se realizaron 1.242 controles preventivos de identidad y 1.240 controles vehiculares, 28 fiscalizaciones a locales comerciales, 21 fiscalizaciones a locales de alcoholes y se cursaron 330 infracciones. Adem\u00e1s, se fiscaliz\u00f3 a 136 extranjeros y se denunci\u00f3 a 68, 32% por ingreso por paso no habilitado.<\/p>\n\n\n\n<p>Como resultado del operativo conjunto en la regi\u00f3n de O\u2019Higgins se produjeron 117 detenciones, logr\u00e1ndose adem\u00e1s la incautaci\u00f3n de 3 armas de fuego y 6 veh\u00edculos motorizados.<\/p>\n","protected":false},"excerpt":{"rendered":"&#8211; En un despliegue in\u00e9dito de ambas polic\u00edas de forma mancomunada se desarroll\u00f3 una \u201cRonda de Intervenci\u00f3n Focalizada&hellip;\n","protected":false},"author":1,"featured_media":5011,"comment_status":"open","ping_status":"open","sticky":false,"template":"","format":"standard","meta":{"_monsterinsights_skip_tracking":false,"_monsterinsights_sitenote_active":false,"_monsterinsights_sitenote_note":"","_monsterinsights_sitenote_category":0,"footnotes":""},"categories":[5,8],"tags":[],"class_list":{"0":"post-5009","1":"post","2":"type-post","3":"status-publish","4":"format-standard","5":"has-post-thumbnail","7":"category-policial","8":"category-portada"},"aioseo_notices":[],"_links":{"self":[{"href":"https:\/\/www.rengoenlanoticia.cl\/prensa\/wp-json\/wp\/v2\/posts\/5009","targetHints":{"allow":["GET"]}}],"collection":[{"href":"https:\/\/www.rengoenlanoticia.cl\/prensa\/wp-json\/wp\/v2\/posts"}],"about":[{"href":"https:\/\/www.rengoenlanoticia.cl\/prensa\/wp-json\/wp\/v2\/types\/post"}],"author":[{"embeddable":true,"href":"https:\/\/www.rengoenlanoticia.cl\/prensa\/wp-json\/wp\/v2\/users\/1"}],"replies":[{"embeddable":true,"href":"https:\/\/www.rengoenlanoticia.cl\/prensa\/wp-json\/wp\/v2\/comments?post=5009"}],"version-history":[{"count":3,"href":"https:\/\/www.rengoenlanoticia.cl\/prensa\/wp-json\/wp\/v2\/posts\/5009\/revisions"}],"predecessor-version":[{"id":5021,"href":"https:\/\/www.rengoenlanoticia.cl\/prensa\/wp-json\/wp\/v2\/posts\/5009\/revisions\/5021"}],"wp:featuredmedia":[{"embeddable":true,"href":"https:\/\/www.rengoenlanoticia.cl\/prensa\/wp-json\/wp\/v2\/media\/5011"}],"wp:attachment":[{"href":"https:\/\/www.rengoenlanoticia.cl\/prensa\/wp-json\/wp\/v2\/media?parent=5009"}],"wp:term":[{"taxonomy":"category","embeddable":true,"href":"https:\/\/www.rengoenlanoticia.cl\/prensa\/wp-json\/wp\/v2\/categories?post=5009"},{"taxonomy":"post_tag","embeddable":true,"href":"https:\/\/www.rengoenlanoticia.cl\/prensa\/wp-json\/wp\/v2\/tags?post=5009"}],"curies":[{"name":"wp","href":"https:\/\/api.w.org\/{rel}","templated":true}]}}