{"id":4986,"date":"2025-08-08T01:45:37","date_gmt":"2025-08-08T01:45:37","guid":{"rendered":"https:\/\/www.rengoenlanoticia.cl\/prensa\/?p=4986"},"modified":"2025-08-08T01:45:41","modified_gmt":"2025-08-08T01:45:41","slug":"mineduc-y-achs-firman-convenio-para-fortalecer-la-inclusion-y-el-bienestar-en-contextos-educativos","status":"publish","type":"post","link":"https:\/\/www.rengoenlanoticia.cl\/prensa\/2025\/08\/08\/mineduc-y-achs-firman-convenio-para-fortalecer-la-inclusion-y-el-bienestar-en-contextos-educativos\/","title":{"rendered":"Mineduc y ACHS firman convenio para fortalecer la inclusi\u00f3n y el bienestar en contextos educativos"},"content":{"rendered":"\n<p><em>El acuerdo contempla capacitaciones, asesor\u00edas t\u00e9cnicas y herramientas preventivas dirigidas a docentes y asistentes de la educaci\u00f3n, con foco en la gesti\u00f3n de la diversidad y la convivencia.<\/em><\/p>\n\n\n\n<p>Con el objetivo de avanzar hacia entornos escolares m\u00e1s seguros, inclusivos y preparados para responder a la diversidad de sus estudiantes, la Asociaci\u00f3n Chilena de Seguridad (ACHS) y el Ministerio de Educaci\u00f3n, firmaron recientemente un convenio de colaboraci\u00f3n orientado a fortalecer el bienestar en las comunidades educativas del pa\u00eds.<\/p>\n\n\n\n<p>La iniciativa contempla capacitaciones en formato e-learning abiertas a todas las comunidades educativas, personas interesadas y asesor\u00edas preventivas para aquellas adheridas a la ACHS orientadas a directivos, docentes, asistentes de la educaci\u00f3n y equipos t\u00e9cnicos a nivel nacional. Esta alianza busca apoyar la gesti\u00f3n de la convivencia, la diversidad y las situaciones que puedan surgir en los establecimientos educativos.<\/p>\n\n\n\n<p>Al respecto, la subsecretaria de Educaci\u00f3n, Alejandra Arratia, se\u00f1al\u00f3 que \u201cesta alianza de trabajo busca avanzar, en conjunto, hacia comunidades educativas m\u00e1s inclusivas, que abracen y valoren la diversidad de sus estudiantes, porque tenemos la profunda convicci\u00f3n de que todos y todas pueden aprender. Como Ministerio de Educaci\u00f3n, hemos avanzado decididamente en esa direcci\u00f3n, y por eso buscamos ampliar las acciones formativas que hemos impulsado en el marco de la implementaci\u00f3n del Programa de Integraci\u00f3n Escolar, la Ley de Inclusi\u00f3n y la Ley de Autismo\u201d.<\/p>\n\n\n\n<p><strong>Un modelo integral con foco en prevenci\u00f3n e inclusi\u00f3n<\/strong><\/p>\n\n\n\n<p>El convenio considera un despliegue conjunto entre los equipos ACHS &#8211; Mineduc en todo el pa\u00eds para implementar capacitaciones, asesor\u00edas y recursos adaptados a la realidad de cada territorio. Adem\u00e1s, el convenio contempla la elaboraci\u00f3n de una gu\u00eda para la gesti\u00f3n de la inclusi\u00f3n y prevenci\u00f3n de desregulaciones en establecimientos educacionales, c\u00e1psulas sobre protocolos de acompa\u00f1amiento emocional y una lista de verificaci\u00f3n para fortalecer la seguridad y el cuidado en el aula.<\/p>\n\n\n\n<p>Respecto esta nueva iniciativa, la seremi de Educaci\u00f3n de O\u00b4Higgins, Alyson Hadad, indic\u00f3 que: \u201cEstas herramientas est\u00e1n especialmente dise\u00f1adas para acompa\u00f1ar la implementaci\u00f3n de pol\u00edticas como la Ley 21.545 (Ley de Autismo), respondiendo a la necesidad de construir entornos m\u00e1s inclusivos para estudiantes con necesidades educativas especiales\u201d, explic\u00f3 la autoridad, agregando que \u201cen nuestro territorio, tenemos calendarizadas dos jornadas el 9 y 10 de septiembre: una en Rancagua dirigida especialmente a los equipos t\u00e9cnicos regionales, provinciales y representantes de establecimientos educacionales del entorno y la segunda, en Pichilemu, con la participaci\u00f3n de profesionales que trabajan en establecimientos m\u00e1s alejados o rurales\u201d.<\/p>\n\n\n\n<p>Las capacitaciones incluyen contenidos como corregulaci\u00f3n emocional, gesti\u00f3n de situaciones desafiantes, bienestar laboral y estrategias de inclusi\u00f3n educativa. Todo el material contar\u00e1 con est\u00e1ndares de accesibilidad, como la incorporaci\u00f3n de lengua de se\u00f1as en las c\u00e1psulas audiovisuales y estar\u00e1 disponible sin costo para las comunidades educativas. M\u00e1s informaci\u00f3n en el sitio web <a href=\"https:\/\/achsvirtual.achs.cl\/achs\/\">https:\/\/achsvirtual.achs.cl\/achs\/<\/a><\/p>\n","protected":false},"excerpt":{"rendered":"El acuerdo contempla capacitaciones, asesor\u00edas t\u00e9cnicas y herramientas preventivas dirigidas a docentes y asistentes de la educaci\u00f3n, con&hellip;\n","protected":false},"author":1,"featured_media":4990,"comment_status":"open","ping_status":"open","sticky":false,"template":"","format":"standard","meta":{"_monsterinsights_skip_tracking":false,"_monsterinsights_sitenote_active":false,"_monsterinsights_sitenote_note":"","_monsterinsights_sitenote_category":0,"footnotes":""},"categories":[8],"tags":[],"class_list":{"0":"post-4986","1":"post","2":"type-post","3":"status-publish","4":"format-standard","5":"has-post-thumbnail","7":"category-portada"},"aioseo_notices":[],"_links":{"self":[{"href":"https:\/\/www.rengoenlanoticia.cl\/prensa\/wp-json\/wp\/v2\/posts\/4986","targetHints":{"allow":["GET"]}}],"collection":[{"href":"https:\/\/www.rengoenlanoticia.cl\/prensa\/wp-json\/wp\/v2\/posts"}],"about":[{"href":"https:\/\/www.rengoenlanoticia.cl\/prensa\/wp-json\/wp\/v2\/types\/post"}],"author":[{"embeddable":true,"href":"https:\/\/www.rengoenlanoticia.cl\/prensa\/wp-json\/wp\/v2\/users\/1"}],"replies":[{"embeddable":true,"href":"https:\/\/www.rengoenlanoticia.cl\/prensa\/wp-json\/wp\/v2\/comments?post=4986"}],"version-history":[{"count":3,"href":"https:\/\/www.rengoenlanoticia.cl\/prensa\/wp-json\/wp\/v2\/posts\/4986\/revisions"}],"predecessor-version":[{"id":4997,"href":"https:\/\/www.rengoenlanoticia.cl\/prensa\/wp-json\/wp\/v2\/posts\/4986\/revisions\/4997"}],"wp:featuredmedia":[{"embeddable":true,"href":"https:\/\/www.rengoenlanoticia.cl\/prensa\/wp-json\/wp\/v2\/media\/4990"}],"wp:attachment":[{"href":"https:\/\/www.rengoenlanoticia.cl\/prensa\/wp-json\/wp\/v2\/media?parent=4986"}],"wp:term":[{"taxonomy":"category","embeddable":true,"href":"https:\/\/www.rengoenlanoticia.cl\/prensa\/wp-json\/wp\/v2\/categories?post=4986"},{"taxonomy":"post_tag","embeddable":true,"href":"https:\/\/www.rengoenlanoticia.cl\/prensa\/wp-json\/wp\/v2\/tags?post=4986"}],"curies":[{"name":"wp","href":"https:\/\/api.w.org\/{rel}","templated":true}]}}