{"id":4978,"date":"2025-08-07T18:35:10","date_gmt":"2025-08-07T18:35:10","guid":{"rendered":"https:\/\/www.rengoenlanoticia.cl\/prensa\/?p=4978"},"modified":"2025-08-07T18:35:13","modified_gmt":"2025-08-07T18:35:13","slug":"diputada-marta-gonzalez-denuncia-que-codelco-envio-a-trabajadores-a-la-faena-pese-a-orden-de-suspension","status":"publish","type":"post","link":"https:\/\/www.rengoenlanoticia.cl\/prensa\/2025\/08\/07\/diputada-marta-gonzalez-denuncia-que-codelco-envio-a-trabajadores-a-la-faena-pese-a-orden-de-suspension\/","title":{"rendered":"Diputada Marta Gonz\u00e1lez denuncia que Codelco envi\u00f3 a trabajadores a la faena pese a orden de suspensi\u00f3n"},"content":{"rendered":"\n<p>La Diputada por la Regi\u00f3n de O\u2019Higgins, Marta Gonz\u00e1lez, se refiri\u00f3 a la tragedia en la Divisi\u00f3n El Teniente de Codelco, que cost\u00f3 la vida a seis trabajadores, y acus\u00f3 que algunos operarios fueron obligados a subir a faena, a pesar de la orden de suspensi\u00f3n dictada por Sernageomin y la Direcci\u00f3n del Trabajo.<\/p>\n\n\n\n<p>Desde el Congreso Nacional, la parlamentaria, ex dirigenta sindical en El Teniente, se\u00f1al\u00f3: \u201cNuestro pa\u00eds est\u00e1 conmocionado, y en especial nuestra Regi\u00f3n de O\u2019Higgins, tremendamente conmovida por el accidente en el mineral El Teniente, donde hemos perdido a seis trabajadores. Se est\u00e1n tomando distintas acciones por la gravedad del accidente, y una de esas acciones la ha determinado Sernageomin en conjunto con la Direcci\u00f3n del Trabajo: se ha suspendido toda faena al interior de la mina\u201d.<\/p>\n\n\n\n<p>Sin embargo, Gonz\u00e1lez denunci\u00f3 que, a pesar de la instrucci\u00f3n de suspender labores, algunos trabajadores fueron obligados a subir. \u201cNos han informado los trabajadores que, el d\u00eda de ayer, igualmente se les pidi\u00f3 subir en el turno A y en el turno B. Esta situaci\u00f3n fue constatada por la Seremi del Trabajo, y se les indic\u00f3 a esos trabajadores, a las empresas y a Codelco, que deb\u00edan bajar a los trabajadores y seguir la normativa\u201d, dijo.&nbsp;<\/p>\n\n\n\n<p>Luego acus\u00f3 que \u201ces inentendible que Codelco, a\u00fan con el tremendo accidente que hemos vivido, siga sin acatar las indicaciones que le est\u00e1n dando los organismos t\u00e9cnicos\u201d.<\/p>\n\n\n\n<p>\u201cLos trabajadores nos han indicado que al interior de la mina no est\u00e1n dadas las condiciones ni de salubridad ni de alimentaci\u00f3n para ejercer ning\u00fan tipo de trabajo, y que existe un riesgo permanente\u201d, alert\u00f3 Gonz\u00e1lez.<\/p>\n\n\n\n<p>La Diputada Marta Gonz\u00e1lez insisti\u00f3 en la necesidad de avanzar en cambios estructurales en la industria minera chilena para resguardar a las y los trabajadores. \u201cSon m\u00e1s de 12.000 trabajadores los que podr\u00edan estar en alg\u00fan riesgo futuro. No podemos seguir haciendo comisiones investigadoras sin que los resultados sean tomados en cuenta. Pero debemos ir m\u00e1s all\u00e1: necesitamos tener proyectos de ley estructurales que cambien la relaci\u00f3n contractual\u201d, concluy\u00f3.<\/p>\n\n\n\n<p>\u201c\u00bfQu\u00e9 ha tra\u00eddo, en la pr\u00e1ctica, el subcontrato? Precarizaci\u00f3n, condiciones inseguras, mala calidad de vida para los trabajadores contratistas, discriminaci\u00f3n. Esto no puede seguir sucediendo en nuestro pa\u00eds\u201d, acus\u00f3.<\/p>\n","protected":false},"excerpt":{"rendered":"La Diputada por la Regi\u00f3n de O\u2019Higgins, Marta Gonz\u00e1lez, se refiri\u00f3 a la tragedia en la Divisi\u00f3n El&hellip;\n","protected":false},"author":1,"featured_media":4979,"comment_status":"open","ping_status":"open","sticky":false,"template":"","format":"standard","meta":{"_monsterinsights_skip_tracking":false,"_monsterinsights_sitenote_active":false,"_monsterinsights_sitenote_note":"","_monsterinsights_sitenote_category":0,"footnotes":""},"categories":[11,8],"tags":[],"class_list":{"0":"post-4978","1":"post","2":"type-post","3":"status-publish","4":"format-standard","5":"has-post-thumbnail","7":"category-politica","8":"category-portada"},"aioseo_notices":[],"_links":{"self":[{"href":"https:\/\/www.rengoenlanoticia.cl\/prensa\/wp-json\/wp\/v2\/posts\/4978","targetHints":{"allow":["GET"]}}],"collection":[{"href":"https:\/\/www.rengoenlanoticia.cl\/prensa\/wp-json\/wp\/v2\/posts"}],"about":[{"href":"https:\/\/www.rengoenlanoticia.cl\/prensa\/wp-json\/wp\/v2\/types\/post"}],"author":[{"embeddable":true,"href":"https:\/\/www.rengoenlanoticia.cl\/prensa\/wp-json\/wp\/v2\/users\/1"}],"replies":[{"embeddable":true,"href":"https:\/\/www.rengoenlanoticia.cl\/prensa\/wp-json\/wp\/v2\/comments?post=4978"}],"version-history":[{"count":3,"href":"https:\/\/www.rengoenlanoticia.cl\/prensa\/wp-json\/wp\/v2\/posts\/4978\/revisions"}],"predecessor-version":[{"id":4982,"href":"https:\/\/www.rengoenlanoticia.cl\/prensa\/wp-json\/wp\/v2\/posts\/4978\/revisions\/4982"}],"wp:featuredmedia":[{"embeddable":true,"href":"https:\/\/www.rengoenlanoticia.cl\/prensa\/wp-json\/wp\/v2\/media\/4979"}],"wp:attachment":[{"href":"https:\/\/www.rengoenlanoticia.cl\/prensa\/wp-json\/wp\/v2\/media?parent=4978"}],"wp:term":[{"taxonomy":"category","embeddable":true,"href":"https:\/\/www.rengoenlanoticia.cl\/prensa\/wp-json\/wp\/v2\/categories?post=4978"},{"taxonomy":"post_tag","embeddable":true,"href":"https:\/\/www.rengoenlanoticia.cl\/prensa\/wp-json\/wp\/v2\/tags?post=4978"}],"curies":[{"name":"wp","href":"https:\/\/api.w.org\/{rel}","templated":true}]}}