{"id":4962,"date":"2025-08-07T03:39:07","date_gmt":"2025-08-07T03:39:07","guid":{"rendered":"https:\/\/www.rengoenlanoticia.cl\/prensa\/?p=4962"},"modified":"2025-08-07T03:39:12","modified_gmt":"2025-08-07T03:39:12","slug":"seis-detenidos-durante-el-transcurso-del-dia-de-hoy-por-ordenes-de-detencion-vigente-en-rengo","status":"publish","type":"post","link":"https:\/\/www.rengoenlanoticia.cl\/prensa\/2025\/08\/07\/seis-detenidos-durante-el-transcurso-del-dia-de-hoy-por-ordenes-de-detencion-vigente-en-rengo\/","title":{"rendered":"Seis detenidos durante el transcurso del d\u00eda de hoy por \u00f3rdenes de detenci\u00f3n vigente en Rengo"},"content":{"rendered":"\n<p>Personal de la cuarta comisar\u00eda de rengo, manteniendo la clara convicci\u00f3n de brindar mayor seguridad a los vecinos del sector, el d\u00eda de hoy durante el transcurso del d\u00eda y con motivo de diversas fiscalizaciones realizadas en la comuna, logra la detenci\u00f3n de cinco hombres y una mujer, por \u00f3rdenes de detenci\u00f3n vigente siendo identificados como:<\/p>\n\n\n\n<p>L.G.R.L de 37 a\u00f1os de edad, quien manten\u00eda orden por el delito de Hurto Simple, J.M.C.S de 41 a\u00f1os de edad, quien manten\u00eda orden por Receptaci\u00f3n de Veh\u00edculo motorizado, &nbsp;J.N.V.S de 32 a\u00f1os de edad, quien manten\u00eda orden por Desacato, J.E.R.G de 31 a\u00f1os de edad, quien manten\u00eda orden por el delito de amenazas, S.A.A.M de 34 a\u00f1os de edad, quien manten\u00eda orden por el delito de amenazas, M.A.R.R, de 51 a\u00f1os de edad, quien manten\u00eda orden por el delito de receptaci\u00f3n.<\/p>\n\n\n\n<p>Los seis detenidos ser\u00e1n puestos a disposici\u00f3n del ministerio p\u00fablico a espera de audiencia de control de detenci\u00f3n.<\/p>\n","protected":false},"excerpt":{"rendered":"Personal de la cuarta comisar\u00eda de rengo, manteniendo la clara convicci\u00f3n de brindar mayor seguridad a los vecinos&hellip;\n","protected":false},"author":1,"featured_media":4963,"comment_status":"open","ping_status":"open","sticky":false,"template":"","format":"standard","meta":{"_monsterinsights_skip_tracking":false,"_monsterinsights_sitenote_active":false,"_monsterinsights_sitenote_note":"","_monsterinsights_sitenote_category":0,"footnotes":""},"categories":[5,8],"tags":[],"class_list":{"0":"post-4962","1":"post","2":"type-post","3":"status-publish","4":"format-standard","5":"has-post-thumbnail","7":"category-policial","8":"category-portada"},"aioseo_notices":[],"_links":{"self":[{"href":"https:\/\/www.rengoenlanoticia.cl\/prensa\/wp-json\/wp\/v2\/posts\/4962","targetHints":{"allow":["GET"]}}],"collection":[{"href":"https:\/\/www.rengoenlanoticia.cl\/prensa\/wp-json\/wp\/v2\/posts"}],"about":[{"href":"https:\/\/www.rengoenlanoticia.cl\/prensa\/wp-json\/wp\/v2\/types\/post"}],"author":[{"embeddable":true,"href":"https:\/\/www.rengoenlanoticia.cl\/prensa\/wp-json\/wp\/v2\/users\/1"}],"replies":[{"embeddable":true,"href":"https:\/\/www.rengoenlanoticia.cl\/prensa\/wp-json\/wp\/v2\/comments?post=4962"}],"version-history":[{"count":3,"href":"https:\/\/www.rengoenlanoticia.cl\/prensa\/wp-json\/wp\/v2\/posts\/4962\/revisions"}],"predecessor-version":[{"id":4970,"href":"https:\/\/www.rengoenlanoticia.cl\/prensa\/wp-json\/wp\/v2\/posts\/4962\/revisions\/4970"}],"wp:featuredmedia":[{"embeddable":true,"href":"https:\/\/www.rengoenlanoticia.cl\/prensa\/wp-json\/wp\/v2\/media\/4963"}],"wp:attachment":[{"href":"https:\/\/www.rengoenlanoticia.cl\/prensa\/wp-json\/wp\/v2\/media?parent=4962"}],"wp:term":[{"taxonomy":"category","embeddable":true,"href":"https:\/\/www.rengoenlanoticia.cl\/prensa\/wp-json\/wp\/v2\/categories?post=4962"},{"taxonomy":"post_tag","embeddable":true,"href":"https:\/\/www.rengoenlanoticia.cl\/prensa\/wp-json\/wp\/v2\/tags?post=4962"}],"curies":[{"name":"wp","href":"https:\/\/api.w.org\/{rel}","templated":true}]}}