{"id":4957,"date":"2025-08-07T03:19:22","date_gmt":"2025-08-07T03:19:22","guid":{"rendered":"https:\/\/www.rengoenlanoticia.cl\/prensa\/?p=4957"},"modified":"2025-08-07T03:33:19","modified_gmt":"2025-08-07T03:33:19","slug":"carabineros-detiene-a-2-sujetos-por-robo-y-secuestro","status":"publish","type":"post","link":"https:\/\/www.rengoenlanoticia.cl\/prensa\/2025\/08\/07\/carabineros-detiene-a-2-sujetos-por-robo-y-secuestro\/","title":{"rendered":"Carabineros detiene a 2 sujetos por robo y secuestro"},"content":{"rendered":"\n<p>Carabineros de la Subcomisar\u00eda Diego Portales detuvo a dos sujetos implicados en un grave hecho delictual que incluy\u00f3 un presunto secuestro y robo en lugar habitado.<\/p>\n\n\n\n<p>Siendo las 09:15 horas, Carabineros concurre a un domicilio ubicado en Pasaje Dignidad de la poblaci\u00f3n Diego Portales, tras recibir un llamado que alertaba sobre un robo en curso. En el lugar, se procede a la detenci\u00f3n de un hombre adulto, identificado como F.N.T.C., chileno, con un amplio prontuario por delitos asociados a la Ley 20.000, porte de arma y robo, entre otros.<\/p>\n\n\n\n<p>Asimismo, es interceptada una camioneta que se encontraba en el exterior del domicilio por el personal policial, logrando la detenci\u00f3n de un segundo implicado, identificado como R.M.J.C., ciudadano venezolano de 30 a\u00f1os, quien se encuentra en el pa\u00eds en situaci\u00f3n migratoria irregular.<\/p>\n\n\n\n<p>Posteriormente, se entrevista a la v\u00edctima del hecho, un hombre identificado como C.A.M.M., chileno, de 52 a\u00f1os, quien presentaba lesiones graves en el rostro. El mismo se\u00f1al\u00f3 haber sido secuestrado por ambos sujetos alrededor de las 09:00 horas, en las cercan\u00edas de su domicilio.<\/p>\n\n\n\n<p>Por instrucci\u00f3n del fiscal de turno, se constituye en el lugar personal especializado de OS9, LABOCAR y SIP de la Tercera Comisaria Rancagua Oriente, con el fin de desarrollar diligencias investigativas orientadas a esclarecer la din\u00e1mica de los hechos.<\/p>\n\n\n\n<p>Durante el procedimiento, y con autorizaci\u00f3n del propietario, se realiz\u00f3 ingreso voluntario al domicilio de la v\u00edctima, donde se incautaron 1.060 cajetillas de cigarrillos.<\/p>\n\n\n\n<p>Ambos detenidos fueron puestos a disposici\u00f3n del tribunal por los delitos de robo en lugar habitado y secuestro. Por su parte, la v\u00edctima tambi\u00e9n fue detenida por el delito de contrabando, quedando citada al tribunal.<\/p>\n","protected":false},"excerpt":{"rendered":"Carabineros de la Subcomisar\u00eda Diego Portales detuvo a dos sujetos implicados en un grave hecho delictual que incluy\u00f3&hellip;\n","protected":false},"author":1,"featured_media":4958,"comment_status":"open","ping_status":"open","sticky":false,"template":"","format":"standard","meta":{"_monsterinsights_skip_tracking":false,"_monsterinsights_sitenote_active":false,"_monsterinsights_sitenote_note":"","_monsterinsights_sitenote_category":0,"footnotes":""},"categories":[5,8],"tags":[],"class_list":{"0":"post-4957","1":"post","2":"type-post","3":"status-publish","4":"format-standard","5":"has-post-thumbnail","7":"category-policial","8":"category-portada"},"aioseo_notices":[],"_links":{"self":[{"href":"https:\/\/www.rengoenlanoticia.cl\/prensa\/wp-json\/wp\/v2\/posts\/4957","targetHints":{"allow":["GET"]}}],"collection":[{"href":"https:\/\/www.rengoenlanoticia.cl\/prensa\/wp-json\/wp\/v2\/posts"}],"about":[{"href":"https:\/\/www.rengoenlanoticia.cl\/prensa\/wp-json\/wp\/v2\/types\/post"}],"author":[{"embeddable":true,"href":"https:\/\/www.rengoenlanoticia.cl\/prensa\/wp-json\/wp\/v2\/users\/1"}],"replies":[{"embeddable":true,"href":"https:\/\/www.rengoenlanoticia.cl\/prensa\/wp-json\/wp\/v2\/comments?post=4957"}],"version-history":[{"count":3,"href":"https:\/\/www.rengoenlanoticia.cl\/prensa\/wp-json\/wp\/v2\/posts\/4957\/revisions"}],"predecessor-version":[{"id":4965,"href":"https:\/\/www.rengoenlanoticia.cl\/prensa\/wp-json\/wp\/v2\/posts\/4957\/revisions\/4965"}],"wp:featuredmedia":[{"embeddable":true,"href":"https:\/\/www.rengoenlanoticia.cl\/prensa\/wp-json\/wp\/v2\/media\/4958"}],"wp:attachment":[{"href":"https:\/\/www.rengoenlanoticia.cl\/prensa\/wp-json\/wp\/v2\/media?parent=4957"}],"wp:term":[{"taxonomy":"category","embeddable":true,"href":"https:\/\/www.rengoenlanoticia.cl\/prensa\/wp-json\/wp\/v2\/categories?post=4957"},{"taxonomy":"post_tag","embeddable":true,"href":"https:\/\/www.rengoenlanoticia.cl\/prensa\/wp-json\/wp\/v2\/tags?post=4957"}],"curies":[{"name":"wp","href":"https:\/\/api.w.org\/{rel}","templated":true}]}}