{"id":4935,"date":"2025-08-07T02:48:41","date_gmt":"2025-08-07T02:48:41","guid":{"rendered":"https:\/\/www.rengoenlanoticia.cl\/prensa\/?p=4935"},"modified":"2025-08-07T02:58:40","modified_gmt":"2025-08-07T02:58:40","slug":"1000-kilos-de-residuos-electronicos-fueron-recolectados-gracias-a-campana-de-reciclaje-en-cuatro-comunas-de-ohiggins","status":"publish","type":"post","link":"https:\/\/www.rengoenlanoticia.cl\/prensa\/2025\/08\/07\/1000-kilos-de-residuos-electronicos-fueron-recolectados-gracias-a-campana-de-reciclaje-en-cuatro-comunas-de-ohiggins\/","title":{"rendered":"1000 kilos de residuos electr\u00f3nicos fueron recolectados gracias a campa\u00f1a de reciclaje en cuatro comunas de O\u00b4Higgins"},"content":{"rendered":"\n<p><em>La iniciativa se implement\u00f3 en Lolol, Paredones, Pumanque y Marchigue y permitir\u00e1 valorizar este producto prioritario de la Ley REP del Ministerio del Medio Ambiente.<\/em><\/p>\n\n\n\n<p>Una exitosa campa\u00f1a de reciclaje se llev\u00f3 a cabo por los municipios de Lolol, Paredones, Pumanque y Marchigue, con el patrocinio de la Seremi del Medio Ambiente O\u00b4Higgins, la cual permiti\u00f3 recolectar una tonelada de residuos electr\u00f3nicos que podr\u00e1n ser valorizados por la empresa T- Reciclamos.<\/p>\n\n\n\n<p>La campa\u00f1a ejecutada por las respectivas unidades de Medio Ambiente de estas comunas, permiti\u00f3 reunir: Computadores, celulares, electrodom\u00e9sticos, equipos de audio y video, televisores, entre otros, los cuales son considerados prioritarios dentro de la Ley de Responsabilidad Extendida del Productor o tambi\u00e9n conocida como Ley REP, con lo cual se impulsa su implementaci\u00f3n en la regi\u00f3n de O&#8217;Higgins.<\/p>\n\n\n\n<p>La Seremi del Medio Ambiente (s), Alyson Hadad, sostuvo que \u201cla articulaci\u00f3n entre el sector p\u00fablico y privado es un c\u00edrculo virtuoso que nos ha permitido tener excelentes resultados en materia de reciclaje en nuestra regi\u00f3n. Este tipo de iniciativas nos ha permitido promover la conciencia ciudadana en torno a esta tem\u00e1tica. Agradecemos el compromiso de estos municipios al implementar iniciativas concretas de reciclaje en sus comunas, sobre todo al promover la recolecci\u00f3n de aparatos el\u00e9ctricos y electr\u00f3nicos, al ser un producto prioritario de la Ley REP\u201d.<\/p>\n\n\n\n<p>Esta no es la \u00fanica campa\u00f1a de reciclaje de este tipo de residuos implementada por municipios de la regi\u00f3n de O\u00b4Higgins con patrocinio de la Seremi del Medio Ambiente O\u00b4Higgins este a\u00f1o, ya que, con anterioridad, en el mes de abril, el municipio de Codegua pudo recolectar 300 kilos de residuos, mientras que, en el mes de mayo, en Machal\u00ed y Mostazal, se pudo recolectar 1000 kilos de residuos en cada una de estas comunas. Por lo cual, hasta la fecha, gracias a este tipo de iniciativas, este a\u00f1o se ha podido sacar de circulaci\u00f3n 3.300 kilos de residuos, evitando que lleguen a contaminar entornos naturales o se transformen en microbasurales.<\/p>\n\n\n\n<p><strong>\u00bfQu\u00e9 establece la Ley REP respecto de aparatos el\u00e9ctricos y electr\u00f3nicos?<br><br><\/strong>En junio de 2025, el Consejo de Ministros para la Sustentabilidad y el Cambio Clim\u00e1tico, presidido por la ministra del Medio Ambiente, Maisa Rojas, aprob\u00f3 el decreto que fija las metas de recolecci\u00f3n y valorizaci\u00f3n para las pilas y los aparatos el\u00e9ctricos y electr\u00f3nicos, incluyendo paneles fotovoltaicos. Esta nueva regulaci\u00f3n marca un hito clave en la implementaci\u00f3n de la Ley de Responsabilidad Extendida del Productor (REP), tambi\u00e9n conocida como la Ley del Reciclaje.<\/p>\n\n\n\n<p>Este decreto establece las obligaciones que deber\u00e1n cumplir los productores, es decir, quienes introducen por primera vez estos productos al mercado nacional, estableciendo metas graduales de recolecci\u00f3n. Para pilas y aparatos el\u00e9ctricos y electr\u00f3nicos, la recolecci\u00f3n parte con una meta del 3% en el primer a\u00f1o, aumentando gradualmente hasta llegar a un 45% en el d\u00e9cimo a\u00f1o.<\/p>\n\n\n\n<p>Adem\u00e1s, se establecen metas particulares para aparatos de intercambio de temperatura \u2014como refrigeradores y aires acondicionados\u2014 y para paneles fotovoltaicos. En este \u00faltimo caso, la meta parte en 10% en el tercer a\u00f1o y llegar\u00e1 al 50% al d\u00e9cimo a\u00f1o. Estas tienen como objetivo que los regulados se hagan cargo de residuos que son m\u00e1s dif\u00edciles y costosos de tratar y que pueden tener un mayor impacto en el medioambiente.<\/p>\n\n\n\n<p>Luego de su aprobaci\u00f3n por el Consejo de Ministros, el decreto ser\u00e1 enviado a la firma del Presidente de la Rep\u00fablica. Posteriormente, ingresar\u00e1 a la Contralor\u00eda General de la Rep\u00fablica para su toma de raz\u00f3n, tr\u00e1mite previo a su publicaci\u00f3n en el Diario Oficial.<\/p>\n\n\n\n<p>Una vez publicado, se establece un plazo de dos a\u00f1os antes de iniciar el primer a\u00f1o de cumplimiento de metas, lo que permitir\u00e1 a los actores involucrados prepararse para su adecuada implementaci\u00f3n.<\/p>\n","protected":false},"excerpt":{"rendered":"La iniciativa se implement\u00f3 en Lolol, Paredones, Pumanque y Marchigue y permitir\u00e1 valorizar este producto prioritario de la&hellip;\n","protected":false},"author":1,"featured_media":4939,"comment_status":"open","ping_status":"open","sticky":false,"template":"","format":"standard","meta":{"_monsterinsights_skip_tracking":false,"_monsterinsights_sitenote_active":false,"_monsterinsights_sitenote_note":"","_monsterinsights_sitenote_category":0,"footnotes":""},"categories":[8],"tags":[],"class_list":{"0":"post-4935","1":"post","2":"type-post","3":"status-publish","4":"format-standard","5":"has-post-thumbnail","7":"category-portada"},"aioseo_notices":[],"_links":{"self":[{"href":"https:\/\/www.rengoenlanoticia.cl\/prensa\/wp-json\/wp\/v2\/posts\/4935","targetHints":{"allow":["GET"]}}],"collection":[{"href":"https:\/\/www.rengoenlanoticia.cl\/prensa\/wp-json\/wp\/v2\/posts"}],"about":[{"href":"https:\/\/www.rengoenlanoticia.cl\/prensa\/wp-json\/wp\/v2\/types\/post"}],"author":[{"embeddable":true,"href":"https:\/\/www.rengoenlanoticia.cl\/prensa\/wp-json\/wp\/v2\/users\/1"}],"replies":[{"embeddable":true,"href":"https:\/\/www.rengoenlanoticia.cl\/prensa\/wp-json\/wp\/v2\/comments?post=4935"}],"version-history":[{"count":3,"href":"https:\/\/www.rengoenlanoticia.cl\/prensa\/wp-json\/wp\/v2\/posts\/4935\/revisions"}],"predecessor-version":[{"id":4945,"href":"https:\/\/www.rengoenlanoticia.cl\/prensa\/wp-json\/wp\/v2\/posts\/4935\/revisions\/4945"}],"wp:featuredmedia":[{"embeddable":true,"href":"https:\/\/www.rengoenlanoticia.cl\/prensa\/wp-json\/wp\/v2\/media\/4939"}],"wp:attachment":[{"href":"https:\/\/www.rengoenlanoticia.cl\/prensa\/wp-json\/wp\/v2\/media?parent=4935"}],"wp:term":[{"taxonomy":"category","embeddable":true,"href":"https:\/\/www.rengoenlanoticia.cl\/prensa\/wp-json\/wp\/v2\/categories?post=4935"},{"taxonomy":"post_tag","embeddable":true,"href":"https:\/\/www.rengoenlanoticia.cl\/prensa\/wp-json\/wp\/v2\/tags?post=4935"}],"curies":[{"name":"wp","href":"https:\/\/api.w.org\/{rel}","templated":true}]}}