{"id":4928,"date":"2025-08-06T00:46:47","date_gmt":"2025-08-06T00:46:47","guid":{"rendered":"https:\/\/www.rengoenlanoticia.cl\/prensa\/?p=4928"},"modified":"2025-08-06T00:48:07","modified_gmt":"2025-08-06T00:48:07","slug":"diputado-raul-soto-solicita-al-presidente-boric-otorgar-pensiones-de-gracia-vitalicias-a-familias-de-mineros-fallecidos-en-el-teniente","status":"publish","type":"post","link":"https:\/\/www.rengoenlanoticia.cl\/prensa\/2025\/08\/06\/diputado-raul-soto-solicita-al-presidente-boric-otorgar-pensiones-de-gracia-vitalicias-a-familias-de-mineros-fallecidos-en-el-teniente\/","title":{"rendered":"Diputado Ra\u00fal Soto solicita al Presidente Boric otorgar pensiones de gracia vitalicias a familias de mineros fallecidos en El Teniente"},"content":{"rendered":"\n<p><em>El parlamentario por el distrito 15 de O&#8217;Higgins, le solicita al mandatario a trav\u00e9s de una carta que considere esta medida como una respuesta de justicia y compasi\u00f3n ante el dolor de las familias.<\/em><\/p>\n\n\n\n<p>El diputado Ra\u00fal Soto envi\u00f3 esta ma\u00f1ana una carta al Presidente Gabriel Boric&nbsp;<strong>solicitando el otorgamiento de pensiones de gracia vitalicias para las familias de los seis trabajadores fallecidos&nbsp;<\/strong>en la cat\u00e1strofe minera ocurrida el pasado jueves 31 de julio en la Divisi\u00f3n El Teniente, en la Regi\u00f3n de O\u2019Higgins.<\/p>\n\n\n\n<p>En el escrito,<strong>&nbsp;el legislador pide al mandatario, en el marco de sus atribuciones constitucionales y legales<\/strong>, que considere esta medida como una respuesta de justicia y compasi\u00f3n ante el dolor de las familias de Paulo Mar\u00edn Tapia, Gonzalo N\u00fa\u00f1ez Caroca, \u00c1lex Araya Acevedo, Carlos Arancibia Valenzuela, Jean Miranda Ibaceta y Mois\u00e9s Pavez Armijo.<\/p>\n\n\n\n<p>\u00abLas familias de las v\u00edctimas enfrentan un futuro devastador.&nbsp;<strong>Muchos de los mineros eran hombres j\u00f3venes con hijos peque\u00f1os o, a\u00fan m\u00e1s doloroso: con beb\u00e9s en camino<\/strong>. Estas tragedias no solo significan la p\u00e9rdida de un ser querido, sino tambi\u00e9n el abrupto fin de los sue\u00f1os y esperanzas de familias enteras, dejando a esposas y madres a cargo de criar solas a sus hijos, algunos de los cuales nunca conocer\u00e1n a sus padres\u00bb, se\u00f1ala el diputado del distrito 15 de O\u2019Higgins.<\/p>\n\n\n\n<p>El legislador a\u00f1ade que \u201cla medida solicitada constituye un gesto concreto de humanidad, memoria y reconocimiento hacia quienes, con su trabajo, han sostenido el crecimiento de Chile incluso a costa de sus vidas\u201d.<\/p>\n\n\n\n<p>La solicitud<strong>&nbsp;se fundamenta en el art\u00edculo 32 N\u00b014 de la Constituci\u00f3n y el Decreto con Fuerza de Ley N\u00b01 de 1996<\/strong>, que facultan al presidente para conceder este tipo de pensiones por razones fundadas de car\u00e1cter social, humanitario o de reconocimiento a servicios prestados al pa\u00eds.<\/p>\n\n\n\n<p>Esto, adem\u00e1s, con el precedente de las pensiones de gracia otorgadas a los sobrevivientes del derrumbe en la mina San Jos\u00e9 en 2010. \u00abEse mismo est\u00e1ndar \u00e9tico debiera aplicarse a quienes no sobrevivieron, pero cuyo testimonio, proyectado en sus familias m\u00e1s cercanas, no debe quedar en el olvido ni en el abandono\u201d, dice el parlamentario.<\/p>\n\n\n\n<p>FUENTE: https:\/\/eltipografo.cl<\/p>\n","protected":false},"excerpt":{"rendered":"El parlamentario por el distrito 15 de O&#8217;Higgins, le solicita al mandatario a trav\u00e9s de una carta que&hellip;\n","protected":false},"author":1,"featured_media":4930,"comment_status":"open","ping_status":"open","sticky":false,"template":"","format":"standard","meta":{"_monsterinsights_skip_tracking":false,"_monsterinsights_sitenote_active":false,"_monsterinsights_sitenote_note":"","_monsterinsights_sitenote_category":0,"footnotes":""},"categories":[11,8],"tags":[],"class_list":{"0":"post-4928","1":"post","2":"type-post","3":"status-publish","4":"format-standard","5":"has-post-thumbnail","7":"category-politica","8":"category-portada"},"aioseo_notices":[],"_links":{"self":[{"href":"https:\/\/www.rengoenlanoticia.cl\/prensa\/wp-json\/wp\/v2\/posts\/4928","targetHints":{"allow":["GET"]}}],"collection":[{"href":"https:\/\/www.rengoenlanoticia.cl\/prensa\/wp-json\/wp\/v2\/posts"}],"about":[{"href":"https:\/\/www.rengoenlanoticia.cl\/prensa\/wp-json\/wp\/v2\/types\/post"}],"author":[{"embeddable":true,"href":"https:\/\/www.rengoenlanoticia.cl\/prensa\/wp-json\/wp\/v2\/users\/1"}],"replies":[{"embeddable":true,"href":"https:\/\/www.rengoenlanoticia.cl\/prensa\/wp-json\/wp\/v2\/comments?post=4928"}],"version-history":[{"count":3,"href":"https:\/\/www.rengoenlanoticia.cl\/prensa\/wp-json\/wp\/v2\/posts\/4928\/revisions"}],"predecessor-version":[{"id":4933,"href":"https:\/\/www.rengoenlanoticia.cl\/prensa\/wp-json\/wp\/v2\/posts\/4928\/revisions\/4933"}],"wp:featuredmedia":[{"embeddable":true,"href":"https:\/\/www.rengoenlanoticia.cl\/prensa\/wp-json\/wp\/v2\/media\/4930"}],"wp:attachment":[{"href":"https:\/\/www.rengoenlanoticia.cl\/prensa\/wp-json\/wp\/v2\/media?parent=4928"}],"wp:term":[{"taxonomy":"category","embeddable":true,"href":"https:\/\/www.rengoenlanoticia.cl\/prensa\/wp-json\/wp\/v2\/categories?post=4928"},{"taxonomy":"post_tag","embeddable":true,"href":"https:\/\/www.rengoenlanoticia.cl\/prensa\/wp-json\/wp\/v2\/tags?post=4928"}],"curies":[{"name":"wp","href":"https:\/\/api.w.org\/{rel}","templated":true}]}}