{"id":4922,"date":"2025-08-05T21:12:02","date_gmt":"2025-08-05T21:12:02","guid":{"rendered":"https:\/\/www.rengoenlanoticia.cl\/prensa\/?p=4922"},"modified":"2025-08-05T21:12:23","modified_gmt":"2025-08-05T21:12:23","slug":"capacitacion-y-asistencia-tecnica-fortalecen-atencion-de-salud-mental","status":"publish","type":"post","link":"https:\/\/www.rengoenlanoticia.cl\/prensa\/2025\/08\/05\/capacitacion-y-asistencia-tecnica-fortalecen-atencion-de-salud-mental\/","title":{"rendered":"Capacitaci\u00f3n y asistencia t\u00e9cnica fortalecen atenci\u00f3n de salud mental"},"content":{"rendered":"\n<p>Capacitaci\u00f3n, asistencia cl\u00ednica y trabajo colaborativo entre niveles buscan mejorar la calidad de atenci\u00f3n en APS.<\/p>\n\n\n\n<p>En el marco del trabajo colaborativo entre equipos de atenci\u00f3n secundaria y Atenci\u00f3n Primaria de Salud (APS), profesionales del Servicio de Salud Mental y Psiquiatr\u00eda del COSAM del Hospital de Santa Cruz realizaron una jornada de consultor\u00eda conjunta con el equipo de salud mental del Hospital de Marchig\u00fce.<\/p>\n\n\n\n<p>La actividad se desarroll\u00f3 como parte del apoyo t\u00e9cnico que entrega la red de salud mental del Servicio de Salud O\u2019Higgins a los equipos locales, con el objetivo de fortalecer las competencias cl\u00ednicas, mejorar la resoluci\u00f3n de casos complejos y asegurar una atenci\u00f3n integral y de calidad para los usuarios y usuarias de la micro\u00e1rea Santa Cruz.<\/p>\n\n\n\n<p>Durante la jornada, se efectu\u00f3 revisi\u00f3n de casos cl\u00ednicos, asistencia t\u00e9cnica a profesionales y una instancia de capacitaci\u00f3n dirigida a los equipos de APS sobre el manejo de los trastornos del sue\u00f1o, a cargo de la psiquiatra Dra. Natalia Donoso, especialista del COSAM de Santa Cruz.<\/p>\n\n\n\n<p>Sobre lo anterior, el director del Hospital de Santa Cruz, Dr. Sebasti\u00e1n Urz\u00faa, valor\u00f3 esta instancia como un paso clave para avanzar en un modelo de atenci\u00f3n integral en salud mental, indicando que \u201cla consultor\u00eda es una herramienta fundamental para la integraci\u00f3n entre niveles de atenci\u00f3n. Nos permite compartir conocimientos, fortalecer la red y, por sobre todo, mejorar el acompa\u00f1amiento que brindamos a los usuarios en su proceso de salud mental. Agradecemos el compromiso del equipo del COSAM y la activa participaci\u00f3n del Hospital de Marchig\u00fce en este trabajo conjunto\u201d.<\/p>\n\n\n\n<p>Sin duda que este tipo de acciones reflejan el compromiso de la red de salud mental de la micro\u00e1rea Santa Cruz con el enfoque comunitario y el trabajo interdisciplinario, promoviendo una atenci\u00f3n m\u00e1s cercana, resolutiva y humanizada para las personas.<\/p>\n","protected":false},"excerpt":{"rendered":"Capacitaci\u00f3n, asistencia cl\u00ednica y trabajo colaborativo entre niveles buscan mejorar la calidad de atenci\u00f3n en APS. En el&hellip;\n","protected":false},"author":1,"featured_media":4923,"comment_status":"open","ping_status":"open","sticky":false,"template":"","format":"standard","meta":{"_monsterinsights_skip_tracking":false,"_monsterinsights_sitenote_active":false,"_monsterinsights_sitenote_note":"","_monsterinsights_sitenote_category":0,"footnotes":""},"categories":[8],"tags":[],"class_list":{"0":"post-4922","1":"post","2":"type-post","3":"status-publish","4":"format-standard","5":"has-post-thumbnail","7":"category-portada"},"aioseo_notices":[],"_links":{"self":[{"href":"https:\/\/www.rengoenlanoticia.cl\/prensa\/wp-json\/wp\/v2\/posts\/4922","targetHints":{"allow":["GET"]}}],"collection":[{"href":"https:\/\/www.rengoenlanoticia.cl\/prensa\/wp-json\/wp\/v2\/posts"}],"about":[{"href":"https:\/\/www.rengoenlanoticia.cl\/prensa\/wp-json\/wp\/v2\/types\/post"}],"author":[{"embeddable":true,"href":"https:\/\/www.rengoenlanoticia.cl\/prensa\/wp-json\/wp\/v2\/users\/1"}],"replies":[{"embeddable":true,"href":"https:\/\/www.rengoenlanoticia.cl\/prensa\/wp-json\/wp\/v2\/comments?post=4922"}],"version-history":[{"count":2,"href":"https:\/\/www.rengoenlanoticia.cl\/prensa\/wp-json\/wp\/v2\/posts\/4922\/revisions"}],"predecessor-version":[{"id":4925,"href":"https:\/\/www.rengoenlanoticia.cl\/prensa\/wp-json\/wp\/v2\/posts\/4922\/revisions\/4925"}],"wp:featuredmedia":[{"embeddable":true,"href":"https:\/\/www.rengoenlanoticia.cl\/prensa\/wp-json\/wp\/v2\/media\/4923"}],"wp:attachment":[{"href":"https:\/\/www.rengoenlanoticia.cl\/prensa\/wp-json\/wp\/v2\/media?parent=4922"}],"wp:term":[{"taxonomy":"category","embeddable":true,"href":"https:\/\/www.rengoenlanoticia.cl\/prensa\/wp-json\/wp\/v2\/categories?post=4922"},{"taxonomy":"post_tag","embeddable":true,"href":"https:\/\/www.rengoenlanoticia.cl\/prensa\/wp-json\/wp\/v2\/tags?post=4922"}],"curies":[{"name":"wp","href":"https:\/\/api.w.org\/{rel}","templated":true}]}}