{"id":4914,"date":"2025-08-05T21:16:53","date_gmt":"2025-08-05T21:16:53","guid":{"rendered":"https:\/\/www.rengoenlanoticia.cl\/prensa\/?p=4914"},"modified":"2025-08-05T21:17:12","modified_gmt":"2025-08-05T21:17:12","slug":"docentes-de-rengo-se-capacitan-con-conaf-en-prevencion-de-incendios-y-cuidado-del-medio-ambiente","status":"publish","type":"post","link":"https:\/\/www.rengoenlanoticia.cl\/prensa\/2025\/08\/05\/docentes-de-rengo-se-capacitan-con-conaf-en-prevencion-de-incendios-y-cuidado-del-medio-ambiente\/","title":{"rendered":"Docentes de Rengo se capacitan con CONAF en prevenci\u00f3n \u00a0\u00a0de incendios y cuidado del medio ambiente"},"content":{"rendered":"\n<p><strong>Se escogi\u00f3 esta comuna debido a la alta ocurrencia de incendios forestales que se produjeron la temporada anterior, con un total de 36 eventos.<\/strong><\/p>\n\n\n\n<p>En la Escuela Huilquio de Cerrillo, se realiz\u00f3 el taller \u201cEducaci\u00f3n Ambiental Formal con \u00c9nfasis en la prevenci\u00f3n de Incendios Forestales\u201d a 23 docentes de la comuna de Rengo. El director regional de CONAF, Oscar Galdames Flores, explic\u00f3 que se escogi\u00f3 esta comuna debido a la alta ocurrencia de incendios forestales que se produjeron la temporada anterior, con un total de 36 eventos.<\/p>\n\n\n\n<p>\u201cRealizamos este taller de capacitaci\u00f3n ambiental formal donde le entregamos a las y los profesores conocimientos sobre qu\u00e9 son los incendios forestales y su prevenci\u00f3n, adem\u00e1s de otras materias y herramientas que les permitir\u00e1n compartir esta informaci\u00f3n con sus estudiantes\u201d, se\u00f1al\u00f3 la autoridad.<\/p>\n\n\n\n<p>\u201cCreemos que desde la entrega de herramientas a profesores vamos a trascender con estos conocimientos a los ni\u00f1os y ni\u00f1as de la comuna, quienes a su vez lo conversar\u00e1n con sus familias y podremos abarcar gran parte de la comunidad con nuestro mensaje de prevenci\u00f3n de incendios forestales y cuidado del medio ambiente\u201d, concluy\u00f3.<\/p>\n\n\n\n<p>Oscar Galdames destac\u00f3 la activa y amena participaci\u00f3n de los y las docentes, quienes se instruyeron en temas contenidos en cinco m\u00f3dulos, tales como Educaci\u00f3n Ambiental y la prevenci\u00f3n de incendios forestales; Incendios forestales su origen y comportamiento; Relaci\u00f3n entre megasequ\u00eda, bosques e incendios; Flora y fauna en nuestro bosque y \u201cConociendo el material de apoyo did\u00e1ctico de CONAF\u201d.<\/p>\n\n\n\n<p>Cecilia Contreras, profesora de Ciencias de la Escuela Huilquio, se\u00f1al\u00f3 que el taller \u201cha sido bastante enriquecedor y nos ha servido para reforzar todas nuestras ganas para poder transmitir a la comunidad las prevenciones que corresponden a los incendios. La iniciativa de CONAF nos parece excelente porque de verdad la comunidad necesita estar en conocimiento para mantener una conducta preventiva\u201d.<\/p>\n\n\n\n<p>Catalina Corbal\u00e1n, docente de la Escuela Lo de Lobos, coment\u00f3 que la experiencia \u201cpara m\u00ed fue s\u00faper enriquecedora, super\u00f3 mis expectativas. CONAF nos entreg\u00f3 mucho conocimiento y estrategias tambi\u00e9n para poder transmitir estos conocimientos a nuestros estudiantes\u201d.<\/p>\n\n\n\n<p>Agreg\u00f3 que los aspectos que m\u00e1s destacaron de este taller fueron \u201cla forma l\u00fadica en la cual nos entregaron la informaci\u00f3n, la conciencia que tienen por la localidad y la importancia que le dan a la comunidad para prevenir los incendios y cuidar nuestro medio ambiente\u201d.<\/p>\n","protected":false},"excerpt":{"rendered":"Se escogi\u00f3 esta comuna debido a la alta ocurrencia de incendios forestales que se produjeron la temporada anterior,&hellip;\n","protected":false},"author":1,"featured_media":4926,"comment_status":"open","ping_status":"open","sticky":false,"template":"","format":"standard","meta":{"_monsterinsights_skip_tracking":false,"_monsterinsights_sitenote_active":false,"_monsterinsights_sitenote_note":"","_monsterinsights_sitenote_category":0,"footnotes":""},"categories":[8],"tags":[],"class_list":{"0":"post-4914","1":"post","2":"type-post","3":"status-publish","4":"format-standard","5":"has-post-thumbnail","7":"category-portada"},"aioseo_notices":[],"_links":{"self":[{"href":"https:\/\/www.rengoenlanoticia.cl\/prensa\/wp-json\/wp\/v2\/posts\/4914","targetHints":{"allow":["GET"]}}],"collection":[{"href":"https:\/\/www.rengoenlanoticia.cl\/prensa\/wp-json\/wp\/v2\/posts"}],"about":[{"href":"https:\/\/www.rengoenlanoticia.cl\/prensa\/wp-json\/wp\/v2\/types\/post"}],"author":[{"embeddable":true,"href":"https:\/\/www.rengoenlanoticia.cl\/prensa\/wp-json\/wp\/v2\/users\/1"}],"replies":[{"embeddable":true,"href":"https:\/\/www.rengoenlanoticia.cl\/prensa\/wp-json\/wp\/v2\/comments?post=4914"}],"version-history":[{"count":2,"href":"https:\/\/www.rengoenlanoticia.cl\/prensa\/wp-json\/wp\/v2\/posts\/4914\/revisions"}],"predecessor-version":[{"id":4929,"href":"https:\/\/www.rengoenlanoticia.cl\/prensa\/wp-json\/wp\/v2\/posts\/4914\/revisions\/4929"}],"wp:featuredmedia":[{"embeddable":true,"href":"https:\/\/www.rengoenlanoticia.cl\/prensa\/wp-json\/wp\/v2\/media\/4926"}],"wp:attachment":[{"href":"https:\/\/www.rengoenlanoticia.cl\/prensa\/wp-json\/wp\/v2\/media?parent=4914"}],"wp:term":[{"taxonomy":"category","embeddable":true,"href":"https:\/\/www.rengoenlanoticia.cl\/prensa\/wp-json\/wp\/v2\/categories?post=4914"},{"taxonomy":"post_tag","embeddable":true,"href":"https:\/\/www.rengoenlanoticia.cl\/prensa\/wp-json\/wp\/v2\/tags?post=4914"}],"curies":[{"name":"wp","href":"https:\/\/api.w.org\/{rel}","templated":true}]}}