{"id":4911,"date":"2025-08-05T21:08:07","date_gmt":"2025-08-05T21:08:07","guid":{"rendered":"https:\/\/www.rengoenlanoticia.cl\/prensa\/?p=4911"},"modified":"2025-08-05T21:08:09","modified_gmt":"2025-08-05T21:08:09","slug":"estudiantes-de-los-colegios-ingles-saint-john-y-los-cipreses-de-lo-miranda-participan-en-charlas-y-recorridos-por-la-corte-de-rancagua","status":"publish","type":"post","link":"https:\/\/www.rengoenlanoticia.cl\/prensa\/2025\/08\/05\/estudiantes-de-los-colegios-ingles-saint-john-y-los-cipreses-de-lo-miranda-participan-en-charlas-y-recorridos-por-la-corte-de-rancagua\/","title":{"rendered":"Estudiantes de los colegios Ingl\u00e9s Saint John y Los Cipreses de Lo Miranda participan en charlas y recorridos por la Corte de Rancagua"},"content":{"rendered":"\n<p>Fueron cerca de 100 estudiantes del Colegio Ingl\u00e9s Saint John de Rancagua y el Colegio los Cipreses de Lo Miranda los que participaron durante julio en charlas y visitas guiadas por el museo, las salas, la presidencia y el Pleno de la Corte de Apelaciones.<\/p>\n\n\n\n<p>Estas actividades se enmarcar en las acciones de difusi\u00f3n el trabajo y el funcionamiento con la ciudadan\u00eda que lleva adelante el Poder Judicial y el tribunal de alzada, fomentando, a la vez, la Educaci\u00f3n C\u00edvica entre los ni\u00f1os, ni\u00f1as y adolescentes.<\/p>\n\n\n\n<figure class=\"wp-block-image size-large\"><img loading=\"lazy\" decoding=\"async\" width=\"1024\" height=\"682\" src=\"https:\/\/www.rengoenlanoticia.cl\/prensa\/wp-content\/uploads\/2025\/08\/WhatsApp-Image-2025-08-05-at-09.08.20-1-1024x682.jpeg\" alt=\"\" class=\"wp-image-4918\" srcset=\"https:\/\/www.rengoenlanoticia.cl\/prensa\/wp-content\/uploads\/2025\/08\/WhatsApp-Image-2025-08-05-at-09.08.20-1-1024x682.jpeg 1024w, https:\/\/www.rengoenlanoticia.cl\/prensa\/wp-content\/uploads\/2025\/08\/WhatsApp-Image-2025-08-05-at-09.08.20-1-300x200.jpeg 300w, https:\/\/www.rengoenlanoticia.cl\/prensa\/wp-content\/uploads\/2025\/08\/WhatsApp-Image-2025-08-05-at-09.08.20-1-768x512.jpeg 768w, https:\/\/www.rengoenlanoticia.cl\/prensa\/wp-content\/uploads\/2025\/08\/WhatsApp-Image-2025-08-05-at-09.08.20-1-1536x1023.jpeg 1536w, https:\/\/www.rengoenlanoticia.cl\/prensa\/wp-content\/uploads\/2025\/08\/WhatsApp-Image-2025-08-05-at-09.08.20-1-110x73.jpeg 110w, https:\/\/www.rengoenlanoticia.cl\/prensa\/wp-content\/uploads\/2025\/08\/WhatsApp-Image-2025-08-05-at-09.08.20-1-200x133.jpeg 200w, https:\/\/www.rengoenlanoticia.cl\/prensa\/wp-content\/uploads\/2025\/08\/WhatsApp-Image-2025-08-05-at-09.08.20-1-380x253.jpeg 380w, https:\/\/www.rengoenlanoticia.cl\/prensa\/wp-content\/uploads\/2025\/08\/WhatsApp-Image-2025-08-05-at-09.08.20-1-255x170.jpeg 255w, https:\/\/www.rengoenlanoticia.cl\/prensa\/wp-content\/uploads\/2025\/08\/WhatsApp-Image-2025-08-05-at-09.08.20-1-550x366.jpeg 550w, https:\/\/www.rengoenlanoticia.cl\/prensa\/wp-content\/uploads\/2025\/08\/WhatsApp-Image-2025-08-05-at-09.08.20-1-800x533.jpeg 800w, https:\/\/www.rengoenlanoticia.cl\/prensa\/wp-content\/uploads\/2025\/08\/WhatsApp-Image-2025-08-05-at-09.08.20-1-1160x773.jpeg 1160w, https:\/\/www.rengoenlanoticia.cl\/prensa\/wp-content\/uploads\/2025\/08\/WhatsApp-Image-2025-08-05-at-09.08.20-1.jpeg 1600w\" sizes=\"auto, (max-width: 1024px) 100vw, 1024px\" \/><\/figure>\n\n\n\n<p>El primer grupo compuesto por alumnos y alumnas de Tercer A\u00f1o Medio del Colegio Ingl\u00e9s Saint John del curso \u201cParticipaci\u00f3n y Argumentaci\u00f3n en Democracia\u201d participaron de una charla de bienvenida realizada por el jefe de la Unidad de Control y Gesti\u00f3n de la Corte, Manuel Calder\u00f3n. Posteriormente asistieron a los alegatos y dialogaron con el ministro Jorge Fern\u00e1ndez, el fiscal judicial Joaqu\u00edn Nilo y la abogada integrante, Ana Vargas.<\/p>\n\n\n\n<p>\u201cEs una experiencia excelente, porque para ellos significa conocer un mundo que de alguna forma est\u00e1 cerrado y se dan cuenta que no es as\u00ed. Es una instancia muy cercana para la ciudadan\u00eda, donde pueden conocer las funciones de cada cargo, adem\u00e1s muchos est\u00e1n interesados en el Derecho y ven realmente c\u00f3mo es su ejercicio. Estamos muy agradecidos de la labor del ministro que nos recibi\u00f3 porque pudo atender las preguntas de todos\u201d, se\u00f1al\u00f3 la profesora Angellis Bravo.<\/p>\n\n\n\n<figure class=\"wp-block-image size-large\"><img loading=\"lazy\" decoding=\"async\" width=\"1024\" height=\"682\" src=\"https:\/\/www.rengoenlanoticia.cl\/prensa\/wp-content\/uploads\/2025\/08\/WhatsApp-Image-2025-08-05-at-09.08.19-1024x682.jpeg\" alt=\"\" class=\"wp-image-4915\" srcset=\"https:\/\/www.rengoenlanoticia.cl\/prensa\/wp-content\/uploads\/2025\/08\/WhatsApp-Image-2025-08-05-at-09.08.19-1024x682.jpeg 1024w, https:\/\/www.rengoenlanoticia.cl\/prensa\/wp-content\/uploads\/2025\/08\/WhatsApp-Image-2025-08-05-at-09.08.19-300x200.jpeg 300w, https:\/\/www.rengoenlanoticia.cl\/prensa\/wp-content\/uploads\/2025\/08\/WhatsApp-Image-2025-08-05-at-09.08.19-768x512.jpeg 768w, https:\/\/www.rengoenlanoticia.cl\/prensa\/wp-content\/uploads\/2025\/08\/WhatsApp-Image-2025-08-05-at-09.08.19-1536x1023.jpeg 1536w, https:\/\/www.rengoenlanoticia.cl\/prensa\/wp-content\/uploads\/2025\/08\/WhatsApp-Image-2025-08-05-at-09.08.19-110x73.jpeg 110w, https:\/\/www.rengoenlanoticia.cl\/prensa\/wp-content\/uploads\/2025\/08\/WhatsApp-Image-2025-08-05-at-09.08.19-200x133.jpeg 200w, https:\/\/www.rengoenlanoticia.cl\/prensa\/wp-content\/uploads\/2025\/08\/WhatsApp-Image-2025-08-05-at-09.08.19-380x253.jpeg 380w, https:\/\/www.rengoenlanoticia.cl\/prensa\/wp-content\/uploads\/2025\/08\/WhatsApp-Image-2025-08-05-at-09.08.19-255x170.jpeg 255w, https:\/\/www.rengoenlanoticia.cl\/prensa\/wp-content\/uploads\/2025\/08\/WhatsApp-Image-2025-08-05-at-09.08.19-550x366.jpeg 550w, https:\/\/www.rengoenlanoticia.cl\/prensa\/wp-content\/uploads\/2025\/08\/WhatsApp-Image-2025-08-05-at-09.08.19-800x533.jpeg 800w, https:\/\/www.rengoenlanoticia.cl\/prensa\/wp-content\/uploads\/2025\/08\/WhatsApp-Image-2025-08-05-at-09.08.19-1160x773.jpeg 1160w, https:\/\/www.rengoenlanoticia.cl\/prensa\/wp-content\/uploads\/2025\/08\/WhatsApp-Image-2025-08-05-at-09.08.19.jpeg 1600w\" sizes=\"auto, (max-width: 1024px) 100vw, 1024px\" \/><\/figure>\n\n\n\n<p>Colegio Los Cipreses<br>Luego se realizaron dos visitas guiadas por las dependencias del tribunal de alzada a los 70 estudiantes de Sexto B\u00e1sico del Colegio Los Cipreses de Lo Miranda, quienes fueron recibido por el administrador de la Corte de Apelaciones, Juan G\u00f3mez.<\/p>\n\n\n\n<p>Tras las charlas y recorridos por la presidencia y el Pleno del tribunal de alzada, fueron recibidos en la Tercera Sala por la ministra Marcela de Or\u00fae, los ministros Michel Gonz\u00e1lez, Miguel \u00c1ngel Santib\u00e1\u00f1ez y las abogadas integrantes Paloma Valenzuela y Claudia \u00c1lvarez.<\/p>\n\n\n\n<figure class=\"wp-block-image size-large\"><img loading=\"lazy\" decoding=\"async\" width=\"1024\" height=\"682\" src=\"https:\/\/www.rengoenlanoticia.cl\/prensa\/wp-content\/uploads\/2025\/08\/WhatsApp-Image-2025-08-05-at-09.08.20-1024x682.jpeg\" alt=\"\" class=\"wp-image-4916\" srcset=\"https:\/\/www.rengoenlanoticia.cl\/prensa\/wp-content\/uploads\/2025\/08\/WhatsApp-Image-2025-08-05-at-09.08.20-1024x682.jpeg 1024w, https:\/\/www.rengoenlanoticia.cl\/prensa\/wp-content\/uploads\/2025\/08\/WhatsApp-Image-2025-08-05-at-09.08.20-300x200.jpeg 300w, https:\/\/www.rengoenlanoticia.cl\/prensa\/wp-content\/uploads\/2025\/08\/WhatsApp-Image-2025-08-05-at-09.08.20-768x512.jpeg 768w, https:\/\/www.rengoenlanoticia.cl\/prensa\/wp-content\/uploads\/2025\/08\/WhatsApp-Image-2025-08-05-at-09.08.20-1536x1023.jpeg 1536w, https:\/\/www.rengoenlanoticia.cl\/prensa\/wp-content\/uploads\/2025\/08\/WhatsApp-Image-2025-08-05-at-09.08.20-110x73.jpeg 110w, https:\/\/www.rengoenlanoticia.cl\/prensa\/wp-content\/uploads\/2025\/08\/WhatsApp-Image-2025-08-05-at-09.08.20-200x133.jpeg 200w, https:\/\/www.rengoenlanoticia.cl\/prensa\/wp-content\/uploads\/2025\/08\/WhatsApp-Image-2025-08-05-at-09.08.20-380x253.jpeg 380w, https:\/\/www.rengoenlanoticia.cl\/prensa\/wp-content\/uploads\/2025\/08\/WhatsApp-Image-2025-08-05-at-09.08.20-255x170.jpeg 255w, https:\/\/www.rengoenlanoticia.cl\/prensa\/wp-content\/uploads\/2025\/08\/WhatsApp-Image-2025-08-05-at-09.08.20-550x366.jpeg 550w, https:\/\/www.rengoenlanoticia.cl\/prensa\/wp-content\/uploads\/2025\/08\/WhatsApp-Image-2025-08-05-at-09.08.20-800x533.jpeg 800w, https:\/\/www.rengoenlanoticia.cl\/prensa\/wp-content\/uploads\/2025\/08\/WhatsApp-Image-2025-08-05-at-09.08.20-1160x773.jpeg 1160w, https:\/\/www.rengoenlanoticia.cl\/prensa\/wp-content\/uploads\/2025\/08\/WhatsApp-Image-2025-08-05-at-09.08.20.jpeg 1600w\" sizes=\"auto, (max-width: 1024px) 100vw, 1024px\" \/><\/figure>\n\n\n\n<p>El profesor de Historia del Colegio Los Cipreses, Alejandro Lizana, manifest\u00f3 que las visitas se enmarcan en la unidad de Ciudadan\u00eda, \u201cdonde se analiza la importancia de vivir en democracia y la separaci\u00f3n de los poderes del Estado\u201d.<\/p>\n\n\n\n<p>\u201cFue una experiencia muy buena. Pudieron interactuar con los ministros de la Corte, estuvieron en una sala donde se realizan los alegatos y ver el funcionamiento in situ. Toda la gente ac\u00e1 ha sido amable lo que permite que la visita sea significativa para los ni\u00f1os y ni\u00f1as\u201d, concluy\u00f3 el profesor Lizana.<\/p>\n","protected":false},"excerpt":{"rendered":"Fueron cerca de 100 estudiantes del Colegio Ingl\u00e9s Saint John de Rancagua y el Colegio los Cipreses de&hellip;\n","protected":false},"author":1,"featured_media":4917,"comment_status":"open","ping_status":"open","sticky":false,"template":"","format":"standard","meta":{"_monsterinsights_skip_tracking":false,"_monsterinsights_sitenote_active":false,"_monsterinsights_sitenote_note":"","_monsterinsights_sitenote_category":0,"footnotes":""},"categories":[8],"tags":[],"class_list":{"0":"post-4911","1":"post","2":"type-post","3":"status-publish","4":"format-standard","5":"has-post-thumbnail","7":"category-portada"},"aioseo_notices":[],"_links":{"self":[{"href":"https:\/\/www.rengoenlanoticia.cl\/prensa\/wp-json\/wp\/v2\/posts\/4911","targetHints":{"allow":["GET"]}}],"collection":[{"href":"https:\/\/www.rengoenlanoticia.cl\/prensa\/wp-json\/wp\/v2\/posts"}],"about":[{"href":"https:\/\/www.rengoenlanoticia.cl\/prensa\/wp-json\/wp\/v2\/types\/post"}],"author":[{"embeddable":true,"href":"https:\/\/www.rengoenlanoticia.cl\/prensa\/wp-json\/wp\/v2\/users\/1"}],"replies":[{"embeddable":true,"href":"https:\/\/www.rengoenlanoticia.cl\/prensa\/wp-json\/wp\/v2\/comments?post=4911"}],"version-history":[{"count":3,"href":"https:\/\/www.rengoenlanoticia.cl\/prensa\/wp-json\/wp\/v2\/posts\/4911\/revisions"}],"predecessor-version":[{"id":4921,"href":"https:\/\/www.rengoenlanoticia.cl\/prensa\/wp-json\/wp\/v2\/posts\/4911\/revisions\/4921"}],"wp:featuredmedia":[{"embeddable":true,"href":"https:\/\/www.rengoenlanoticia.cl\/prensa\/wp-json\/wp\/v2\/media\/4917"}],"wp:attachment":[{"href":"https:\/\/www.rengoenlanoticia.cl\/prensa\/wp-json\/wp\/v2\/media?parent=4911"}],"wp:term":[{"taxonomy":"category","embeddable":true,"href":"https:\/\/www.rengoenlanoticia.cl\/prensa\/wp-json\/wp\/v2\/categories?post=4911"},{"taxonomy":"post_tag","embeddable":true,"href":"https:\/\/www.rengoenlanoticia.cl\/prensa\/wp-json\/wp\/v2\/tags?post=4911"}],"curies":[{"name":"wp","href":"https:\/\/api.w.org\/{rel}","templated":true}]}}