{"id":4902,"date":"2025-08-05T20:56:44","date_gmt":"2025-08-05T20:56:44","guid":{"rendered":"https:\/\/www.rengoenlanoticia.cl\/prensa\/?p=4902"},"modified":"2025-08-05T20:59:37","modified_gmt":"2025-08-05T20:59:37","slug":"san-fernando-carabineros-verifica-hecho-que-dejo-a-joven-herido-por-perdigones-en-barberia","status":"publish","type":"post","link":"https:\/\/www.rengoenlanoticia.cl\/prensa\/2025\/08\/05\/san-fernando-carabineros-verifica-hecho-que-dejo-a-joven-herido-por-perdigones-en-barberia\/","title":{"rendered":"SAN FERNANDO: CARABINEROS VERIFICA HECHO QUE DEJ\u00d3 A JOVEN HERIDO POR PERDIGONES EN BARBER\u00cdA"},"content":{"rendered":"\n<p>Este mediod\u00eda, personal de la 1ra. Comisar\u00eda San Fernando fue alertado sobre disparos efectuados al exterior de una barber\u00eda ubicada en Av. Manso de Velasco N\u00b0 389.<\/p>\n\n\n\n<p>En el lugar, Carabineros verific\u00f3 la informaci\u00f3n y entrevist\u00f3 a un testigo quien se\u00f1al\u00f3 que dos sujetos ingresaron al local y dispararon, aparentemente con una escopeta, a un cliente de 20 a\u00f1os. Tras el ataque, los autores huyeron en direcci\u00f3n al oriente.<\/p>\n\n\n\n<p>La v\u00edctima result\u00f3 con m\u00faltiples impactos de perdigones en el t\u00f3rax y abdomen, siendo trasladada por transe\u00fantes hasta el hospital local, donde ingres\u00f3 consciente y se mantiene con lesiones de car\u00e1cter reservado, fuera de riesgo vital.<\/p>\n\n\n\n<p>Por instrucci\u00f3n de la Fiscal\u00eda ECOH, el sitio del suceso qued\u00f3 a cargo de la Brigada de Homicidios de la PDI, constituy\u00e9ndose en el lugar el fiscal Carlos L\u00f3pez Miranda para dirigir las diligencias investigativas.<\/p>\n","protected":false},"excerpt":{"rendered":"Este mediod\u00eda, personal de la 1ra. Comisar\u00eda San Fernando fue alertado sobre disparos efectuados al exterior de una&hellip;\n","protected":false},"author":2,"featured_media":4907,"comment_status":"open","ping_status":"open","sticky":false,"template":"","format":"standard","meta":{"_monsterinsights_skip_tracking":false,"_monsterinsights_sitenote_active":false,"_monsterinsights_sitenote_note":"","_monsterinsights_sitenote_category":0,"footnotes":""},"categories":[5,11],"tags":[],"class_list":{"0":"post-4902","1":"post","2":"type-post","3":"status-publish","4":"format-standard","5":"has-post-thumbnail","7":"category-policial","8":"category-politica"},"aioseo_notices":[],"_links":{"self":[{"href":"https:\/\/www.rengoenlanoticia.cl\/prensa\/wp-json\/wp\/v2\/posts\/4902","targetHints":{"allow":["GET"]}}],"collection":[{"href":"https:\/\/www.rengoenlanoticia.cl\/prensa\/wp-json\/wp\/v2\/posts"}],"about":[{"href":"https:\/\/www.rengoenlanoticia.cl\/prensa\/wp-json\/wp\/v2\/types\/post"}],"author":[{"embeddable":true,"href":"https:\/\/www.rengoenlanoticia.cl\/prensa\/wp-json\/wp\/v2\/users\/2"}],"replies":[{"embeddable":true,"href":"https:\/\/www.rengoenlanoticia.cl\/prensa\/wp-json\/wp\/v2\/comments?post=4902"}],"version-history":[{"count":3,"href":"https:\/\/www.rengoenlanoticia.cl\/prensa\/wp-json\/wp\/v2\/posts\/4902\/revisions"}],"predecessor-version":[{"id":4913,"href":"https:\/\/www.rengoenlanoticia.cl\/prensa\/wp-json\/wp\/v2\/posts\/4902\/revisions\/4913"}],"wp:featuredmedia":[{"embeddable":true,"href":"https:\/\/www.rengoenlanoticia.cl\/prensa\/wp-json\/wp\/v2\/media\/4907"}],"wp:attachment":[{"href":"https:\/\/www.rengoenlanoticia.cl\/prensa\/wp-json\/wp\/v2\/media?parent=4902"}],"wp:term":[{"taxonomy":"category","embeddable":true,"href":"https:\/\/www.rengoenlanoticia.cl\/prensa\/wp-json\/wp\/v2\/categories?post=4902"},{"taxonomy":"post_tag","embeddable":true,"href":"https:\/\/www.rengoenlanoticia.cl\/prensa\/wp-json\/wp\/v2\/tags?post=4902"}],"curies":[{"name":"wp","href":"https:\/\/api.w.org\/{rel}","templated":true}]}}