{"id":4901,"date":"2025-08-05T20:46:11","date_gmt":"2025-08-05T20:46:11","guid":{"rendered":"https:\/\/www.rengoenlanoticia.cl\/prensa\/?p=4901"},"modified":"2025-08-05T20:57:26","modified_gmt":"2025-08-05T20:57:26","slug":"hortitrade-2025-el-evento-horticola-de-la-region-de-ohiggins-que-apuesta-por-una-produccion-segura-y-sostenible","status":"publish","type":"post","link":"https:\/\/www.rengoenlanoticia.cl\/prensa\/2025\/08\/05\/hortitrade-2025-el-evento-horticola-de-la-region-de-ohiggins-que-apuesta-por-una-produccion-segura-y-sostenible\/","title":{"rendered":"HortiTrade 2025: el evento hort\u00edcola de la regi\u00f3n de O\u2019Higgins que apuesta por una producci\u00f3n segura y sostenible"},"content":{"rendered":"\n<p><em>El mayor encuentro hort\u00ed<\/em><em>cola del pa<\/em><em>\u00eds regresa este 20 de agosto a San Fernando con destacados expositores y una agenda enfocada en el futuro del sector.&nbsp;<\/em><em><\/em><\/p>\n\n\n\n<p>El pr\u00f3ximo 20 de agosto se llevar\u00e1 a cabo en el Club de Campo San Fernando, en la regi\u00f3n de O\u2019Higgins, una nueva edici\u00f3n de HortiTrade, el principal evento hort\u00edcola de Chile. Con una trayectoria consolidada, el encuentro se ha transformado en una instancia clave para la vinculaci\u00f3n comercial, la transferencia tecnol\u00f3gica y el impulso a la innovaci\u00f3n en hortalizas.&nbsp;<\/p>\n\n\n\n<p>Este a\u00f1o, bajo el lema de la seguridad alimentaria como prioridad, HortiTrade contar\u00e1 con la participaci\u00f3n de destacados referentes del agro y la tecnolog\u00eda: Cristi\u00e1n Sj\u00f6gren (CEO de AgroUrbana), Carlos Meza (CEO de Terrag\u00e9nesis) y Eduardo V\u00e1squez (Co-Fundador de Farmt\u00e1stica), quienes abordar\u00e1n tem\u00e1ticas como la agricultura vertical, la horticultura regenerativa y los desaf\u00edos actuales de la cadena de producci\u00f3n.&nbsp;<\/p>\n\n\n\n<p>\u201cHortiTrade no solo es una feria, es una plataforma que a\u00f1o a a\u00f1o conecta a quienes est\u00e1n transformando el mundo hort\u00edcola desde la innovaci\u00f3n, el conocimiento y la colaboraci\u00f3n. Este 2025 ponemos el foco en la seguridad alimentaria porque creemos que Chile tiene una gran oportunidad de liderar ese debate desde la producci\u00f3n sustentable\u201d, indic\u00f3 Marcela Reyes, gerente de O\u2019Higgins HortiCrece.&nbsp;<\/p>\n\n\n\n<p>Adem\u00e1s de las ponencias, HortiTrade contar\u00e1 con una Rueda de Negocios, dise\u00f1ada para facilitar encuentros entre productores, compradores, proveedores y empresas. Tambi\u00e9n se habilitar\u00e1n stands tem\u00e1ticos para expositores, instituciones y emprendimientos del agro.&nbsp;<\/p>\n\n\n\n<p>\u00d3scar \u00c1vila, director regional de Corfo O\u2019Higgins, destac\u00f3 el impacto del evento en el desarrollo econ\u00f3mico local.\u201cHortiTrade es un motor para el crecimiento de nuestra agricultura regional. Es un espacio donde se generan alianzas reales y se visibilizan soluciones concretas para los desaf\u00edos del rubro. Desde Corfo, creemos en el valor de este tipo de instancias como impulsores de competitividad y sofisticaci\u00f3nn productiva\u201d.&nbsp;<\/p>\n\n\n\n<p>HortiTrade es organizado por el programa HortiCrece de Corfo O\u2019Higgins y financiado por el Gobierno Regional, a trav\u00e9s del Centro de Estudios Avanzados en Fruticultura (CEAF), instituci\u00f3n que impulsa la innovaci\u00f3n, competitividad y sostenibilidad en la agricultura regional. Con su participaci\u00f3n, el evento busca conectar ciencia, producci\u00f3n y territorio para enfrentar el desaf\u00edo de la seguridad alimentaria.<\/p>\n\n\n\n<p>Para la directora ejecutiva de CEAF, Claudia D\u00edaz Morales, instancias como HortiTrade representan una oportunidad clave para fortalecer la articulaci\u00f3n entre ciencia y territorio. \u201cValoramos profundamente instancias como HortiTrade, que favorecen el encuentro entre la investigaci\u00f3n, la producci\u00f3n y el territorio. Mediante nuestras l\u00edneas cient\u00edficas, particularmente en el \u00e1mbito de las hortalizas, contribuimos al desarrollo de una agricultura m\u00e1s resiliente y sostenible, articulando conocimiento, innovaci\u00f3n y vinculaci\u00f3n el ecosistema agr\u00edcola de nuestra regi\u00f3n, en este caso, mediante una alianza de trabajo estrat\u00e9gica con el programa Horticrece\u201d.<\/p>\n\n\n\n<p>Con entrada gratuita y convocatoria nacional, HortiTrade 2025 se posiciona como el espacio imperdible para todos quienes forman parte del ecosistema hort\u00edcola chileno.&nbsp;Para m\u00e1s informaci\u00f3n ingresar a <a href=\"http:\/\/www.hortitrade.cl\">www.hortitrade.cl<\/a><\/p>\n\n\n\n<figure class=\"wp-block-image size-full\"><img loading=\"lazy\" decoding=\"async\" width=\"768\" height=\"960\" src=\"https:\/\/www.rengoenlanoticia.cl\/prensa\/wp-content\/uploads\/2025\/08\/IG-General-Feed-A.jpg\" alt=\"\" class=\"wp-image-4904\" srcset=\"https:\/\/www.rengoenlanoticia.cl\/prensa\/wp-content\/uploads\/2025\/08\/IG-General-Feed-A.jpg 768w, https:\/\/www.rengoenlanoticia.cl\/prensa\/wp-content\/uploads\/2025\/08\/IG-General-Feed-A-240x300.jpg 240w, https:\/\/www.rengoenlanoticia.cl\/prensa\/wp-content\/uploads\/2025\/08\/IG-General-Feed-A-110x137.jpg 110w, https:\/\/www.rengoenlanoticia.cl\/prensa\/wp-content\/uploads\/2025\/08\/IG-General-Feed-A-200x250.jpg 200w, https:\/\/www.rengoenlanoticia.cl\/prensa\/wp-content\/uploads\/2025\/08\/IG-General-Feed-A-380x475.jpg 380w, https:\/\/www.rengoenlanoticia.cl\/prensa\/wp-content\/uploads\/2025\/08\/IG-General-Feed-A-255x318.jpg 255w, https:\/\/www.rengoenlanoticia.cl\/prensa\/wp-content\/uploads\/2025\/08\/IG-General-Feed-A-300x375.jpg 300w, https:\/\/www.rengoenlanoticia.cl\/prensa\/wp-content\/uploads\/2025\/08\/IG-General-Feed-A-550x687.jpg 550w\" sizes=\"auto, (max-width: 768px) 100vw, 768px\" \/><\/figure>\n","protected":false},"excerpt":{"rendered":"El mayor encuentro hort\u00edcola del pa\u00eds regresa este 20 de agosto a San Fernando con destacados expositores y&hellip;\n","protected":false},"author":1,"featured_media":4903,"comment_status":"open","ping_status":"open","sticky":false,"template":"","format":"standard","meta":{"_monsterinsights_skip_tracking":false,"_monsterinsights_sitenote_active":false,"_monsterinsights_sitenote_note":"","_monsterinsights_sitenote_category":0,"footnotes":""},"categories":[8],"tags":[],"class_list":{"0":"post-4901","1":"post","2":"type-post","3":"status-publish","4":"format-standard","5":"has-post-thumbnail","7":"category-portada"},"aioseo_notices":[],"_links":{"self":[{"href":"https:\/\/www.rengoenlanoticia.cl\/prensa\/wp-json\/wp\/v2\/posts\/4901","targetHints":{"allow":["GET"]}}],"collection":[{"href":"https:\/\/www.rengoenlanoticia.cl\/prensa\/wp-json\/wp\/v2\/posts"}],"about":[{"href":"https:\/\/www.rengoenlanoticia.cl\/prensa\/wp-json\/wp\/v2\/types\/post"}],"author":[{"embeddable":true,"href":"https:\/\/www.rengoenlanoticia.cl\/prensa\/wp-json\/wp\/v2\/users\/1"}],"replies":[{"embeddable":true,"href":"https:\/\/www.rengoenlanoticia.cl\/prensa\/wp-json\/wp\/v2\/comments?post=4901"}],"version-history":[{"count":3,"href":"https:\/\/www.rengoenlanoticia.cl\/prensa\/wp-json\/wp\/v2\/posts\/4901\/revisions"}],"predecessor-version":[{"id":4910,"href":"https:\/\/www.rengoenlanoticia.cl\/prensa\/wp-json\/wp\/v2\/posts\/4901\/revisions\/4910"}],"wp:featuredmedia":[{"embeddable":true,"href":"https:\/\/www.rengoenlanoticia.cl\/prensa\/wp-json\/wp\/v2\/media\/4903"}],"wp:attachment":[{"href":"https:\/\/www.rengoenlanoticia.cl\/prensa\/wp-json\/wp\/v2\/media?parent=4901"}],"wp:term":[{"taxonomy":"category","embeddable":true,"href":"https:\/\/www.rengoenlanoticia.cl\/prensa\/wp-json\/wp\/v2\/categories?post=4901"},{"taxonomy":"post_tag","embeddable":true,"href":"https:\/\/www.rengoenlanoticia.cl\/prensa\/wp-json\/wp\/v2\/tags?post=4901"}],"curies":[{"name":"wp","href":"https:\/\/api.w.org\/{rel}","templated":true}]}}