{"id":4888,"date":"2025-08-03T19:45:12","date_gmt":"2025-08-03T19:45:12","guid":{"rendered":"https:\/\/www.rengoenlanoticia.cl\/prensa\/?p=4888"},"modified":"2025-08-04T02:27:41","modified_gmt":"2025-08-04T02:27:41","slug":"hospital-de-rengo-impulsa-formacion-en-manejo-de-pacientes-con-heridas","status":"publish","type":"post","link":"https:\/\/www.rengoenlanoticia.cl\/prensa\/2025\/08\/03\/hospital-de-rengo-impulsa-formacion-en-manejo-de-pacientes-con-heridas\/","title":{"rendered":"Hospital de Rengo impulsa formaci\u00f3n en manejo de pacientes con heridas"},"content":{"rendered":"\n<p>Cerca de 60 profesionales de la salud participaron en esta jornada formativa que combin\u00f3 teor\u00eda y pr\u00e1ctica, promoviendo una atenci\u00f3n m\u00e1s segura, humanizada y eficaz.<\/p>\n\n\n\n<p>Con una alta participaci\u00f3n de profesionales de la salud, el Hospital Ricardo Valenzuela S\u00e1ez de Rengo realiz\u00f3 su primer curso de actualizaci\u00f3n en el manejo integral de pacientes con heridas. La actividad fue organizada en conjunto con el Comit\u00e9 de Manejo Integral de Pacientes con Heridas y el Departamento Asistencial Docente e Investigaci\u00f3n del establecimiento.<\/p>\n\n\n\n<p>Durante dos jornadas, cerca de 60 personas, entre enfermeras, enfermeros y t\u00e9cnicos en enfermer\u00eda (TENS) del hospital y de la micro\u00e1rea de la Carretera de la Fruta, participaron de esta instancia formativa que combin\u00f3 teor\u00eda y pr\u00e1ctica, y que se desarroll\u00f3 en el Auditorio de la Municipalidad de Rengo.<\/p>\n\n\n\n<figure class=\"wp-block-image size-full\"><img loading=\"lazy\" decoding=\"async\" width=\"1024\" height=\"510\" src=\"https:\/\/www.rengoenlanoticia.cl\/prensa\/wp-content\/uploads\/2025\/08\/2-Manejo-Heridas.jpg\" alt=\"\" class=\"wp-image-4890\" srcset=\"https:\/\/www.rengoenlanoticia.cl\/prensa\/wp-content\/uploads\/2025\/08\/2-Manejo-Heridas.jpg 1024w, https:\/\/www.rengoenlanoticia.cl\/prensa\/wp-content\/uploads\/2025\/08\/2-Manejo-Heridas-300x149.jpg 300w, https:\/\/www.rengoenlanoticia.cl\/prensa\/wp-content\/uploads\/2025\/08\/2-Manejo-Heridas-768x383.jpg 768w, https:\/\/www.rengoenlanoticia.cl\/prensa\/wp-content\/uploads\/2025\/08\/2-Manejo-Heridas-110x55.jpg 110w, https:\/\/www.rengoenlanoticia.cl\/prensa\/wp-content\/uploads\/2025\/08\/2-Manejo-Heridas-200x100.jpg 200w, https:\/\/www.rengoenlanoticia.cl\/prensa\/wp-content\/uploads\/2025\/08\/2-Manejo-Heridas-380x189.jpg 380w, https:\/\/www.rengoenlanoticia.cl\/prensa\/wp-content\/uploads\/2025\/08\/2-Manejo-Heridas-255x127.jpg 255w, https:\/\/www.rengoenlanoticia.cl\/prensa\/wp-content\/uploads\/2025\/08\/2-Manejo-Heridas-550x274.jpg 550w, https:\/\/www.rengoenlanoticia.cl\/prensa\/wp-content\/uploads\/2025\/08\/2-Manejo-Heridas-800x398.jpg 800w\" sizes=\"auto, (max-width: 1024px) 100vw, 1024px\" \/><\/figure>\n\n\n\n<p>La directora del hospital, Margarita Yercic Bravo, valor\u00f3 la iniciativa y se\u00f1al\u00f3 que \u201cestamos muy orgullosos, puesto que este tipo de instancias fortalecen nuestras competencias cl\u00ednicas y mejoran directamente la atenci\u00f3n que entregamos a nuestros pacientes. Seguiremos promoviendo el desarrollo continuo de nuestros equipos para brindar una salud p\u00fablica m\u00e1s cercana, segura y de calidad\u201d.<\/p>\n\n\n\n<p>En tanto, la decana de la Facultad de Ciencias de la Salud de la Universidad del Alba, Mar\u00eda Ver\u00f3nica Morales, destac\u00f3 que \u201cme parece fant\u00e1stico, porque \u00e9sta es una instancia maravillosa para poder capacitar a todas las enfermeras, enfermeros o cualquier profesional de la salud en el manejo integral, hol\u00edstico de las heridas en los pacientes, que siempre son pacientes que est\u00e1n sufriendo, por lo tanto, el manejo y la atenci\u00f3n humanizada es fundamental\u201d.<\/p>\n\n\n\n<p>El doctor Luis Salavarr\u00eda, jefe del Departamento Asistencial Docente e Investigaci\u00f3n del hospital, destac\u00f3 que \u201cejecutar, coordinar y desarrollar este primer evento cient\u00edfico con un curso de actualizaci\u00f3n en el manejo integral del paciente con heridas busca integrar la parte t\u00e9cnica cl\u00ednica con la humanizaci\u00f3n y el trato eficiente, afectivo y efectivo hacia nuestros pacientes. La direcci\u00f3n de nuestro hospital nos ha dado la impronta de ejecutar esta acci\u00f3n sin perder de vista la interrelaci\u00f3n interinstitucional entre el hospital y la atenci\u00f3n primaria\u201d.<\/p>\n\n\n\n<p>Desde la Unidad de Humanizaci\u00f3n, su encargada, la enfermera universitaria Marcela Saavedra, valor\u00f3 que se tratara de un esfuerzo colaborativo con enfoque en la red: \u201cEstamos muy contentos como instituci\u00f3n de haber logrado realizar la primera jornada de manejo integral del paciente con heridas. Es importante, porque tenemos que estandarizar buenas pr\u00e1cticas y cuidados en la atenci\u00f3n de estos pacientes, desde que se atiende en APS hasta que pasa al nivel secundario. Es por eso que tambi\u00e9n quisimos incluir a profesionales de la red y tambi\u00e9n de nuestra instituci\u00f3n\u201d.<\/p>\n\n\n\n<figure class=\"wp-block-image size-full\"><img loading=\"lazy\" decoding=\"async\" width=\"1024\" height=\"768\" src=\"https:\/\/www.rengoenlanoticia.cl\/prensa\/wp-content\/uploads\/2025\/08\/5-Manejo-Heridas.jpg\" alt=\"\" class=\"wp-image-4891\" srcset=\"https:\/\/www.rengoenlanoticia.cl\/prensa\/wp-content\/uploads\/2025\/08\/5-Manejo-Heridas.jpg 1024w, https:\/\/www.rengoenlanoticia.cl\/prensa\/wp-content\/uploads\/2025\/08\/5-Manejo-Heridas-300x225.jpg 300w, https:\/\/www.rengoenlanoticia.cl\/prensa\/wp-content\/uploads\/2025\/08\/5-Manejo-Heridas-768x576.jpg 768w, https:\/\/www.rengoenlanoticia.cl\/prensa\/wp-content\/uploads\/2025\/08\/5-Manejo-Heridas-110x83.jpg 110w, https:\/\/www.rengoenlanoticia.cl\/prensa\/wp-content\/uploads\/2025\/08\/5-Manejo-Heridas-200x150.jpg 200w, https:\/\/www.rengoenlanoticia.cl\/prensa\/wp-content\/uploads\/2025\/08\/5-Manejo-Heridas-380x285.jpg 380w, https:\/\/www.rengoenlanoticia.cl\/prensa\/wp-content\/uploads\/2025\/08\/5-Manejo-Heridas-255x191.jpg 255w, https:\/\/www.rengoenlanoticia.cl\/prensa\/wp-content\/uploads\/2025\/08\/5-Manejo-Heridas-550x413.jpg 550w, https:\/\/www.rengoenlanoticia.cl\/prensa\/wp-content\/uploads\/2025\/08\/5-Manejo-Heridas-800x600.jpg 800w\" sizes=\"auto, (max-width: 1024px) 100vw, 1024px\" \/><\/figure>\n\n\n\n<p>La actividad fue bien valorada por quienes asistieron. Jacqueline Calabrano, enfermera coordinadora del Policl\u00ednico del hospital, expres\u00f3 que \u201cfue un curso muy entretenido, muy pr\u00e1ctico, que nos permite actualizar conocimientos en la parte cl\u00ednica, en nuestro trabajo y en la atenci\u00f3n con pacientes\u201d.<\/p>\n\n\n\n<p>Por su parte, la TENS del Hospital de San Vicente, Amandina Montecinos, coment\u00f3 que \u201cel curso fue muy claro, nos est\u00e1n despejando muchas dudas que tambi\u00e9n ten\u00edamos en cuanto a los ap\u00f3sitos y los limpiadores nuevos que tenemos. Agradecemos la oportunidad\u201d.<\/p>\n","protected":false},"excerpt":{"rendered":"Cerca de 60 profesionales de la salud participaron en esta jornada formativa que combin\u00f3 teor\u00eda y pr\u00e1ctica, promoviendo&hellip;\n","protected":false},"author":1,"featured_media":4889,"comment_status":"open","ping_status":"open","sticky":false,"template":"","format":"standard","meta":{"_monsterinsights_skip_tracking":false,"_monsterinsights_sitenote_active":false,"_monsterinsights_sitenote_note":"","_monsterinsights_sitenote_category":0,"footnotes":""},"categories":[8],"tags":[],"class_list":{"0":"post-4888","1":"post","2":"type-post","3":"status-publish","4":"format-standard","5":"has-post-thumbnail","7":"category-portada"},"aioseo_notices":[],"_links":{"self":[{"href":"https:\/\/www.rengoenlanoticia.cl\/prensa\/wp-json\/wp\/v2\/posts\/4888","targetHints":{"allow":["GET"]}}],"collection":[{"href":"https:\/\/www.rengoenlanoticia.cl\/prensa\/wp-json\/wp\/v2\/posts"}],"about":[{"href":"https:\/\/www.rengoenlanoticia.cl\/prensa\/wp-json\/wp\/v2\/types\/post"}],"author":[{"embeddable":true,"href":"https:\/\/www.rengoenlanoticia.cl\/prensa\/wp-json\/wp\/v2\/users\/1"}],"replies":[{"embeddable":true,"href":"https:\/\/www.rengoenlanoticia.cl\/prensa\/wp-json\/wp\/v2\/comments?post=4888"}],"version-history":[{"count":3,"href":"https:\/\/www.rengoenlanoticia.cl\/prensa\/wp-json\/wp\/v2\/posts\/4888\/revisions"}],"predecessor-version":[{"id":4894,"href":"https:\/\/www.rengoenlanoticia.cl\/prensa\/wp-json\/wp\/v2\/posts\/4888\/revisions\/4894"}],"wp:featuredmedia":[{"embeddable":true,"href":"https:\/\/www.rengoenlanoticia.cl\/prensa\/wp-json\/wp\/v2\/media\/4889"}],"wp:attachment":[{"href":"https:\/\/www.rengoenlanoticia.cl\/prensa\/wp-json\/wp\/v2\/media?parent=4888"}],"wp:term":[{"taxonomy":"category","embeddable":true,"href":"https:\/\/www.rengoenlanoticia.cl\/prensa\/wp-json\/wp\/v2\/categories?post=4888"},{"taxonomy":"post_tag","embeddable":true,"href":"https:\/\/www.rengoenlanoticia.cl\/prensa\/wp-json\/wp\/v2\/tags?post=4888"}],"curies":[{"name":"wp","href":"https:\/\/api.w.org\/{rel}","templated":true}]}}