{"id":4878,"date":"2025-08-03T18:37:57","date_gmt":"2025-08-03T18:37:57","guid":{"rendered":"https:\/\/www.rengoenlanoticia.cl\/prensa\/?p=4878"},"modified":"2025-08-03T18:37:58","modified_gmt":"2025-08-03T18:37:58","slug":"hospital-comunitario-de-graneros-destaca-rol-de-la-salud-en-la-construccion-de-una-convivencia-mas-segura","status":"publish","type":"post","link":"https:\/\/www.rengoenlanoticia.cl\/prensa\/2025\/08\/03\/hospital-comunitario-de-graneros-destaca-rol-de-la-salud-en-la-construccion-de-una-convivencia-mas-segura\/","title":{"rendered":"Hospital comunitario de Graneros destaca rol de la salud en la construcci\u00f3n de una convivencia m\u00e1s segura"},"content":{"rendered":"\n<p>El establecimiento, junto a otros actores sociales, particip\u00f3 activamente del Primer Encuentro por la Seguridad Vecinal.<\/p>\n\n\n\n<p><strong> <\/strong>El Hospital de Graneros fue parte del <strong>Primer Encuentro por la Seguridad Vecinal<\/strong>, iniciativa organizada por la Municipalidad de Graneros que reuni\u00f3 a representantes de instituciones p\u00fablicas, organizaciones sociales, vecinas y vecinos de la comuna con el objetivo de fortalecer la seguridad ciudadana mediante el trabajo conjunto.<\/p>\n\n\n\n<p>Durante la jornada, se desarrollaron presentaciones y espacios de di\u00e1logo orientados a compartir experiencias, identificar desaf\u00edos y articular acciones colaborativas para la prevenci\u00f3n del delito, la promoci\u00f3n de entornos seguros y el fortalecimiento del tejido social. El Hospital de Graneros estuvo presente como actor clave dentro de la red comunitaria, reforzando su compromiso con la salud y el bienestar integral de la poblaci\u00f3n.<\/p>\n\n\n\n<figure class=\"wp-block-image size-large\"><img loading=\"lazy\" decoding=\"async\" width=\"1024\" height=\"768\" src=\"https:\/\/www.rengoenlanoticia.cl\/prensa\/wp-content\/uploads\/2025\/08\/WhatsApp-Image-2025-08-01-at-16.08.39-2-1024x768.jpeg\" alt=\"\" class=\"wp-image-4881\" srcset=\"https:\/\/www.rengoenlanoticia.cl\/prensa\/wp-content\/uploads\/2025\/08\/WhatsApp-Image-2025-08-01-at-16.08.39-2-1024x768.jpeg 1024w, https:\/\/www.rengoenlanoticia.cl\/prensa\/wp-content\/uploads\/2025\/08\/WhatsApp-Image-2025-08-01-at-16.08.39-2-300x225.jpeg 300w, https:\/\/www.rengoenlanoticia.cl\/prensa\/wp-content\/uploads\/2025\/08\/WhatsApp-Image-2025-08-01-at-16.08.39-2-768x576.jpeg 768w, https:\/\/www.rengoenlanoticia.cl\/prensa\/wp-content\/uploads\/2025\/08\/WhatsApp-Image-2025-08-01-at-16.08.39-2-1536x1152.jpeg 1536w, https:\/\/www.rengoenlanoticia.cl\/prensa\/wp-content\/uploads\/2025\/08\/WhatsApp-Image-2025-08-01-at-16.08.39-2-110x83.jpeg 110w, https:\/\/www.rengoenlanoticia.cl\/prensa\/wp-content\/uploads\/2025\/08\/WhatsApp-Image-2025-08-01-at-16.08.39-2-200x150.jpeg 200w, https:\/\/www.rengoenlanoticia.cl\/prensa\/wp-content\/uploads\/2025\/08\/WhatsApp-Image-2025-08-01-at-16.08.39-2-380x285.jpeg 380w, https:\/\/www.rengoenlanoticia.cl\/prensa\/wp-content\/uploads\/2025\/08\/WhatsApp-Image-2025-08-01-at-16.08.39-2-255x191.jpeg 255w, https:\/\/www.rengoenlanoticia.cl\/prensa\/wp-content\/uploads\/2025\/08\/WhatsApp-Image-2025-08-01-at-16.08.39-2-550x413.jpeg 550w, https:\/\/www.rengoenlanoticia.cl\/prensa\/wp-content\/uploads\/2025\/08\/WhatsApp-Image-2025-08-01-at-16.08.39-2-800x600.jpeg 800w, https:\/\/www.rengoenlanoticia.cl\/prensa\/wp-content\/uploads\/2025\/08\/WhatsApp-Image-2025-08-01-at-16.08.39-2-1160x870.jpeg 1160w, https:\/\/www.rengoenlanoticia.cl\/prensa\/wp-content\/uploads\/2025\/08\/WhatsApp-Image-2025-08-01-at-16.08.39-2.jpeg 1600w\" sizes=\"auto, (max-width: 1024px) 100vw, 1024px\" \/><\/figure>\n\n\n\n<p>El director del establecimiento hospitalario, <strong>Dr. Mauricio Aedo<\/strong><strong>,<\/strong> valor\u00f3 la instancia, se\u00f1alando que <em>\u201ccreemos firmemente que la salud y la seguridad son responsabilidades compartidas. Estar presentes en estos espacios es parte de nuestro compromiso con una comunidad m\u00e1s conectada, informada y protegida. Agradecemos la invitaci\u00f3n del municipio y destacamos la importancia de seguir generando estas instancias de participaci\u00f3n y articulaci\u00f3n con la ciudadan\u00eda\u201d<\/em><em>.<\/em><\/p>\n\n\n\n<p>En la actividad, el alcalde Marcelo Mi\u00f1a\u00f1ir agradeci\u00f3 la presencia de cada expositor y de la comunidad que, \u201ccon su participaci\u00f3n activa, demuestra que la seguridad se construye en equipo, con unidad y compromiso ciudadano\u201d.<\/p>\n\n\n\n<figure class=\"wp-block-image size-large\"><img loading=\"lazy\" decoding=\"async\" width=\"1024\" height=\"768\" src=\"https:\/\/www.rengoenlanoticia.cl\/prensa\/wp-content\/uploads\/2025\/08\/WhatsApp-Image-2025-08-01-at-16.08.39-1024x768.jpeg\" alt=\"\" class=\"wp-image-4882\" srcset=\"https:\/\/www.rengoenlanoticia.cl\/prensa\/wp-content\/uploads\/2025\/08\/WhatsApp-Image-2025-08-01-at-16.08.39-1024x768.jpeg 1024w, https:\/\/www.rengoenlanoticia.cl\/prensa\/wp-content\/uploads\/2025\/08\/WhatsApp-Image-2025-08-01-at-16.08.39-300x225.jpeg 300w, https:\/\/www.rengoenlanoticia.cl\/prensa\/wp-content\/uploads\/2025\/08\/WhatsApp-Image-2025-08-01-at-16.08.39-768x576.jpeg 768w, https:\/\/www.rengoenlanoticia.cl\/prensa\/wp-content\/uploads\/2025\/08\/WhatsApp-Image-2025-08-01-at-16.08.39-1536x1152.jpeg 1536w, https:\/\/www.rengoenlanoticia.cl\/prensa\/wp-content\/uploads\/2025\/08\/WhatsApp-Image-2025-08-01-at-16.08.39-110x83.jpeg 110w, https:\/\/www.rengoenlanoticia.cl\/prensa\/wp-content\/uploads\/2025\/08\/WhatsApp-Image-2025-08-01-at-16.08.39-200x150.jpeg 200w, https:\/\/www.rengoenlanoticia.cl\/prensa\/wp-content\/uploads\/2025\/08\/WhatsApp-Image-2025-08-01-at-16.08.39-380x285.jpeg 380w, https:\/\/www.rengoenlanoticia.cl\/prensa\/wp-content\/uploads\/2025\/08\/WhatsApp-Image-2025-08-01-at-16.08.39-255x191.jpeg 255w, https:\/\/www.rengoenlanoticia.cl\/prensa\/wp-content\/uploads\/2025\/08\/WhatsApp-Image-2025-08-01-at-16.08.39-550x413.jpeg 550w, https:\/\/www.rengoenlanoticia.cl\/prensa\/wp-content\/uploads\/2025\/08\/WhatsApp-Image-2025-08-01-at-16.08.39-800x600.jpeg 800w, https:\/\/www.rengoenlanoticia.cl\/prensa\/wp-content\/uploads\/2025\/08\/WhatsApp-Image-2025-08-01-at-16.08.39-1160x870.jpeg 1160w, https:\/\/www.rengoenlanoticia.cl\/prensa\/wp-content\/uploads\/2025\/08\/WhatsApp-Image-2025-08-01-at-16.08.39.jpeg 1600w\" sizes=\"auto, (max-width: 1024px) 100vw, 1024px\" \/><\/figure>\n\n\n\n<p>La participaci\u00f3n del hospital se enmarca en su misi\u00f3n institucional de contribuir no solo a la atenci\u00f3n cl\u00ednica, sino tambi\u00e9n al desarrollo de estrategias preventivas y comunitarias que favorezcan una mejor calidad de vida para los habitantes de Graneros.<\/p>\n","protected":false},"excerpt":{"rendered":"El establecimiento, junto a otros actores sociales, particip\u00f3 activamente del Primer Encuentro por la Seguridad Vecinal. El Hospital&hellip;\n","protected":false},"author":1,"featured_media":4880,"comment_status":"open","ping_status":"open","sticky":false,"template":"","format":"standard","meta":{"_monsterinsights_skip_tracking":false,"_monsterinsights_sitenote_active":false,"_monsterinsights_sitenote_note":"","_monsterinsights_sitenote_category":0,"footnotes":""},"categories":[8],"tags":[],"class_list":{"0":"post-4878","1":"post","2":"type-post","3":"status-publish","4":"format-standard","5":"has-post-thumbnail","7":"category-portada"},"aioseo_notices":[],"_links":{"self":[{"href":"https:\/\/www.rengoenlanoticia.cl\/prensa\/wp-json\/wp\/v2\/posts\/4878","targetHints":{"allow":["GET"]}}],"collection":[{"href":"https:\/\/www.rengoenlanoticia.cl\/prensa\/wp-json\/wp\/v2\/posts"}],"about":[{"href":"https:\/\/www.rengoenlanoticia.cl\/prensa\/wp-json\/wp\/v2\/types\/post"}],"author":[{"embeddable":true,"href":"https:\/\/www.rengoenlanoticia.cl\/prensa\/wp-json\/wp\/v2\/users\/1"}],"replies":[{"embeddable":true,"href":"https:\/\/www.rengoenlanoticia.cl\/prensa\/wp-json\/wp\/v2\/comments?post=4878"}],"version-history":[{"count":3,"href":"https:\/\/www.rengoenlanoticia.cl\/prensa\/wp-json\/wp\/v2\/posts\/4878\/revisions"}],"predecessor-version":[{"id":4887,"href":"https:\/\/www.rengoenlanoticia.cl\/prensa\/wp-json\/wp\/v2\/posts\/4878\/revisions\/4887"}],"wp:featuredmedia":[{"embeddable":true,"href":"https:\/\/www.rengoenlanoticia.cl\/prensa\/wp-json\/wp\/v2\/media\/4880"}],"wp:attachment":[{"href":"https:\/\/www.rengoenlanoticia.cl\/prensa\/wp-json\/wp\/v2\/media?parent=4878"}],"wp:term":[{"taxonomy":"category","embeddable":true,"href":"https:\/\/www.rengoenlanoticia.cl\/prensa\/wp-json\/wp\/v2\/categories?post=4878"},{"taxonomy":"post_tag","embeddable":true,"href":"https:\/\/www.rengoenlanoticia.cl\/prensa\/wp-json\/wp\/v2\/tags?post=4878"}],"curies":[{"name":"wp","href":"https:\/\/api.w.org\/{rel}","templated":true}]}}