{"id":4875,"date":"2025-08-03T18:37:28","date_gmt":"2025-08-03T18:37:28","guid":{"rendered":"https:\/\/www.rengoenlanoticia.cl\/prensa\/?p=4875"},"modified":"2025-08-03T18:37:30","modified_gmt":"2025-08-03T18:37:30","slug":"brigadistas-de-ohiggins-cuentan-su-experiencia-combatiendo-incendios-forestales-en-canada","status":"publish","type":"post","link":"https:\/\/www.rengoenlanoticia.cl\/prensa\/2025\/08\/03\/brigadistas-de-ohiggins-cuentan-su-experiencia-combatiendo-incendios-forestales-en-canada\/","title":{"rendered":"Brigadistas de O\u2019Higgins cuentan su experiencia combatiendo incendios forestales en Canad\u00e1"},"content":{"rendered":"\n<p><strong>Orgullo por pertenecer a CONAF y el trabajo en equipo destacan los tres representantes de la Regi\u00f3n que se encuentran en la provincia de Alberta, donde el megaincendio ha afectado una superficie cercana a las 140 mil hect\u00e1reas.<\/strong><\/p>\n\n\n\n<p>Pedro Bustamante combate incendios forestales desde la temporada 1989 \u2013 1990 y esta es la segunda vez que presta apoyo a Canad\u00e1 cuando se ha visto afectado por incendios forestales. Junto a \u00e9l se encuentran Erwin Salas y Marcelo Albornoz, quienes tambi\u00e9n forman parte de la comitiva de CONAF que llev\u00f3 a 62 brigadistas nacionales a combatir el megaincendio que afecta a este pa\u00eds del norte de am\u00e9rica.<\/p>\n\n\n\n<p>Las jornadas son extenuantes. Erwin Salas \u2013quien tambi\u00e9n viaj\u00f3 por segunda vez a Canad\u00e1- comenta que \u201cnos levantamos a las 4.00 am y entre las 5 am tomamos desayuno. Luego, a las 6.30 am se realiza el brifing (reuni\u00f3n de coordinaci\u00f3n), despu\u00e9s se reciben las instrucciones y nos vamos a la l\u00ednea de combate, donde nos llevamos una raci\u00f3n de combate a elecci\u00f3n nuestra para el d\u00eda. Regresamos alrededor de las 19.30 o 20.30 horas\u201d.<\/p>\n\n\n\n<p>El idioma no ha sido una barrera. \u201cTenemos traductores, nuestro l\u00edder de brigada nos traduce los mensajes que se entregan y es f\u00e1cil entender porque como tenemos conocimientos de incendios se repiten muchos conceptos, los mapas son f\u00e1ciles de entender\u201d, se\u00f1al\u00f3 Albornoz, quien lleva 29 temporadas combatiendo incendios en CONAF.<\/p>\n\n\n\n<p>Respecto de las labores que est\u00e1n cumpliendo hoy en d\u00eda, Bustamante indic\u00f3 que \u201cestamos siendo helitransportados a puntos espec\u00edficos que se encuentran subterr\u00e1neos y superficiales, los cuales detectamos y liquidamos\u201d.<\/p>\n\n\n\n<p>Mientras que Salas complement\u00f3 que el incendio se encuentra en \u201cetapa de liquidaci\u00f3n con herramientas y equipo de agua, adem\u00e1s de construcci\u00f3n de l\u00ednea\u201d. Albornoz explic\u00f3 que \u201cCanad\u00e1 tiene una aplicaci\u00f3n que nos georeferencia los hot spot (puntos calientes de combustible subterr\u00e1neo), lo cual facilita la tarea, aunque los trayectos son muy largos. Tambi\u00e9n apagamos&nbsp; peque\u00f1os focos en los per\u00edmetros de los incendios\u201d. Agreg\u00f3 que \u201cexisten riesgos por ca\u00eddas de \u00e1rboles, es un terreno muy h\u00famedo y los arboles no tienen ra\u00edces profundas, entonces se queman y caen de la nada\u201d.<\/p>\n\n\n\n<p>Brigadistas orgullosos de su preparaci\u00f3n<\/p>\n\n\n\n<p>Pedro Bustamante considera que \u201clo m\u00e1s gratificante es la experiencia de combatir incendios forestales junto a delegaciones de otros pa\u00edses y ver que Chile est\u00e1 a muy buen nivel y con est\u00e1ndar&nbsp; internacional en materia de combate\u201d; mientras que Erwin Salas, agrega que \u201cel recibimiento de parte de los canadienses tambi\u00e9n ha sido gratificante, ya que estamos c\u00f3modos para poder descansar\u201d.<\/p>\n\n\n\n<p>En cuanto a los aspectos m\u00e1s complejos de su estad\u00eda, ambos coinciden en las largas jornadas de trabajo: \u201chay que acomodarse a las extensas horas de trabajo (de 14 a 15 horas\u201d, precis\u00f3 Erwin Salas. \u201cPara m\u00ed, el estar apoyando a Canad\u00e1 en incendios forestales es tan importante o igual de importante que combatir los incendios de Chile y de la regi\u00f3n, siempre con la misma seguridad\u201d.<\/p>\n\n\n\n<p>Albornoz coment\u00f3 que \u201csiento orgullo de representar a nuestra CONAF que queremos tanto. Aprovechamos al m\u00e1ximo la oportunidad que nos da la instituci\u00f3n y aportamos nuestro granito de arena\u201d.<\/p>\n\n\n\n<p>Lejos de la familia<\/p>\n\n\n\n<p>Erwin Salas explic\u00f3 que para dormir \u201ctenemos piezas individuales en conteiner y en los momentos libres tratamos de comunicarnos con la familia y descansar\u201d.<\/p>\n\n\n\n<p>Respecto de su lejan\u00eda con el hogar y su familia, coment\u00f3 que \u201cha sido dif\u00edcil de parte de ellos al principio, pero nosotros ya sabemos c\u00f3mo funciona esto, y la verdad no siento nada de temor ya que sabemos realizar el trabajo seguro\u201d.<\/p>\n\n\n\n<p>En el caso de Pedro Bustamante, su familia ya est\u00e1 acostumbrada \u201ca que est\u00e9 lejos y varios d\u00edas fuera de casa. Lo que m\u00e1s me piden es que me cuide y no me arriesgue mucho. Por mi parte nunca he sentido temor de combatir los incendios forestales porque m\u00e1s que un trabajo siempre ha sido mi pasi\u00f3n. S\u00ed les tengo respeto por lo agresivos que son, tanto en Chile como ac\u00e1 en Canad\u00e1. Me siento orgulloso de representar a mi pa\u00eds y en especial a mi gran instituci\u00f3n que es CONAF\u201d.<\/p>\n\n\n\n<p>Para Marcelo Albornoz, su familia ha sido un pilar fundamental que siempre lo ha apoyado en su labor. \u201cMientras ellos est\u00e9n bien uno est\u00e1 tranquilo. Nos comunicamos diariamente. Ac\u00e1 tenemos dos horas menos, llegamos alrededor de las 23 horas -hora chilena- a veces los ni\u00f1os est\u00e1n durmiendo, pero hacemos videollamadas\u201d.<\/p>\n\n\n\n<p>Si bien los tres brigadistas destacan el trabajo coordinado y en equipo, Marcelo Albornoz hace hincapi\u00e9 en que \u201cCanad\u00e1 es un pa\u00eds ejemplar y pionero en el combate de los incendios forestales. Estar ac\u00e1 adem\u00e1s nos ha permitido compartir con brigadistas de Australia, M\u00e9xico, Estados Unidos y Costa Rica, compartimos experiencias y es enriquecedor para nuestro trabajo que desarrollamos en Chile. Hay aspectos que se pueden complementar y llevar a nuestra realidad\u201d.<\/p>\n","protected":false},"excerpt":{"rendered":"Orgullo por pertenecer a CONAF y el trabajo en equipo destacan los tres representantes de la Regi\u00f3n que&hellip;\n","protected":false},"author":1,"featured_media":4876,"comment_status":"open","ping_status":"open","sticky":false,"template":"","format":"standard","meta":{"_monsterinsights_skip_tracking":false,"_monsterinsights_sitenote_active":false,"_monsterinsights_sitenote_note":"","_monsterinsights_sitenote_category":0,"footnotes":""},"categories":[8],"tags":[],"class_list":{"0":"post-4875","1":"post","2":"type-post","3":"status-publish","4":"format-standard","5":"has-post-thumbnail","7":"category-portada"},"aioseo_notices":[],"_links":{"self":[{"href":"https:\/\/www.rengoenlanoticia.cl\/prensa\/wp-json\/wp\/v2\/posts\/4875","targetHints":{"allow":["GET"]}}],"collection":[{"href":"https:\/\/www.rengoenlanoticia.cl\/prensa\/wp-json\/wp\/v2\/posts"}],"about":[{"href":"https:\/\/www.rengoenlanoticia.cl\/prensa\/wp-json\/wp\/v2\/types\/post"}],"author":[{"embeddable":true,"href":"https:\/\/www.rengoenlanoticia.cl\/prensa\/wp-json\/wp\/v2\/users\/1"}],"replies":[{"embeddable":true,"href":"https:\/\/www.rengoenlanoticia.cl\/prensa\/wp-json\/wp\/v2\/comments?post=4875"}],"version-history":[{"count":3,"href":"https:\/\/www.rengoenlanoticia.cl\/prensa\/wp-json\/wp\/v2\/posts\/4875\/revisions"}],"predecessor-version":[{"id":4886,"href":"https:\/\/www.rengoenlanoticia.cl\/prensa\/wp-json\/wp\/v2\/posts\/4875\/revisions\/4886"}],"wp:featuredmedia":[{"embeddable":true,"href":"https:\/\/www.rengoenlanoticia.cl\/prensa\/wp-json\/wp\/v2\/media\/4876"}],"wp:attachment":[{"href":"https:\/\/www.rengoenlanoticia.cl\/prensa\/wp-json\/wp\/v2\/media?parent=4875"}],"wp:term":[{"taxonomy":"category","embeddable":true,"href":"https:\/\/www.rengoenlanoticia.cl\/prensa\/wp-json\/wp\/v2\/categories?post=4875"},{"taxonomy":"post_tag","embeddable":true,"href":"https:\/\/www.rengoenlanoticia.cl\/prensa\/wp-json\/wp\/v2\/tags?post=4875"}],"curies":[{"name":"wp","href":"https:\/\/api.w.org\/{rel}","templated":true}]}}