{"id":4871,"date":"2025-08-01T19:47:22","date_gmt":"2025-08-01T19:47:22","guid":{"rendered":"https:\/\/www.rengoenlanoticia.cl\/prensa\/?p=4871"},"modified":"2025-08-01T19:47:45","modified_gmt":"2025-08-01T19:47:45","slug":"diputada-marta-gonzalez-tras-tragedia-en-el-teniente-no-puede-ser-que-se-preocupen-de-los-trabajadores-solo-cuando-hay-accidentes","status":"publish","type":"post","link":"https:\/\/www.rengoenlanoticia.cl\/prensa\/2025\/08\/01\/diputada-marta-gonzalez-tras-tragedia-en-el-teniente-no-puede-ser-que-se-preocupen-de-los-trabajadores-solo-cuando-hay-accidentes\/","title":{"rendered":"Diputada Marta Gonz\u00e1lez tras tragedia en El Teniente: \u201cNo puede ser que se preocupen de los trabajadores solo cuando hay accidentes\u201d"},"content":{"rendered":"\n<p>La Diputada por la Regi\u00f3n de O\u2019Higgins, Marta Gonz\u00e1lez, se refiri\u00f3 al grave accidente ocurrido en la mina El Teniente de Codelco, que hasta ahora deja un trabajador fallecido y otros cinco desaparecidos. La parlamentaria expres\u00f3 su pesar por lo sucedido y cuestion\u00f3 las condiciones laborales de los trabajadores subcontratados.<\/p>\n\n\n\n<p>\u201cHemos seguido recibiendo distintos reportes sobre el grave accidente que sucedi\u00f3 ayer en la mina El Teniente. Lamentablemente hay un trabajador fallecido y otros cinco est\u00e1n siendo buscados porque todav\u00eda no tenemos el reporte ni la versi\u00f3n oficial de lo que est\u00e1 sucediendo con los trabajadores que a\u00fan no se encuentran. Mandamos las condolencias a las familias, a los amigos, a los compa\u00f1eros de trabajo\u201d, sostuvo la Diputada Gonz\u00e1lez.<\/p>\n\n\n\n<p>En la misma l\u00ednea, exigi\u00f3 una investigaci\u00f3n exhaustiva que permita esclarecer lo ocurrido: \u201cEsto es un accidente grav\u00edsimo y pediremos que se haga toda la investigaci\u00f3n correspondiente porque hoy d\u00eda hay registrado un sismo pero tambi\u00e9n un desprendimiento de cerro que tiene que ver con una explosi\u00f3n dentro de la mina. Queremos que todos estos eventos se esclarezcan y queremos tener toda la informaci\u00f3n a la vista\u201d.<\/p>\n\n\n\n<p>La parlamentaria apunt\u00f3 a la precarizaci\u00f3n del empleo en Codelco y en particular en la Divisi\u00f3n El Teniente, se\u00f1alando que la situaci\u00f3n lleva a\u00f1os siendo denunciada sin respuestas concretas: \u201cTambi\u00e9n necesitamos ir m\u00e1s all\u00e1. Hace mucho tiempo que hemos denunciado cu\u00e1les son las condiciones de trabajo que hoy d\u00eda tienen los trabajadores contratistas. Necesitamos que se pueda intervenir estructuralmente con planes de trabajo serios, seguros, pero tambi\u00e9n con la orientaci\u00f3n t\u00e9cnica que se necesita\u201d.<\/p>\n\n\n\n<p>Adem\u00e1s, advirti\u00f3 que el crecimiento del empleo subcontratado dentro de la estatal minera ha generado un escenario cr\u00edtico en cuanto a seguridad y derechos laborales: \u201cLa mina El Teniente est\u00e1 teniendo perforaciones de distinta \u00edndole y hoy d\u00eda a todas luces eso es un riesgo inminente. No podemos preocuparnos de los trabajadores contratistas solo cuando hay accidentes. Necesitamos hacer planes de trabajo robustos. Hoy d\u00eda los trabajadores contratistas han crecido exponencialmente en la minera El Teniente. Por cada seis trabajadores contratistas hay uno de planta. \u00bfQu\u00e9 nos quiere decir esto? Que los puestos estrat\u00e9gicos y los puestos que son del giro de la empresa est\u00e1n siendo subcontratados, cosa que no puede ser\u201d.<\/p>\n\n\n\n<p>La Diputada Gonz\u00e1lez hizo un llamado directo al Presidente de la Rep\u00fablica: \u201cHacemos un llamado al presidente Boric para que pueda intervenir, que pueda limitar la subcontrataci\u00f3n en empresas estrat\u00e9gicas, en empresas estatales como Codelco. Y tambi\u00e9n haremos un llamado a la C\u00e1mara de Diputados para que pueda sesionar la Comisi\u00f3n de Miner\u00eda en conjunto con la Comisi\u00f3n del Trabajo, para que podamos tener medidas concretas para apoyar a los trabajadores de la miner\u00eda\u201d.<\/p>\n\n\n\n<p>Finalmente, enfatiz\u00f3 la urgencia de avanzar hacia cambios estructurales y reforzar la organizaci\u00f3n sindical de los trabajadores: \u201cEstaremos haciendo todas las gestiones para que esto no vuelva a suceder, para que los trabajadores contratistas puedan tener organizaciones sindicales, para que los trabajadores contratistas puedan tener comit\u00e9s paritarios que puedan fiscalizar, que puedan ser voz de los trabajadores dentro de la mina. Hoy d\u00eda, lamentablemente, los trabajadores no est\u00e1n siendo escuchados. Insisto, no podemos solamente preocuparnos de los trabajadores cuando pasan accidentes. Tenemos que hacer un plan concreto y robusto. El mineral, El Teniente, tiene que cambiar su forma de trato con los trabajadores\u201d.<\/p>\n","protected":false},"excerpt":{"rendered":"La Diputada por la Regi\u00f3n de O\u2019Higgins, Marta Gonz\u00e1lez, se refiri\u00f3 al grave accidente ocurrido en la mina&hellip;\n","protected":false},"author":1,"featured_media":4872,"comment_status":"open","ping_status":"open","sticky":false,"template":"","format":"standard","meta":{"_monsterinsights_skip_tracking":false,"_monsterinsights_sitenote_active":false,"_monsterinsights_sitenote_note":"","_monsterinsights_sitenote_category":0,"footnotes":""},"categories":[11,8],"tags":[],"class_list":{"0":"post-4871","1":"post","2":"type-post","3":"status-publish","4":"format-standard","5":"has-post-thumbnail","7":"category-politica","8":"category-portada"},"aioseo_notices":[],"_links":{"self":[{"href":"https:\/\/www.rengoenlanoticia.cl\/prensa\/wp-json\/wp\/v2\/posts\/4871","targetHints":{"allow":["GET"]}}],"collection":[{"href":"https:\/\/www.rengoenlanoticia.cl\/prensa\/wp-json\/wp\/v2\/posts"}],"about":[{"href":"https:\/\/www.rengoenlanoticia.cl\/prensa\/wp-json\/wp\/v2\/types\/post"}],"author":[{"embeddable":true,"href":"https:\/\/www.rengoenlanoticia.cl\/prensa\/wp-json\/wp\/v2\/users\/1"}],"replies":[{"embeddable":true,"href":"https:\/\/www.rengoenlanoticia.cl\/prensa\/wp-json\/wp\/v2\/comments?post=4871"}],"version-history":[{"count":2,"href":"https:\/\/www.rengoenlanoticia.cl\/prensa\/wp-json\/wp\/v2\/posts\/4871\/revisions"}],"predecessor-version":[{"id":4874,"href":"https:\/\/www.rengoenlanoticia.cl\/prensa\/wp-json\/wp\/v2\/posts\/4871\/revisions\/4874"}],"wp:featuredmedia":[{"embeddable":true,"href":"https:\/\/www.rengoenlanoticia.cl\/prensa\/wp-json\/wp\/v2\/media\/4872"}],"wp:attachment":[{"href":"https:\/\/www.rengoenlanoticia.cl\/prensa\/wp-json\/wp\/v2\/media?parent=4871"}],"wp:term":[{"taxonomy":"category","embeddable":true,"href":"https:\/\/www.rengoenlanoticia.cl\/prensa\/wp-json\/wp\/v2\/categories?post=4871"},{"taxonomy":"post_tag","embeddable":true,"href":"https:\/\/www.rengoenlanoticia.cl\/prensa\/wp-json\/wp\/v2\/tags?post=4871"}],"curies":[{"name":"wp","href":"https:\/\/api.w.org\/{rel}","templated":true}]}}