{"id":4866,"date":"2025-08-01T16:56:52","date_gmt":"2025-08-01T16:56:52","guid":{"rendered":"https:\/\/www.rengoenlanoticia.cl\/prensa\/?p=4866"},"modified":"2025-08-01T16:56:54","modified_gmt":"2025-08-01T16:56:54","slug":"senador-juan-luis-castro-exige-claridad-total-tras-tragedia-en-el-teniente-y-convoca-sesion-especial-de-la-comision-de-mineria","status":"publish","type":"post","link":"https:\/\/www.rengoenlanoticia.cl\/prensa\/2025\/08\/01\/senador-juan-luis-castro-exige-claridad-total-tras-tragedia-en-el-teniente-y-convoca-sesion-especial-de-la-comision-de-mineria\/","title":{"rendered":"Senador Juan Luis Castro exige claridad total tras tragedia en El Teniente y convoca sesi\u00f3n especial de la Comisi\u00f3n de Miner\u00eda"},"content":{"rendered":"\n<p><em>El parlamentario envi\u00f3 sus condolencias a los familiares de la persona fallecida.<\/em><\/p>\n\n\n\n<p>Ante el tr\u00e1gico accidente ocurrido en el yacimiento Proyecto Andesita de la Divisi\u00f3n El Teniente de Codelco, donde un trabajador perdi\u00f3 la vida, otros &nbsp;5 contin\u00faan atrapados y varios resultaron lesionados, el senador Juan Luis Castro, representante de la regi\u00f3n de O\u2019Higgins e integrante de la Comisi\u00f3n de Miner\u00eda y Energ\u00eda &nbsp;la C\u00e1mara Alta, expres\u00f3 su profunda preocupaci\u00f3n y exigi\u00f3 m\u00e1xima transparencia en la investigaci\u00f3n de los hechos.<\/p>\n\n\n\n<p>\u201cVivimos horas dram\u00e1ticas en la divisi\u00f3n del Teniente, en la regi\u00f3n de O&#8217;Higgins, porque hay gente de nuestro pueblo, trabajadores de la mina, uno de ellos fallecido y otros que est\u00e1n atrapados. Queremos que ojal\u00e1 salgan con vida, no sabemos. Pero no cabe duda que aqu\u00ed hay muchas explicaciones que dar\u201d, declar\u00f3 el parlamentario.<\/p>\n\n\n\n<p>El senador record\u00f3 que este yacimiento, uno de los principales de Codelco, se ubica en la regi\u00f3n m\u00e1s productiva de la estatal y, por tanto, lo ocurrido amerita una respuesta institucional urgente y coordinada.<\/p>\n\n\n\n<p>\u201cPor eso, he pedido formalmente que la Comisi\u00f3n de Miner\u00eda del Senado sesione el d\u00eda 6 y pueda tener un informe completo de Codelco y de Sernageomin sobre las causas, las razones y sobre todo por qu\u00e9 lleg\u00f3 a suceder una situaci\u00f3n tan dram\u00e1tica como esta\u201d.<\/p>\n\n\n\n<p>Adem\u00e1s, el senador entreg\u00f3 su solidaridad a los afectados y emplaz\u00f3 a todas las autoridades responsables a actuar con celeridad.<\/p>\n\n\n\n<p>\u201cPara la familia de la persona ya fallecida, nuestra condolencia. Pero esto no puede quedar as\u00ed y por eso seguiremos hasta el final la indagatoria que corresponde a cada Poder del Estado para dilucidar algo que tal vez pudo no haber sucedido\u201d.&nbsp;<\/p>\n","protected":false},"excerpt":{"rendered":"El parlamentario envi\u00f3 sus condolencias a los familiares de la persona fallecida. Ante el tr\u00e1gico accidente ocurrido en&hellip;\n","protected":false},"author":1,"featured_media":4364,"comment_status":"open","ping_status":"open","sticky":false,"template":"","format":"standard","meta":{"_monsterinsights_skip_tracking":false,"_monsterinsights_sitenote_active":false,"_monsterinsights_sitenote_note":"","_monsterinsights_sitenote_category":0,"footnotes":""},"categories":[11,8],"tags":[],"class_list":{"0":"post-4866","1":"post","2":"type-post","3":"status-publish","4":"format-standard","5":"has-post-thumbnail","7":"category-politica","8":"category-portada"},"aioseo_notices":[],"_links":{"self":[{"href":"https:\/\/www.rengoenlanoticia.cl\/prensa\/wp-json\/wp\/v2\/posts\/4866","targetHints":{"allow":["GET"]}}],"collection":[{"href":"https:\/\/www.rengoenlanoticia.cl\/prensa\/wp-json\/wp\/v2\/posts"}],"about":[{"href":"https:\/\/www.rengoenlanoticia.cl\/prensa\/wp-json\/wp\/v2\/types\/post"}],"author":[{"embeddable":true,"href":"https:\/\/www.rengoenlanoticia.cl\/prensa\/wp-json\/wp\/v2\/users\/1"}],"replies":[{"embeddable":true,"href":"https:\/\/www.rengoenlanoticia.cl\/prensa\/wp-json\/wp\/v2\/comments?post=4866"}],"version-history":[{"count":3,"href":"https:\/\/www.rengoenlanoticia.cl\/prensa\/wp-json\/wp\/v2\/posts\/4866\/revisions"}],"predecessor-version":[{"id":4870,"href":"https:\/\/www.rengoenlanoticia.cl\/prensa\/wp-json\/wp\/v2\/posts\/4866\/revisions\/4870"}],"wp:featuredmedia":[{"embeddable":true,"href":"https:\/\/www.rengoenlanoticia.cl\/prensa\/wp-json\/wp\/v2\/media\/4364"}],"wp:attachment":[{"href":"https:\/\/www.rengoenlanoticia.cl\/prensa\/wp-json\/wp\/v2\/media?parent=4866"}],"wp:term":[{"taxonomy":"category","embeddable":true,"href":"https:\/\/www.rengoenlanoticia.cl\/prensa\/wp-json\/wp\/v2\/categories?post=4866"},{"taxonomy":"post_tag","embeddable":true,"href":"https:\/\/www.rengoenlanoticia.cl\/prensa\/wp-json\/wp\/v2\/tags?post=4866"}],"curies":[{"name":"wp","href":"https:\/\/api.w.org\/{rel}","templated":true}]}}