{"id":4850,"date":"2025-08-01T16:41:56","date_gmt":"2025-08-01T16:41:56","guid":{"rendered":"https:\/\/www.rengoenlanoticia.cl\/prensa\/?p=4850"},"modified":"2025-08-01T16:42:00","modified_gmt":"2025-08-01T16:42:00","slug":"un-alto-en-la-rutina-para-cuidar-el-alma-hospital-de-santa-cruz-vive-jornada-de-bienestar-sonoro","status":"publish","type":"post","link":"https:\/\/www.rengoenlanoticia.cl\/prensa\/2025\/08\/01\/un-alto-en-la-rutina-para-cuidar-el-alma-hospital-de-santa-cruz-vive-jornada-de-bienestar-sonoro\/","title":{"rendered":"Un alto en la rutina para cuidar el alma: Hospital de Santa Cruz vive jornada de bienestar sonoro"},"content":{"rendered":"\n<p><strong>A trav\u00e9s de la sonoterapia, el establecimiento brind\u00f3 a sus trabajadores un momento de contenci\u00f3n y conexi\u00f3n interior, como parte de las estrategias de Cuidado de Equipos del Servicio de Salud O\u2019Higgins.<\/strong><\/p>\n\n\n\n<p>&nbsp;En una profunda jornada de conexi\u00f3n interior, relajaci\u00f3n y bienestar, las Estrategias de Cuidado de Equipos y Medicinas Complementarias del Servicio de Salud O\u2019Higgins, en coordinaci\u00f3n con la Unidad de Calidad de Vida del Hospital de Santa Cruz, realizaron una intervenci\u00f3n dirigida a los equipos de salud del establecimiento, con el prop\u00f3sito de brindarles un espacio de contenci\u00f3n y renovaci\u00f3n energ\u00e9tica.<\/p>\n\n\n\n<p>Esta acci\u00f3n se enmarca en el enfoque de salud integral y humanizada que impulsa el Servicio, donde el cuidado de los funcionarios de la salud es una prioridad estrat\u00e9gica. En esta ocasi\u00f3n, se implement\u00f3 la t\u00e9cnica de sonoterapia, una pr\u00e1ctica de medicina complementaria que utiliza la vibraci\u00f3n de instrumentos sonoros -como cuencos tibetanos, tambores cham\u00e1nicos y otros elementos arm\u00f3nicos- para inducir estados de relajaci\u00f3n profunda, disminuir el estr\u00e9s y restablecer el equilibrio f\u00edsico y emocional de las personas.<\/p>\n\n\n\n<figure class=\"wp-block-image size-large\"><img loading=\"lazy\" decoding=\"async\" width=\"1024\" height=\"768\" src=\"https:\/\/www.rengoenlanoticia.cl\/prensa\/wp-content\/uploads\/2025\/08\/WhatsApp-Image-2025-08-01-at-10.38.52-1024x768.jpeg\" alt=\"\" class=\"wp-image-4856\" srcset=\"https:\/\/www.rengoenlanoticia.cl\/prensa\/wp-content\/uploads\/2025\/08\/WhatsApp-Image-2025-08-01-at-10.38.52-1024x768.jpeg 1024w, https:\/\/www.rengoenlanoticia.cl\/prensa\/wp-content\/uploads\/2025\/08\/WhatsApp-Image-2025-08-01-at-10.38.52-300x225.jpeg 300w, https:\/\/www.rengoenlanoticia.cl\/prensa\/wp-content\/uploads\/2025\/08\/WhatsApp-Image-2025-08-01-at-10.38.52-768x576.jpeg 768w, https:\/\/www.rengoenlanoticia.cl\/prensa\/wp-content\/uploads\/2025\/08\/WhatsApp-Image-2025-08-01-at-10.38.52-1536x1152.jpeg 1536w, https:\/\/www.rengoenlanoticia.cl\/prensa\/wp-content\/uploads\/2025\/08\/WhatsApp-Image-2025-08-01-at-10.38.52-110x83.jpeg 110w, https:\/\/www.rengoenlanoticia.cl\/prensa\/wp-content\/uploads\/2025\/08\/WhatsApp-Image-2025-08-01-at-10.38.52-200x150.jpeg 200w, https:\/\/www.rengoenlanoticia.cl\/prensa\/wp-content\/uploads\/2025\/08\/WhatsApp-Image-2025-08-01-at-10.38.52-380x285.jpeg 380w, https:\/\/www.rengoenlanoticia.cl\/prensa\/wp-content\/uploads\/2025\/08\/WhatsApp-Image-2025-08-01-at-10.38.52-255x191.jpeg 255w, https:\/\/www.rengoenlanoticia.cl\/prensa\/wp-content\/uploads\/2025\/08\/WhatsApp-Image-2025-08-01-at-10.38.52-550x413.jpeg 550w, https:\/\/www.rengoenlanoticia.cl\/prensa\/wp-content\/uploads\/2025\/08\/WhatsApp-Image-2025-08-01-at-10.38.52-800x600.jpeg 800w, https:\/\/www.rengoenlanoticia.cl\/prensa\/wp-content\/uploads\/2025\/08\/WhatsApp-Image-2025-08-01-at-10.38.52-1160x870.jpeg 1160w, https:\/\/www.rengoenlanoticia.cl\/prensa\/wp-content\/uploads\/2025\/08\/WhatsApp-Image-2025-08-01-at-10.38.52.jpeg 1600w\" sizes=\"auto, (max-width: 1024px) 100vw, 1024px\" \/><\/figure>\n\n\n\n<p>Durante la jornada, funcionarios de diversas unidades participaron activamente en esta experiencia sensorial, que les permiti\u00f3 desconectarse por un momento de las exigencias del trabajo asistencial, y reconectarse consigo mismos en un espacio seguro y respetuoso. La actividad fue guiada por profesionales especializados en terapias complementarias, quienes facilitaron la instancia con un enfoque profesional, \u00e9tico y centrado en el bienestar del equipo humano.<\/p>\n\n\n\n<p>El director del hospital, Dr. Sebasti\u00e1n Urz\u00faa, explic\u00f3 que \u201cen nuestro hospital entendemos que la salud no es s\u00f3lo f\u00edsica. Es emocional, mental y tambi\u00e9n espiritual. Por eso, instancias como esta son fundamentales para fortalecer a nuestros equipos, reconocer su entrega y recordarles que su bienestar tambi\u00e9n importa. Cuidar a quienes cuidan es parte esencial de nuestra misi\u00f3n\u201d.<\/p>\n\n\n\n<p>Por su parte, el Subdirector de Gesti\u00f3n de Personas del Hospital de Santa Cruz, Tom\u00e1s Urz\u00faa, destac\u00f3 la importancia de este tipo de acciones en el entorno hospitalario, indicando que \u201cnuestros equipos est\u00e1n sometidos a altos niveles de exigencia f\u00edsica y emocional, lo que hace indispensable implementar espacios de autocuidado reales y significativos. La sonoterapia nos ofreci\u00f3 un momento de pausa y conexi\u00f3n que, sin duda, deja una huella positiva en nuestro equipo\u201d.<\/p>\n\n\n\n<p>Cabe indicar que la jornada forma parte del plan de trabajo que impulsa la Direcci\u00f3n del Servicio de Salud O\u2019Higgins a trav\u00e9s de sus estrategias de Bienestar y Cuidado de Equipos, las cuales promueven un enfoque de salud integral que incorpora terapias complementarias como parte de un modelo de atenci\u00f3n centrado en las personas, incluyendo tanto a pacientes como a quienes forman parte del sistema.<\/p>\n\n\n\n<p>Este tipo de intervenciones, que se seguir\u00e1n replicando en distintos establecimientos de la red, representan un importante avance hacia una cultura organizacional m\u00e1s emp\u00e1tica y comprometida con la salud mental y emocional de los trabajadores.<\/p>\n","protected":false},"excerpt":{"rendered":"A trav\u00e9s de la sonoterapia, el establecimiento brind\u00f3 a sus trabajadores un momento de contenci\u00f3n y conexi\u00f3n interior,&hellip;\n","protected":false},"author":1,"featured_media":4855,"comment_status":"open","ping_status":"open","sticky":false,"template":"","format":"standard","meta":{"_monsterinsights_skip_tracking":false,"_monsterinsights_sitenote_active":false,"_monsterinsights_sitenote_note":"","_monsterinsights_sitenote_category":0,"footnotes":""},"categories":[8],"tags":[],"class_list":{"0":"post-4850","1":"post","2":"type-post","3":"status-publish","4":"format-standard","5":"has-post-thumbnail","7":"category-portada"},"aioseo_notices":[],"_links":{"self":[{"href":"https:\/\/www.rengoenlanoticia.cl\/prensa\/wp-json\/wp\/v2\/posts\/4850","targetHints":{"allow":["GET"]}}],"collection":[{"href":"https:\/\/www.rengoenlanoticia.cl\/prensa\/wp-json\/wp\/v2\/posts"}],"about":[{"href":"https:\/\/www.rengoenlanoticia.cl\/prensa\/wp-json\/wp\/v2\/types\/post"}],"author":[{"embeddable":true,"href":"https:\/\/www.rengoenlanoticia.cl\/prensa\/wp-json\/wp\/v2\/users\/1"}],"replies":[{"embeddable":true,"href":"https:\/\/www.rengoenlanoticia.cl\/prensa\/wp-json\/wp\/v2\/comments?post=4850"}],"version-history":[{"count":3,"href":"https:\/\/www.rengoenlanoticia.cl\/prensa\/wp-json\/wp\/v2\/posts\/4850\/revisions"}],"predecessor-version":[{"id":4859,"href":"https:\/\/www.rengoenlanoticia.cl\/prensa\/wp-json\/wp\/v2\/posts\/4850\/revisions\/4859"}],"wp:featuredmedia":[{"embeddable":true,"href":"https:\/\/www.rengoenlanoticia.cl\/prensa\/wp-json\/wp\/v2\/media\/4855"}],"wp:attachment":[{"href":"https:\/\/www.rengoenlanoticia.cl\/prensa\/wp-json\/wp\/v2\/media?parent=4850"}],"wp:term":[{"taxonomy":"category","embeddable":true,"href":"https:\/\/www.rengoenlanoticia.cl\/prensa\/wp-json\/wp\/v2\/categories?post=4850"},{"taxonomy":"post_tag","embeddable":true,"href":"https:\/\/www.rengoenlanoticia.cl\/prensa\/wp-json\/wp\/v2\/tags?post=4850"}],"curies":[{"name":"wp","href":"https:\/\/api.w.org\/{rel}","templated":true}]}}