{"id":4849,"date":"2025-08-01T16:36:50","date_gmt":"2025-08-01T16:36:50","guid":{"rendered":"https:\/\/www.rengoenlanoticia.cl\/prensa\/?p=4849"},"modified":"2025-08-01T16:36:52","modified_gmt":"2025-08-01T16:36:52","slug":"labores-de-rescate-continuan-en-la-mina-el-teniente-para-encontrar-a-los-cinco-mineros-atrapados","status":"publish","type":"post","link":"https:\/\/www.rengoenlanoticia.cl\/prensa\/2025\/08\/01\/labores-de-rescate-continuan-en-la-mina-el-teniente-para-encontrar-a-los-cinco-mineros-atrapados\/","title":{"rendered":"Labores de rescate contin\u00faan en la mina El Teniente para encontrar a los cinco mineros atrapados"},"content":{"rendered":"\n<p><em>Los trabajadores pertenecen a la empresa Gardilcic.<\/em><\/p>\n\n\n\n<p>Codelco confirm\u00f3 que cinco mineros contin\u00faan atrapados, tras el evento s\u00edsmico de magnitud 4.2 ML, ocurrido ayer a las 17:34 horas, a 500 metros de profundidad en el sector Andesita de la Divisi\u00f3n El Teniente, y que fue detectado tanto por el Servicio Sismol\u00f3gico Nacional como por sistemas internacionales.<\/p>\n\n\n\n<p>A trav\u00e9s de su gerente general, Andr\u00e9s Music, se descart\u00f3 que el evento haya sido provocado por explosivos o perforaciones humanas. \u201cLa sismicidad est\u00e1 asociada a la explotaci\u00f3n minera y a la tect\u00f3nica local\u201d, asegur\u00f3. Cabe se\u00f1alar que, en miner\u00eda subterr\u00e1nea a esta profundidad, son frecuentes los eventos s\u00edsmicos. Es probable que este sismo tenga esa naturaleza, lo que debe ser confirmado por la investigaci\u00f3n.<\/p>\n\n\n\n<p>Seg\u00fan explic\u00f3 el ejecutivo en un punto de prensa realizado hoy a primera hora en las oficinas divisionales en la Regi\u00f3n de O\u2019Higgins, tan pronto los equipos de Codelco recibieron la alerta del accidente, se activaron las brigadas de emergencia, que iniciaron de inmediato la evacuaci\u00f3n que termin\u00f3 a las 18:30 horas. Detall\u00f3 que en ese momento trabajaban 500 personas en Andesita y un total de 2.500, aproximadamente, en todo el yacimiento, quienes fueron ubicadas en distintas zonas seguras.<\/p>\n\n\n\n<p>Poco despu\u00e9s de las 22 horas se pudo confirmar la muerte de Paulo Mar\u00edn Tapia, de Salfa Montajes, \u201cproducto de un desprendimiento de roca en Andesita, sector poniente del yacimiento, una de las cotas m\u00e1s profundas de El Teniente, a ra\u00edz del evento s\u00edsmico registrado en el sector\u201d. Agreg\u00f3 que otros cinco trabajadores de la empresa Gardilcic, al momento del incidente estaban en Nivel Teniente 7, al norte del yacimiento, y que se encuentran atrapados hasta ahora.<\/p>\n\n\n\n<p>Explic\u00f3 que en las labores de rescate est\u00e1 involucrado un equipo de aproximadamente 100 personas, formado por geof\u00edsicos y geomec\u00e1nicos \u2014quienes est\u00e1n revisando la respuesta s\u00edsmica\u2014, adem\u00e1s de rescatistas, algunos de los cuales participaron en el socorro de los 33 mineros en San Jos\u00e9, en 2010. El grupo es liderado por el gerente de Minas de El Teniente, Rodrigo Andrades, quien ha estado trabajando toda la noche.<\/p>\n\n\n\n<p>Music agreg\u00f3 que se cuenta con la informaci\u00f3n exacta de la ubicaci\u00f3n de los desaparecidos, \u201cporque el jefe de turno pas\u00f3 15 a 20 minutos antes por el sector, haciendo el chequeo de seguridad con los trabajadores. Y sabemos que est\u00e1n ah\u00ed, porque (los cinco mineros) estaban esperando a que llegara un equipo\u201d. A\u00f1adi\u00f3 que \u201clas pr\u00f3ximas 48 horas son cr\u00edticas para lograr llegar a ellos\u201d.<\/p>\n\n\n\n<p>Se inform\u00f3 que no se ha podido establecer comunicaci\u00f3n con ellos, debido a que la galer\u00eda en la que se encuentran est\u00e1 colapsada. La zona de rescate, adem\u00e1s, sigue siendo de alto riesgo, con r\u00e9plicas s\u00edsmicas en curso. Los trabajos actuales consisten en remover material y despejar la zona con maquinaria teleoperada, para llegar lo antes posible a las personas.<\/p>\n\n\n\n<p>El gerente general, Andr\u00e9s Music, agreg\u00f3 que, en miner\u00eda subterr\u00e1nea, a esta profundidad, son frecuentes los eventos s\u00edsmicos. Es probable que este sismo tenga esa naturaleza, lo que debe ser confirmado por la investigaci\u00f3n.<\/p>\n\n\n\n<p>La empresa fue enf\u00e1tica en recalcar que han realizado y se seguir\u00e1n haciendo todos los esfuerzos necesarios para encontrar a los trabajadores.<\/p>\n\n\n\n<p>Codelco ya inici\u00f3 una investigaci\u00f3n que contar\u00e1 con el apoyo de expertos nacionales e internacionales, y est\u00e1 poniendo a disposici\u00f3n de las autoridades competentes todos los antecedentes de los que se disponen.<\/p>\n\n\n\n<p>El comit\u00e9 de emergencia que se constituy\u00f3 inmediatamente despu\u00e9s de ocurrido el evento s\u00edsmico se mantendr\u00e1 funcionando de manera permanente, el tiempo que sea necesario, para recuperar de manera segura a los cinco trabajadores atrapados.<\/p>\n\n\n\n<p>Codelco seguir\u00e1 informando de manera permanente a la opini\u00f3n p\u00fablica, a medida que se cuente con informaci\u00f3n relevante.<\/p>\n","protected":false},"excerpt":{"rendered":"Los trabajadores pertenecen a la empresa Gardilcic. Codelco confirm\u00f3 que cinco mineros contin\u00faan atrapados, tras el evento s\u00edsmico&hellip;\n","protected":false},"author":1,"featured_media":4851,"comment_status":"open","ping_status":"open","sticky":false,"template":"","format":"standard","meta":{"_monsterinsights_skip_tracking":false,"_monsterinsights_sitenote_active":false,"_monsterinsights_sitenote_note":"","_monsterinsights_sitenote_category":0,"footnotes":""},"categories":[5,8],"tags":[],"class_list":{"0":"post-4849","1":"post","2":"type-post","3":"status-publish","4":"format-standard","5":"has-post-thumbnail","7":"category-policial","8":"category-portada"},"aioseo_notices":[],"_links":{"self":[{"href":"https:\/\/www.rengoenlanoticia.cl\/prensa\/wp-json\/wp\/v2\/posts\/4849","targetHints":{"allow":["GET"]}}],"collection":[{"href":"https:\/\/www.rengoenlanoticia.cl\/prensa\/wp-json\/wp\/v2\/posts"}],"about":[{"href":"https:\/\/www.rengoenlanoticia.cl\/prensa\/wp-json\/wp\/v2\/types\/post"}],"author":[{"embeddable":true,"href":"https:\/\/www.rengoenlanoticia.cl\/prensa\/wp-json\/wp\/v2\/users\/1"}],"replies":[{"embeddable":true,"href":"https:\/\/www.rengoenlanoticia.cl\/prensa\/wp-json\/wp\/v2\/comments?post=4849"}],"version-history":[{"count":3,"href":"https:\/\/www.rengoenlanoticia.cl\/prensa\/wp-json\/wp\/v2\/posts\/4849\/revisions"}],"predecessor-version":[{"id":4854,"href":"https:\/\/www.rengoenlanoticia.cl\/prensa\/wp-json\/wp\/v2\/posts\/4849\/revisions\/4854"}],"wp:featuredmedia":[{"embeddable":true,"href":"https:\/\/www.rengoenlanoticia.cl\/prensa\/wp-json\/wp\/v2\/media\/4851"}],"wp:attachment":[{"href":"https:\/\/www.rengoenlanoticia.cl\/prensa\/wp-json\/wp\/v2\/media?parent=4849"}],"wp:term":[{"taxonomy":"category","embeddable":true,"href":"https:\/\/www.rengoenlanoticia.cl\/prensa\/wp-json\/wp\/v2\/categories?post=4849"},{"taxonomy":"post_tag","embeddable":true,"href":"https:\/\/www.rengoenlanoticia.cl\/prensa\/wp-json\/wp\/v2\/tags?post=4849"}],"curies":[{"name":"wp","href":"https:\/\/api.w.org\/{rel}","templated":true}]}}