{"id":4841,"date":"2025-08-01T04:04:25","date_gmt":"2025-08-01T04:04:25","guid":{"rendered":"https:\/\/www.rengoenlanoticia.cl\/prensa\/?p=4841"},"modified":"2025-08-01T04:07:23","modified_gmt":"2025-08-01T04:07:23","slug":"minvu-ohiggins-entrega-490-viviendas-en-rancagua-y-rengo-y-avanza-hacia-meta-regional-del-plan-de-emergencia-habitacional","status":"publish","type":"post","link":"https:\/\/www.rengoenlanoticia.cl\/prensa\/2025\/08\/01\/minvu-ohiggins-entrega-490-viviendas-en-rancagua-y-rengo-y-avanza-hacia-meta-regional-del-plan-de-emergencia-habitacional\/","title":{"rendered":"MINVU O\u2019Higgins entrega 490 viviendas en Rancagua y Rengo y avanza hacia meta regional del Plan de Emergencia Habitacional"},"content":{"rendered":"\n<p><em>Los conjuntos habitacionales son parte del Fondo Solidario de Elecci\u00f3n de Vivienda, beneficiando a familias que esperaron por a\u00f1os una soluci\u00f3n definitiva.<\/em><\/p>\n\n\n\n<p>En una jornada marcada por la emoci\u00f3n y el compromiso institucional, el Ministerio de Vivienda y Urbanismo de la Regi\u00f3n de O\u2019Higgins inaugur\u00f3 los conjuntos habitacionales Aires Nuevos en Rancagua y Parque San Mart\u00edn en Rengo, entregando un total de 490 viviendas. Se trata de un importante avance en el marco del Plan de Emergencia Habitacional (PEH), cuya meta regional contempla 14.667 soluciones habitacionales al t\u00e9rmino del per\u00edodo.<\/p>\n\n\n\n<p>El conjunto Aires Nuevos, ubicado en calle Edmundo Cabezas Moraga de Rancagua, beneficia a 288 familias del comit\u00e9 New\u00e9n de Kuruf, consolidando un nuevo polo de desarrollo habitacional en la capital regional. Con una inversi\u00f3n superior a las 397 mil UF, el proyecto contempla 15 torres de cinco pisos y departamentos de entre 55 y 70 m\u00b2. Incluye tambi\u00e9n \u00e1reas verdes, equipamiento comunitario y medidas de eficiencia energ\u00e9tica en el marco del Plan de Descontaminaci\u00f3n Atmosf\u00e9rica.<\/p>\n\n\n\n<p>En Rengo, el conjunto habitacional Parque San Mart\u00edn entreg\u00f3 una soluci\u00f3n definitiva a 202 familias pertenecientes a los comit\u00e9s Bicentenario y Adonay, tras a\u00f1os de espera y dificultades. Con una inversi\u00f3n de 315 mil UF, el proyecto considera viviendas de dos pisos y un completo equipamiento comunitario. Las familias, en su mayor\u00eda lideradas por mujeres, provienen del sector urbano de la comuna y acceden a un entorno bien conectado con servicios, salud, educaci\u00f3n y transporte.<\/p>\n\n\n\n<p>El Seremi de Vivienda y Urbanismo, Luis Barboza, destac\u00f3 que \u201cestos son los dos proyectos m\u00e1s relevantes del Fondo Solidario de Elecci\u00f3n de Vivienda, conocido como DS49. Ambos son emblem\u00e1ticos, no solo por su envergadura, sino tambi\u00e9n por la historia de sus comit\u00e9s, que esperaron durante a\u00f1os y enfrentaron situaciones complejas. Lo que hoy les entregamos son viviendas de calidad, modernas, adaptadas a sus necesidades, bien ubicadas y con \u00e1reas verdes. As\u00ed es como construimos y consolidamos nuevos barrios, priorizando no solo la cantidad, sino tambi\u00e9n la calidad\u201d.<\/p>\n\n\n\n<p>El delegado presidencial de la Regi\u00f3n de O\u2019Higgins, Fabio L\u00f3pez, destac\u00f3 los avances del Plan de Emergencia Habitacional, subrayando el salto en calidad habitacional alcanzado en las \u00faltimas d\u00e9cadas. \u201cLas viviendas que entregamos hoy distan mucho de las que se entregaban hace treinta a\u00f1os. Hoy hablamos de espacios amplios, dignos y pensados para la vida en comunidad. Por eso, invito a las vecinas y vecinos a cuidar sus hogares, sus espacios comunes y a construir desde ahora una buena convivencia\u201d, se\u00f1al\u00f3.<\/p>\n\n\n\n<figure class=\"wp-block-image size-full\"><img loading=\"lazy\" decoding=\"async\" width=\"1024\" height=\"501\" src=\"https:\/\/www.rengoenlanoticia.cl\/prensa\/wp-content\/uploads\/2025\/08\/PARQUE-SAN-MARTIN-3.jpeg\" alt=\"\" class=\"wp-image-4845\" srcset=\"https:\/\/www.rengoenlanoticia.cl\/prensa\/wp-content\/uploads\/2025\/08\/PARQUE-SAN-MARTIN-3.jpeg 1024w, https:\/\/www.rengoenlanoticia.cl\/prensa\/wp-content\/uploads\/2025\/08\/PARQUE-SAN-MARTIN-3-300x147.jpeg 300w, https:\/\/www.rengoenlanoticia.cl\/prensa\/wp-content\/uploads\/2025\/08\/PARQUE-SAN-MARTIN-3-768x376.jpeg 768w, https:\/\/www.rengoenlanoticia.cl\/prensa\/wp-content\/uploads\/2025\/08\/PARQUE-SAN-MARTIN-3-110x54.jpeg 110w, https:\/\/www.rengoenlanoticia.cl\/prensa\/wp-content\/uploads\/2025\/08\/PARQUE-SAN-MARTIN-3-200x98.jpeg 200w, https:\/\/www.rengoenlanoticia.cl\/prensa\/wp-content\/uploads\/2025\/08\/PARQUE-SAN-MARTIN-3-380x186.jpeg 380w, https:\/\/www.rengoenlanoticia.cl\/prensa\/wp-content\/uploads\/2025\/08\/PARQUE-SAN-MARTIN-3-255x125.jpeg 255w, https:\/\/www.rengoenlanoticia.cl\/prensa\/wp-content\/uploads\/2025\/08\/PARQUE-SAN-MARTIN-3-550x269.jpeg 550w, https:\/\/www.rengoenlanoticia.cl\/prensa\/wp-content\/uploads\/2025\/08\/PARQUE-SAN-MARTIN-3-800x391.jpeg 800w\" sizes=\"auto, (max-width: 1024px) 100vw, 1024px\" \/><\/figure>\n\n\n\n<p>Milton Ib\u00e1\u00f1ez, presidente del comit\u00e9 New\u00e9n de Kuruf de Rancagua, se\u00f1al\u00f3 que \u201chemos cumplido el logro de la casa propia. La idea es seguir trabajando en comunidad mirando hacia al futuro. En lo personal, mi esposa con la que estoy hace 22 a\u00f1os es discapacitada y viv\u00edamos en un tercer piso, con esto ya podemos estar en el primer piso y la independencia es bastante importante y no depender\u00e1 de nadie para poder salir\u201d.<\/p>\n\n\n\n<p>En tanto, Marcela Olmedo, del comit\u00e9 Bicentenario de Rengo, coment\u00f3 que \u201choy estamos muy felices porque hemos pasado por muchas cosas, humillaciones y estafas, pero a trav\u00e9s de nuestra perseverancia y de la uni\u00f3n de las familias, hemos conseguido nuestra casa propia\u201d.<\/p>\n\n\n\n<p>Por su parte, Mar\u00eda In\u00e9s Cuevas, presidenta del comit\u00e9 Adonay, agreg\u00f3 que \u201cesto no es solamente un techo o una pared, esto es un sue\u00f1o cumplido. Aqu\u00ed tenemos por fin un lugar para forjar una historia como familia\u201d.<\/p>\n\n\n\n<p>En la inauguraci\u00f3n de Aires Nuevos estuvo presente el alcalde de Rancagua, Raimundo Agliati; mientras que en Rengo particip\u00f3 el alcalde Enrique del Barrio. Ambas autoridades comunales coincidieron en que estas entregas representan un avance significativo en materia habitacional para sus respectivas comunas.<\/p>\n\n\n\n<p>Ambos conjuntos forman parte del programa DS49 del Fondo Solidario de Elecci\u00f3n de Vivienda y aportan significativamente al cumplimiento de la meta regional del PEH. Al mes de junio, la Regi\u00f3n de O\u2019Higgins registra 10.898 viviendas terminadas, 9.962 en ejecuci\u00f3n y 2.588 por iniciar, lo que proyecta un cumplimiento total de 15.500 viviendas al cierre del per\u00edodo, superando la meta original.<\/p>\n","protected":false},"excerpt":{"rendered":"Los conjuntos habitacionales son parte del Fondo Solidario de Elecci\u00f3n de Vivienda, beneficiando a familias que esperaron por&hellip;\n","protected":false},"author":1,"featured_media":4843,"comment_status":"open","ping_status":"open","sticky":false,"template":"","format":"standard","meta":{"_monsterinsights_skip_tracking":false,"_monsterinsights_sitenote_active":false,"_monsterinsights_sitenote_note":"","_monsterinsights_sitenote_category":0,"footnotes":""},"categories":[8],"tags":[],"class_list":{"0":"post-4841","1":"post","2":"type-post","3":"status-publish","4":"format-standard","5":"has-post-thumbnail","7":"category-portada"},"aioseo_notices":[],"_links":{"self":[{"href":"https:\/\/www.rengoenlanoticia.cl\/prensa\/wp-json\/wp\/v2\/posts\/4841","targetHints":{"allow":["GET"]}}],"collection":[{"href":"https:\/\/www.rengoenlanoticia.cl\/prensa\/wp-json\/wp\/v2\/posts"}],"about":[{"href":"https:\/\/www.rengoenlanoticia.cl\/prensa\/wp-json\/wp\/v2\/types\/post"}],"author":[{"embeddable":true,"href":"https:\/\/www.rengoenlanoticia.cl\/prensa\/wp-json\/wp\/v2\/users\/1"}],"replies":[{"embeddable":true,"href":"https:\/\/www.rengoenlanoticia.cl\/prensa\/wp-json\/wp\/v2\/comments?post=4841"}],"version-history":[{"count":3,"href":"https:\/\/www.rengoenlanoticia.cl\/prensa\/wp-json\/wp\/v2\/posts\/4841\/revisions"}],"predecessor-version":[{"id":4847,"href":"https:\/\/www.rengoenlanoticia.cl\/prensa\/wp-json\/wp\/v2\/posts\/4841\/revisions\/4847"}],"wp:featuredmedia":[{"embeddable":true,"href":"https:\/\/www.rengoenlanoticia.cl\/prensa\/wp-json\/wp\/v2\/media\/4843"}],"wp:attachment":[{"href":"https:\/\/www.rengoenlanoticia.cl\/prensa\/wp-json\/wp\/v2\/media?parent=4841"}],"wp:term":[{"taxonomy":"category","embeddable":true,"href":"https:\/\/www.rengoenlanoticia.cl\/prensa\/wp-json\/wp\/v2\/categories?post=4841"},{"taxonomy":"post_tag","embeddable":true,"href":"https:\/\/www.rengoenlanoticia.cl\/prensa\/wp-json\/wp\/v2\/tags?post=4841"}],"curies":[{"name":"wp","href":"https:\/\/api.w.org\/{rel}","templated":true}]}}