{"id":4824,"date":"2025-08-01T03:13:14","date_gmt":"2025-08-01T03:13:14","guid":{"rendered":"https:\/\/www.rengoenlanoticia.cl\/prensa\/?p=4824"},"modified":"2025-08-01T03:13:16","modified_gmt":"2025-08-01T03:13:16","slug":"detenido-por-trafico-de-droga-en-la-comuna-de-nancagua","status":"publish","type":"post","link":"https:\/\/www.rengoenlanoticia.cl\/prensa\/2025\/08\/01\/detenido-por-trafico-de-droga-en-la-comuna-de-nancagua\/","title":{"rendered":"Detenido por tr\u00e1fico de droga en la comuna de Nancagua"},"content":{"rendered":"\n<p>En un operativo realizado la madrugada de este jueves, Carabineros detuvo a un sujeto acusado de tr\u00e1fico de droga en la comuna, de Nancagua sector el Yaqui. el cual, por una Orden de Entrada y Registro a su inmueble, con apoyo personal GOPE y Centauro Colchagua<\/p>\n\n\n\n<p>Durante el procedimiento, se incautaron, 4 Kilos 260 Gramos de Marihuana Elaborada, \u206043 Gramos 200 Miligramos de Clorhidrato de Coca\u00edna, &nbsp;\u2060$300.000 dinero en efectivo, \u206002 pesas digitales y dinero en efectivo y elementos asociados a la comercializaci\u00f3n de estupefacientes. El individuo, identificado con las iniciales A.M.G.S, 50 a\u00f1os, Chilena, con antecedentes policiales a\u00f1os, fue puesto a disposici\u00f3n del Ministerio P\u00fablico y pasar\u00e1 a control de detenci\u00f3n durante esta jornada. Las autoridades destacaron la importancia de la denuncia ciudadana en este tipo de operativos, e hicieron un llamado a seguir colaborando para erradicar el narcotr\u00e1fico en la zona.<\/p>\n","protected":false},"excerpt":{"rendered":"En un operativo realizado la madrugada de este jueves, Carabineros detuvo a un sujeto acusado de tr\u00e1fico de&hellip;\n","protected":false},"author":1,"featured_media":4831,"comment_status":"open","ping_status":"open","sticky":false,"template":"","format":"standard","meta":{"_monsterinsights_skip_tracking":false,"_monsterinsights_sitenote_active":false,"_monsterinsights_sitenote_note":"","_monsterinsights_sitenote_category":0,"footnotes":""},"categories":[5,8],"tags":[],"class_list":{"0":"post-4824","1":"post","2":"type-post","3":"status-publish","4":"format-standard","5":"has-post-thumbnail","7":"category-policial","8":"category-portada"},"aioseo_notices":[],"_links":{"self":[{"href":"https:\/\/www.rengoenlanoticia.cl\/prensa\/wp-json\/wp\/v2\/posts\/4824","targetHints":{"allow":["GET"]}}],"collection":[{"href":"https:\/\/www.rengoenlanoticia.cl\/prensa\/wp-json\/wp\/v2\/posts"}],"about":[{"href":"https:\/\/www.rengoenlanoticia.cl\/prensa\/wp-json\/wp\/v2\/types\/post"}],"author":[{"embeddable":true,"href":"https:\/\/www.rengoenlanoticia.cl\/prensa\/wp-json\/wp\/v2\/users\/1"}],"replies":[{"embeddable":true,"href":"https:\/\/www.rengoenlanoticia.cl\/prensa\/wp-json\/wp\/v2\/comments?post=4824"}],"version-history":[{"count":3,"href":"https:\/\/www.rengoenlanoticia.cl\/prensa\/wp-json\/wp\/v2\/posts\/4824\/revisions"}],"predecessor-version":[{"id":4834,"href":"https:\/\/www.rengoenlanoticia.cl\/prensa\/wp-json\/wp\/v2\/posts\/4824\/revisions\/4834"}],"wp:featuredmedia":[{"embeddable":true,"href":"https:\/\/www.rengoenlanoticia.cl\/prensa\/wp-json\/wp\/v2\/media\/4831"}],"wp:attachment":[{"href":"https:\/\/www.rengoenlanoticia.cl\/prensa\/wp-json\/wp\/v2\/media?parent=4824"}],"wp:term":[{"taxonomy":"category","embeddable":true,"href":"https:\/\/www.rengoenlanoticia.cl\/prensa\/wp-json\/wp\/v2\/categories?post=4824"},{"taxonomy":"post_tag","embeddable":true,"href":"https:\/\/www.rengoenlanoticia.cl\/prensa\/wp-json\/wp\/v2\/tags?post=4824"}],"curies":[{"name":"wp","href":"https:\/\/api.w.org\/{rel}","templated":true}]}}