{"id":4823,"date":"2025-08-01T02:58:08","date_gmt":"2025-08-01T02:58:08","guid":{"rendered":"https:\/\/www.rengoenlanoticia.cl\/prensa\/?p=4823"},"modified":"2025-08-01T02:58:10","modified_gmt":"2025-08-01T02:58:10","slug":"codelco-lamenta-accidente-en-proyecto-andesita-de-la-division-el-teniente","status":"publish","type":"post","link":"https:\/\/www.rengoenlanoticia.cl\/prensa\/2025\/08\/01\/codelco-lamenta-accidente-en-proyecto-andesita-de-la-division-el-teniente\/","title":{"rendered":"Codelco lamenta accidente en proyecto Andesita de la Divisi\u00f3n El Teniente"},"content":{"rendered":"\n<p><strong>&#8211;<\/strong>&nbsp;Con tristeza y solidaridad hacia las familias afectadas, Codelco informa el fallecimiento en la tarde de hoy de nuestro compa\u00f1ero de labores Paulo Mar\u00edn Tapia (Q.E.P.D.), de la empresa Salfa Montajes, quien se desempe\u00f1aba en el Proyecto Andesita de la Divisi\u00f3n El Teniente.<\/p>\n\n\n\n<p>De acuerdo con los antecedentes preliminares y por causas que se investigan, aproximadamente a las 17:34 horas de hoy se registr\u00f3 un evento s\u00edsmico que afect\u00f3 al yacimiento.<\/p>\n\n\n\n<p>De inmediato se suspendieron las actividades en el \u00e1rea y se iniciaron los procedimientos de rigor, avisando a las autoridades competentes y activando la investigaci\u00f3n que permitir\u00e1 determinar las causas del accidente.<\/p>\n\n\n\n<p>Hasta ahora se han identificado, adicionalmente, nueve personas con lesiones de diversa consideraci\u00f3n, pero fuera de riesgo vital. &nbsp;Asimismo, contin\u00faan las labores de b\u00fasqueda de otros cinco trabajadores.<\/p>\n\n\n\n<p>Apenas recibida la informaci\u00f3n de los hechos, se activ\u00f3 el Comit\u00e9 de Emergencia de Codelco, el que est\u00e1 realizando los m\u00e1ximos esfuerzos y asegurando todos los recursos en la gesti\u00f3n de esta emergencia. Asimismo, se ha dispuesto el acompa\u00f1amiento y apoyo a las familias y equipos de trabajo afectados.<\/p>\n\n\n\n<p>Lamentamos profundamente este accidente y expresamos nuestras m\u00e1s sinceras condolencias a la familia, amigos y compa\u00f1eros de Paulo. Su p\u00e9rdida enluta a toda la organizaci\u00f3n.<\/p>\n\n\n\n<p>Seguiremos informando a medida que se disponga de nuevos antecedentes.<\/p>\n","protected":false},"excerpt":{"rendered":"&#8211;&nbsp;Con tristeza y solidaridad hacia las familias afectadas, Codelco informa el fallecimiento en la tarde de hoy de&hellip;\n","protected":false},"author":1,"featured_media":4827,"comment_status":"open","ping_status":"open","sticky":false,"template":"","format":"standard","meta":{"_monsterinsights_skip_tracking":false,"_monsterinsights_sitenote_active":false,"_monsterinsights_sitenote_note":"","_monsterinsights_sitenote_category":0,"footnotes":""},"categories":[8],"tags":[],"class_list":{"0":"post-4823","1":"post","2":"type-post","3":"status-publish","4":"format-standard","5":"has-post-thumbnail","7":"category-portada"},"aioseo_notices":[],"_links":{"self":[{"href":"https:\/\/www.rengoenlanoticia.cl\/prensa\/wp-json\/wp\/v2\/posts\/4823","targetHints":{"allow":["GET"]}}],"collection":[{"href":"https:\/\/www.rengoenlanoticia.cl\/prensa\/wp-json\/wp\/v2\/posts"}],"about":[{"href":"https:\/\/www.rengoenlanoticia.cl\/prensa\/wp-json\/wp\/v2\/types\/post"}],"author":[{"embeddable":true,"href":"https:\/\/www.rengoenlanoticia.cl\/prensa\/wp-json\/wp\/v2\/users\/1"}],"replies":[{"embeddable":true,"href":"https:\/\/www.rengoenlanoticia.cl\/prensa\/wp-json\/wp\/v2\/comments?post=4823"}],"version-history":[{"count":3,"href":"https:\/\/www.rengoenlanoticia.cl\/prensa\/wp-json\/wp\/v2\/posts\/4823\/revisions"}],"predecessor-version":[{"id":4830,"href":"https:\/\/www.rengoenlanoticia.cl\/prensa\/wp-json\/wp\/v2\/posts\/4823\/revisions\/4830"}],"wp:featuredmedia":[{"embeddable":true,"href":"https:\/\/www.rengoenlanoticia.cl\/prensa\/wp-json\/wp\/v2\/media\/4827"}],"wp:attachment":[{"href":"https:\/\/www.rengoenlanoticia.cl\/prensa\/wp-json\/wp\/v2\/media?parent=4823"}],"wp:term":[{"taxonomy":"category","embeddable":true,"href":"https:\/\/www.rengoenlanoticia.cl\/prensa\/wp-json\/wp\/v2\/categories?post=4823"},{"taxonomy":"post_tag","embeddable":true,"href":"https:\/\/www.rengoenlanoticia.cl\/prensa\/wp-json\/wp\/v2\/tags?post=4823"}],"curies":[{"name":"wp","href":"https:\/\/api.w.org\/{rel}","templated":true}]}}