{"id":4799,"date":"2025-08-01T02:24:40","date_gmt":"2025-08-01T02:24:40","guid":{"rendered":"https:\/\/www.rengoenlanoticia.cl\/prensa\/?p=4799"},"modified":"2025-08-01T02:28:21","modified_gmt":"2025-08-01T02:28:21","slug":"registro-civil-celebro-141-anos-de-vida","status":"publish","type":"post","link":"https:\/\/www.rengoenlanoticia.cl\/prensa\/2025\/08\/01\/registro-civil-celebro-141-anos-de-vida\/","title":{"rendered":"Registro Civil celebr\u00f3 141 a\u00f1os de vida"},"content":{"rendered":"\n<p>Con una emotiva ceremonia realizada en la comuna de Rancagua, se conmemor\u00f3 los 141 a\u00f1os de historia institucional.&nbsp; La actividad reuni\u00f3 funcionarios de las oficinas de la regi\u00f3n de O\u2019Higgins quienes no quisieron estar ausente de este importante hito.<\/p>\n\n\n\n<p>El servicio de Registro Civil e Identificaci\u00f3n tiene una fuerte presencia en la regi\u00f3n de O\u2019Higgins, donde cuenta con 35 oficinas que atienden a usuarios y usuarias de manera directa, m\u00e1s la Direcci\u00f3n Regional que coordina el trabajo que se realiza diariamente.&nbsp; Tambi\u00e9n cuenta con un Equipo de Atenci\u00f3n Terreno cuyo objetivo es la participaci\u00f3n en diferentes operativos a largo de la Regi\u00f3n, como tambi\u00e9n la atenci\u00f3n de personas que se encuentran imposibilitadas de acercarse a las oficinas del Servicio.<\/p>\n\n\n\n<figure class=\"wp-block-image size-full\"><img loading=\"lazy\" decoding=\"async\" width=\"1024\" height=\"654\" src=\"https:\/\/www.rengoenlanoticia.cl\/prensa\/wp-content\/uploads\/2025\/08\/77c93583-7bc6-4d80-a4e8-ffdc1b1ac6be.jpg\" alt=\"\" class=\"wp-image-4804\" srcset=\"https:\/\/www.rengoenlanoticia.cl\/prensa\/wp-content\/uploads\/2025\/08\/77c93583-7bc6-4d80-a4e8-ffdc1b1ac6be.jpg 1024w, https:\/\/www.rengoenlanoticia.cl\/prensa\/wp-content\/uploads\/2025\/08\/77c93583-7bc6-4d80-a4e8-ffdc1b1ac6be-300x192.jpg 300w, https:\/\/www.rengoenlanoticia.cl\/prensa\/wp-content\/uploads\/2025\/08\/77c93583-7bc6-4d80-a4e8-ffdc1b1ac6be-768x491.jpg 768w, https:\/\/www.rengoenlanoticia.cl\/prensa\/wp-content\/uploads\/2025\/08\/77c93583-7bc6-4d80-a4e8-ffdc1b1ac6be-110x70.jpg 110w, https:\/\/www.rengoenlanoticia.cl\/prensa\/wp-content\/uploads\/2025\/08\/77c93583-7bc6-4d80-a4e8-ffdc1b1ac6be-200x128.jpg 200w, https:\/\/www.rengoenlanoticia.cl\/prensa\/wp-content\/uploads\/2025\/08\/77c93583-7bc6-4d80-a4e8-ffdc1b1ac6be-380x243.jpg 380w, https:\/\/www.rengoenlanoticia.cl\/prensa\/wp-content\/uploads\/2025\/08\/77c93583-7bc6-4d80-a4e8-ffdc1b1ac6be-255x163.jpg 255w, https:\/\/www.rengoenlanoticia.cl\/prensa\/wp-content\/uploads\/2025\/08\/77c93583-7bc6-4d80-a4e8-ffdc1b1ac6be-550x351.jpg 550w, https:\/\/www.rengoenlanoticia.cl\/prensa\/wp-content\/uploads\/2025\/08\/77c93583-7bc6-4d80-a4e8-ffdc1b1ac6be-800x511.jpg 800w\" sizes=\"auto, (max-width: 1024px) 100vw, 1024px\" \/><\/figure>\n\n\n\n<p>Felipe Ascu\u00ed, Director Regional del Registro Civil e Identificaci\u00f3n, manifest\u00f3 que, \u201choy estamos cumpliendo 141 a\u00f1os al servicio de la comunidad, siempre mirando hacia el futuro y con el compromiso firme de seguir trabajando por tener una Instituci\u00f3n moderna, eficiente y cercana a las personas\u201d.&nbsp; Agreg\u00f3 adem\u00e1s que, \u201choy contamos con nuevas tecnolog\u00edas que hacen que tanto nuestra c\u00e9dula de identidad como pasaporte sean unos de los m\u00e1s seguros del mundo, lo que nos pone a la vanguardia de la identificaci\u00f3n a nivel mundial\u201d.<\/p>\n\n\n\n<p>En la oportunidad tambi\u00e9n se realiz\u00f3 un reconocimiento por a\u00f1os de servicio, donde se pudo premiar a funcionarios y funcionarios que llevan, 10, 20, 30 y 35 a\u00f1os cumpliendo funciones en el Registro Civil.<\/p>\n\n\n\n<p>Eduardo Marchant, Seremi de Justicia y Derechos Humanos, destac\u00f3 que, \u201cel Servicio de Registro Civil e Identificaci\u00f3n es una de las Instituciones que tiene m\u00e1s presencia a nivel regional, como tambi\u00e9n en el territorio nacional, lo que hace que sus funcionarios sean de vital importancia.&nbsp;&nbsp; Hoy cumplen m\u00e1s de 140 a\u00f1os, y no quisimos estar ajenos a este celebraci\u00f3n, donde se pudo reconocer a funcionarios p\u00fablicos por su trayectoria al servicio de la comunidad\u201d.<\/p>\n","protected":false},"excerpt":{"rendered":"Con una emotiva ceremonia realizada en la comuna de Rancagua, se conmemor\u00f3 los 141 a\u00f1os de historia institucional.&nbsp;&hellip;\n","protected":false},"author":1,"featured_media":4803,"comment_status":"open","ping_status":"open","sticky":false,"template":"","format":"standard","meta":{"_monsterinsights_skip_tracking":false,"_monsterinsights_sitenote_active":false,"_monsterinsights_sitenote_note":"","_monsterinsights_sitenote_category":0,"footnotes":""},"categories":[8],"tags":[],"class_list":{"0":"post-4799","1":"post","2":"type-post","3":"status-publish","4":"format-standard","5":"has-post-thumbnail","7":"category-portada"},"aioseo_notices":[],"_links":{"self":[{"href":"https:\/\/www.rengoenlanoticia.cl\/prensa\/wp-json\/wp\/v2\/posts\/4799","targetHints":{"allow":["GET"]}}],"collection":[{"href":"https:\/\/www.rengoenlanoticia.cl\/prensa\/wp-json\/wp\/v2\/posts"}],"about":[{"href":"https:\/\/www.rengoenlanoticia.cl\/prensa\/wp-json\/wp\/v2\/types\/post"}],"author":[{"embeddable":true,"href":"https:\/\/www.rengoenlanoticia.cl\/prensa\/wp-json\/wp\/v2\/users\/1"}],"replies":[{"embeddable":true,"href":"https:\/\/www.rengoenlanoticia.cl\/prensa\/wp-json\/wp\/v2\/comments?post=4799"}],"version-history":[{"count":3,"href":"https:\/\/www.rengoenlanoticia.cl\/prensa\/wp-json\/wp\/v2\/posts\/4799\/revisions"}],"predecessor-version":[{"id":4810,"href":"https:\/\/www.rengoenlanoticia.cl\/prensa\/wp-json\/wp\/v2\/posts\/4799\/revisions\/4810"}],"wp:featuredmedia":[{"embeddable":true,"href":"https:\/\/www.rengoenlanoticia.cl\/prensa\/wp-json\/wp\/v2\/media\/4803"}],"wp:attachment":[{"href":"https:\/\/www.rengoenlanoticia.cl\/prensa\/wp-json\/wp\/v2\/media?parent=4799"}],"wp:term":[{"taxonomy":"category","embeddable":true,"href":"https:\/\/www.rengoenlanoticia.cl\/prensa\/wp-json\/wp\/v2\/categories?post=4799"},{"taxonomy":"post_tag","embeddable":true,"href":"https:\/\/www.rengoenlanoticia.cl\/prensa\/wp-json\/wp\/v2\/tags?post=4799"}],"curies":[{"name":"wp","href":"https:\/\/api.w.org\/{rel}","templated":true}]}}