{"id":4797,"date":"2025-08-01T02:21:27","date_gmt":"2025-08-01T02:21:27","guid":{"rendered":"https:\/\/www.rengoenlanoticia.cl\/prensa\/?p=4797"},"modified":"2025-08-01T02:26:06","modified_gmt":"2025-08-01T02:26:06","slug":"defensoria-del-contribuyente-destaca-que-cuentan-con-equipo-especializado-para-atender-todo-tipo-de-vulneracion-de-derechos-tributarios","status":"publish","type":"post","link":"https:\/\/www.rengoenlanoticia.cl\/prensa\/2025\/08\/01\/defensoria-del-contribuyente-destaca-que-cuentan-con-equipo-especializado-para-atender-todo-tipo-de-vulneracion-de-derechos-tributarios\/","title":{"rendered":"Defensor\u00eda del contribuyente destaca que cuentan con equipo especializado para atender todo tipo de vulneraci\u00f3n de derechos tributarios"},"content":{"rendered":"\n<p>*As\u00ed lo dio a conocer el Defensor Nacional del Contribuyente, Ricardo Pizarro, quien manifest\u00f3 que \u201ces muy importante que las personas, naturales o jur\u00eddicas, nos contacten de forma directa. Lo pueden hacer a trav\u00e9s de nuestra p\u00e1gina web <a href=\"http:\/\/www.dedecon.cl\">www.dedecon.cl<\/a> o bien, en las oficinas de ChileAtiende. En cuanto ingrese un requerimiento, un profesional de nuestro equipo tomar\u00e1 contacto inmediato y evaluar\u00e1 el caso\u201d.<\/p>\n\n\n\n<p><strong><u>Santiago, julio 2025.<\/u><\/strong> La Defensor\u00eda del Contribuyente cuenta con equipo especializado para atender cualquier problema o requerimiento por vulneraci\u00f3n de derechos en materia tributaria que afecte a una persona (natural o jur\u00eddica).<\/p>\n\n\n\n<p>As\u00ed lo dio a conocer el Defensor Nacional del Contribuyente, Ricardo Pizarro, quien manifest\u00f3 que \u201ces muy importante que las personas, naturales o jur\u00eddicas, nos contacten de forma directa. Lo pueden hacer a trav\u00e9s de nuestra p\u00e1gina web <a href=\"http:\/\/www.dedecon.cl\">www.dedecon.cl<\/a> o bien, en las oficinas de ChileAtiende. En cuanto ingrese un requerimiento, un profesional de nuestro equipo tomar\u00e1 contacto inmediato y evaluar\u00e1 el caso\u201d.<\/p>\n\n\n\n<p>Los servicios que presta la Defensor\u00eda del Contribuyente son <strong>gratuitos<\/strong>. La atenci\u00f3n que brinda es personalizada, directa y cercana con el contribuyente. Los datos del requirente se mantienen bajo <strong>absoluta confidencialidad<\/strong>, ya que as\u00ed se lo exige la ley a la Dedecon, pues su objetivo final es velar siempre por los derechos tributarios del contribuyente.<\/p>\n\n\n\n<p>\u201cUno de los temas que hoy est\u00e1 en la agenda p\u00fablica es el cobro de las contribuciones. Al respecto, es preciso mencionar que, si un contribuyente cree que hay un cobro irregular o un alza injustificada, nos puede contactar directamente y nosotros revisaremos el caso. As\u00ed tambi\u00e9n con los adultos mayores, quienes pueden acceder al Beneficio al Adulto Mayor (BAM) que entrega el Servicio de Impuestos Internos. Si el adulto mayor no recibe correctamente el beneficio, nos puede contactar y revisaremos de inmediato su caso\u201d, detall\u00f3 Ricardo Pizarro.&nbsp;<\/p>\n","protected":false},"excerpt":{"rendered":"*As\u00ed lo dio a conocer el Defensor Nacional del Contribuyente, Ricardo Pizarro, quien manifest\u00f3 que \u201ces muy importante&hellip;\n","protected":false},"author":1,"featured_media":4800,"comment_status":"open","ping_status":"open","sticky":false,"template":"","format":"standard","meta":{"_monsterinsights_skip_tracking":false,"_monsterinsights_sitenote_active":false,"_monsterinsights_sitenote_note":"","_monsterinsights_sitenote_category":0,"footnotes":""},"categories":[8],"tags":[],"class_list":{"0":"post-4797","1":"post","2":"type-post","3":"status-publish","4":"format-standard","5":"has-post-thumbnail","7":"category-portada"},"aioseo_notices":[],"_links":{"self":[{"href":"https:\/\/www.rengoenlanoticia.cl\/prensa\/wp-json\/wp\/v2\/posts\/4797","targetHints":{"allow":["GET"]}}],"collection":[{"href":"https:\/\/www.rengoenlanoticia.cl\/prensa\/wp-json\/wp\/v2\/posts"}],"about":[{"href":"https:\/\/www.rengoenlanoticia.cl\/prensa\/wp-json\/wp\/v2\/types\/post"}],"author":[{"embeddable":true,"href":"https:\/\/www.rengoenlanoticia.cl\/prensa\/wp-json\/wp\/v2\/users\/1"}],"replies":[{"embeddable":true,"href":"https:\/\/www.rengoenlanoticia.cl\/prensa\/wp-json\/wp\/v2\/comments?post=4797"}],"version-history":[{"count":3,"href":"https:\/\/www.rengoenlanoticia.cl\/prensa\/wp-json\/wp\/v2\/posts\/4797\/revisions"}],"predecessor-version":[{"id":4808,"href":"https:\/\/www.rengoenlanoticia.cl\/prensa\/wp-json\/wp\/v2\/posts\/4797\/revisions\/4808"}],"wp:featuredmedia":[{"embeddable":true,"href":"https:\/\/www.rengoenlanoticia.cl\/prensa\/wp-json\/wp\/v2\/media\/4800"}],"wp:attachment":[{"href":"https:\/\/www.rengoenlanoticia.cl\/prensa\/wp-json\/wp\/v2\/media?parent=4797"}],"wp:term":[{"taxonomy":"category","embeddable":true,"href":"https:\/\/www.rengoenlanoticia.cl\/prensa\/wp-json\/wp\/v2\/categories?post=4797"},{"taxonomy":"post_tag","embeddable":true,"href":"https:\/\/www.rengoenlanoticia.cl\/prensa\/wp-json\/wp\/v2\/tags?post=4797"}],"curies":[{"name":"wp","href":"https:\/\/api.w.org\/{rel}","templated":true}]}}