{"id":4793,"date":"2025-07-31T03:40:40","date_gmt":"2025-07-31T03:40:40","guid":{"rendered":"https:\/\/www.rengoenlanoticia.cl\/prensa\/?p=4793"},"modified":"2025-07-31T03:40:42","modified_gmt":"2025-07-31T03:40:42","slug":"comunicado-oficialagrupacion-diabetes-tipo-1-rengo","status":"publish","type":"post","link":"https:\/\/www.rengoenlanoticia.cl\/prensa\/2025\/07\/31\/comunicado-oficialagrupacion-diabetes-tipo-1-rengo\/","title":{"rendered":"COMUNICADO OFICIAL\u00bbAgrupaci\u00f3n Diabetes Tipo 1 Rengo\u00bb"},"content":{"rendered":"\n<p>Como Agrupaci\u00f3n Diabetes Tipo 1 Rengo, queremos aclarar p\u00fablicamente que el video que actualmente circula en redes sociales, protagonizado por el se\u00f1or Alejandro Gonz\u00e1lez, no tiene ninguna relaci\u00f3n con nuestra organizaci\u00f3n.<\/p>\n\n\n\n<p>Declaramos enf\u00e1ticamente que no conocemos a dicha persona, ni hemos autorizado la difusi\u00f3n de la informaci\u00f3n que en ese video se entrega, la cual adem\u00e1s ocupa nuestra imagen, contiene datos err\u00f3neos y confusos que pueden perjudicar la <a><\/a>correcta comprensi\u00f3n de la diabetes tipo 1 y los esfuerzos que como agrupaci\u00f3n llevamos a\u00f1os trabajando de forma seria y responsable.<\/p>\n\n\n\n<p>Solicitamos de manera respetuosa pero firme que este contenido sea eliminado, ya que no nos representa, ni refleja el enfoque ni los valores de nuestra agrupaci\u00f3n. Nuestro compromiso est\u00e1 con la veracidad, el apoyo a las familias, la educaci\u00f3n en salud y la protecci\u00f3n de nuestros ni\u00f1os, j\u00f3venes y adultos con diabetes tipo 1.<\/p>\n\n\n\n<p>Por otra parte, queremos informar que si bien hace unos meses atr\u00e1s enfrentamos una situaci\u00f3n puntual relacionada con la falta de insumos en el Hospital Regional de Rancagua, la soluci\u00f3n fue inmediata, gracias a la oportuna gesti\u00f3n y apoyo del diputado <a href=\"https:\/\/web.facebook.com\/raulsotodiputado?__cft__[0]=AZXf_Mc7VLdBlsXw9oV5miLpGTX0r4v6EVWndERjg6PdmQht_Che1wBTHlDxkQj8aeULSuagRLhpeAEjuBQJheyQ0VErrWH_krd6z7JlUiEqu8_ZKlKsmjnslY1fEpYgiXRFnPwbv8FnLcAJTu5VoWXPISZC5HGo5vjfsf6nzvg9Bg&amp;__tn__=-]K-R\">Ra\u00fal Soto Diputado<\/a>, nuestro consejero regional <a href=\"https:\/\/web.facebook.com\/Alex.R.Ramirez.O.87?__cft__[0]=AZXf_Mc7VLdBlsXw9oV5miLpGTX0r4v6EVWndERjg6PdmQht_Che1wBTHlDxkQj8aeULSuagRLhpeAEjuBQJheyQ0VErrWH_krd6z7JlUiEqu8_ZKlKsmjnslY1fEpYgiXRFnPwbv8FnLcAJTu5VoWXPISZC5HGo5vjfsf6nzvg9Bg&amp;__tn__=-]K-R\">Alex Ram\u00edrez Ortiz<\/a> y nuestra concejala de Rengo <a href=\"https:\/\/web.facebook.com\/mangelica.briones?__cft__[0]=AZXf_Mc7VLdBlsXw9oV5miLpGTX0r4v6EVWndERjg6PdmQht_Che1wBTHlDxkQj8aeULSuagRLhpeAEjuBQJheyQ0VErrWH_krd6z7JlUiEqu8_ZKlKsmjnslY1fEpYgiXRFnPwbv8FnLcAJTu5VoWXPISZC5HGo5vjfsf6nzvg9Bg&amp;__tn__=-]K-R\">Mar\u00eda Ang\u00e9lica Briones Saavedra<\/a>, quienes intervinieron directamente para ayudarnos. Agradecemos tambi\u00e9n la r\u00e1pida respuesta de las autoridades del Hospital Regional, quienes nos entregaron una soluci\u00f3n concreta para asegurar la continuidad del tratamiento de nuestros usuarios.<\/p>\n\n\n\n<p>Adem\u00e1s, como agrupaci\u00f3n queremos dejar en claro que no nos abanderizamos con ning\u00fan color pol\u00edtico. Trabajamos con todos quienes est\u00e9n dispuestos a apoyarnos: diputados, senadores, autoridades o instituciones, sin importar su sector pol\u00edtico, siempre que su trabajo contribuya al bienestar de las personas con diabetes tipo 1 y sus familias.<\/p>\n\n\n\n<p>Agradecemos a quienes han hecho llegar su preocupaci\u00f3n y les pedimos que, ante cualquier duda o contenido sospechoso, se comuniquen directamente con nuestra agrupaci\u00f3n a trav\u00e9s de nuestros canales oficiales.<\/p>\n","protected":false},"excerpt":{"rendered":"Como Agrupaci\u00f3n Diabetes Tipo 1 Rengo, queremos aclarar p\u00fablicamente que el video que actualmente circula en redes sociales,&hellip;\n","protected":false},"author":2,"featured_media":4794,"comment_status":"open","ping_status":"open","sticky":false,"template":"","format":"standard","meta":{"_monsterinsights_skip_tracking":false,"_monsterinsights_sitenote_active":false,"_monsterinsights_sitenote_note":"","_monsterinsights_sitenote_category":0,"footnotes":""},"categories":[1],"tags":[],"class_list":{"0":"post-4793","1":"post","2":"type-post","3":"status-publish","4":"format-standard","5":"has-post-thumbnail","7":"category-uncategorized"},"aioseo_notices":[],"_links":{"self":[{"href":"https:\/\/www.rengoenlanoticia.cl\/prensa\/wp-json\/wp\/v2\/posts\/4793","targetHints":{"allow":["GET"]}}],"collection":[{"href":"https:\/\/www.rengoenlanoticia.cl\/prensa\/wp-json\/wp\/v2\/posts"}],"about":[{"href":"https:\/\/www.rengoenlanoticia.cl\/prensa\/wp-json\/wp\/v2\/types\/post"}],"author":[{"embeddable":true,"href":"https:\/\/www.rengoenlanoticia.cl\/prensa\/wp-json\/wp\/v2\/users\/2"}],"replies":[{"embeddable":true,"href":"https:\/\/www.rengoenlanoticia.cl\/prensa\/wp-json\/wp\/v2\/comments?post=4793"}],"version-history":[{"count":2,"href":"https:\/\/www.rengoenlanoticia.cl\/prensa\/wp-json\/wp\/v2\/posts\/4793\/revisions"}],"predecessor-version":[{"id":4796,"href":"https:\/\/www.rengoenlanoticia.cl\/prensa\/wp-json\/wp\/v2\/posts\/4793\/revisions\/4796"}],"wp:featuredmedia":[{"embeddable":true,"href":"https:\/\/www.rengoenlanoticia.cl\/prensa\/wp-json\/wp\/v2\/media\/4794"}],"wp:attachment":[{"href":"https:\/\/www.rengoenlanoticia.cl\/prensa\/wp-json\/wp\/v2\/media?parent=4793"}],"wp:term":[{"taxonomy":"category","embeddable":true,"href":"https:\/\/www.rengoenlanoticia.cl\/prensa\/wp-json\/wp\/v2\/categories?post=4793"},{"taxonomy":"post_tag","embeddable":true,"href":"https:\/\/www.rengoenlanoticia.cl\/prensa\/wp-json\/wp\/v2\/tags?post=4793"}],"curies":[{"name":"wp","href":"https:\/\/api.w.org\/{rel}","templated":true}]}}