{"id":4788,"date":"2025-07-31T03:28:51","date_gmt":"2025-07-31T03:28:51","guid":{"rendered":"https:\/\/www.rengoenlanoticia.cl\/prensa\/?p=4788"},"modified":"2025-07-31T03:29:20","modified_gmt":"2025-07-31T03:29:20","slug":"seis-colegios-de-la-region-participaran-en-3-version-del-concurso-de-bandas-de-guerra-escolares","status":"publish","type":"post","link":"https:\/\/www.rengoenlanoticia.cl\/prensa\/2025\/07\/31\/seis-colegios-de-la-region-participaran-en-3-version-del-concurso-de-bandas-de-guerra-escolares\/","title":{"rendered":"Seis colegios de la Regi\u00f3n participar\u00e1n en 3\u00b0 versi\u00f3n del Concurso de Bandas de Guerra Escolares"},"content":{"rendered":"\n<p>Organizado por Carabineros de la Regi\u00f3n de O\u2019Higgins<\/p>\n\n\n\n<p>El certamen contar\u00e1 con la presentaci\u00f3n de la \u201cDrums Line\u201d, perteneciente al Orfe\u00f3n Nacional de Carabineros de Chile.<\/p>\n\n\n\n<p>Seis colegios participar\u00e1n el pr\u00f3ximo 5 de agosto, en la tercera versi\u00f3n del Concurso de Bandas de Guerra Escolar, organizado por Carabineros de la Zona O\u2019Higgins. El certamen tendr\u00e1 lugar en el gimnasio techado municipal de San Fernando, y contar\u00e1 con la presentaci\u00f3n de la \u201cDrums Line\u201d, perteneciente al Orfe\u00f3n Nacional de Carabineros de Chile.<br>A partir de las 10 horas, las bandas participantes se someter\u00e1n al veredicto del jurado, el cual decidir\u00e1 finalmente cu\u00e1l de ellas pasar\u00e1 a la etapa nacional a realizarse en el mes de septiembre en Santiago, en la Escuela de Carabineros \u201cGeneral Carlos Ib\u00e1\u00f1ez del Campo\u201d.<br>Esta decisi\u00f3n ser\u00e1 tras la presentaci\u00f3n de las bandas que representar\u00e1n a los siguientes colegios: Escuela Luis Oyarz\u00fan Pe\u00f1a, de Santa Cruz; Colegio El Salvador, de San Vicente; Escuela Gustavo Rivera Bustos, de Peralillo; Colegio Nehu\u00e9n, de San Vicente; Liceo Eduardo Charme, de San Fernando; y Banda de Guerra JAB, de Rengo.<br>El a\u00f1o 2024, el Colegio Nehu\u00e9n de San Vicente represent\u00f3 a la Regi\u00f3n de O\u2019Higgins en la etapa nacional.<br>Este tipo de instancias se encuentran dentro del constante acercamiento de Carabineros a la comunidad y trabajo colaborativo con los establecimientos educacionales, con el objetivo de relevar los valores del trabajo en equipo, perseverancia y disciplina.<br>Cabe destacar que los Delegados de Cuadrante por medio del Modelo de Integraci\u00f3n Carabineros-Comunidad, MICC, han acompa\u00f1ado en todo momento a los estudiantes y profesores en este proceso, apoy\u00e1ndolos y orient\u00e1ndolos para cumplir las bases del concurso y por sobre todo mantener un esp\u00edritu de compa\u00f1erismo y entrega, que es lo que impulsa esta competencia.<br>En ese sentido, desde Carabineros han recalcado que si bien esta es una competencia, lo m\u00e1s importante son los valores que permite inculcar, tales como la disciplina, el trabajo en equipo, la perseverancia, entre otros que para Carabineros y la comunidad son importantes.<\/p>\n","protected":false},"excerpt":{"rendered":"Organizado por Carabineros de la Regi\u00f3n de O\u2019Higgins El certamen contar\u00e1 con la presentaci\u00f3n de la \u201cDrums Line\u201d,&hellip;\n","protected":false},"author":1,"featured_media":4789,"comment_status":"open","ping_status":"open","sticky":false,"template":"","format":"standard","meta":{"_monsterinsights_skip_tracking":false,"_monsterinsights_sitenote_active":false,"_monsterinsights_sitenote_note":"","_monsterinsights_sitenote_category":0,"footnotes":""},"categories":[5,8],"tags":[],"class_list":{"0":"post-4788","1":"post","2":"type-post","3":"status-publish","4":"format-standard","5":"has-post-thumbnail","7":"category-policial","8":"category-portada"},"aioseo_notices":[],"_links":{"self":[{"href":"https:\/\/www.rengoenlanoticia.cl\/prensa\/wp-json\/wp\/v2\/posts\/4788","targetHints":{"allow":["GET"]}}],"collection":[{"href":"https:\/\/www.rengoenlanoticia.cl\/prensa\/wp-json\/wp\/v2\/posts"}],"about":[{"href":"https:\/\/www.rengoenlanoticia.cl\/prensa\/wp-json\/wp\/v2\/types\/post"}],"author":[{"embeddable":true,"href":"https:\/\/www.rengoenlanoticia.cl\/prensa\/wp-json\/wp\/v2\/users\/1"}],"replies":[{"embeddable":true,"href":"https:\/\/www.rengoenlanoticia.cl\/prensa\/wp-json\/wp\/v2\/comments?post=4788"}],"version-history":[{"count":3,"href":"https:\/\/www.rengoenlanoticia.cl\/prensa\/wp-json\/wp\/v2\/posts\/4788\/revisions"}],"predecessor-version":[{"id":4792,"href":"https:\/\/www.rengoenlanoticia.cl\/prensa\/wp-json\/wp\/v2\/posts\/4788\/revisions\/4792"}],"wp:featuredmedia":[{"embeddable":true,"href":"https:\/\/www.rengoenlanoticia.cl\/prensa\/wp-json\/wp\/v2\/media\/4789"}],"wp:attachment":[{"href":"https:\/\/www.rengoenlanoticia.cl\/prensa\/wp-json\/wp\/v2\/media?parent=4788"}],"wp:term":[{"taxonomy":"category","embeddable":true,"href":"https:\/\/www.rengoenlanoticia.cl\/prensa\/wp-json\/wp\/v2\/categories?post=4788"},{"taxonomy":"post_tag","embeddable":true,"href":"https:\/\/www.rengoenlanoticia.cl\/prensa\/wp-json\/wp\/v2\/tags?post=4788"}],"curies":[{"name":"wp","href":"https:\/\/api.w.org\/{rel}","templated":true}]}}