{"id":4779,"date":"2025-07-31T03:21:24","date_gmt":"2025-07-31T03:21:24","guid":{"rendered":"https:\/\/www.rengoenlanoticia.cl\/prensa\/?p=4779"},"modified":"2025-07-31T03:21:26","modified_gmt":"2025-07-31T03:21:26","slug":"juzgado-de-garantia-de-rancagua-ordena-la-prision-preventiva-de-imputados-por-turbazo","status":"publish","type":"post","link":"https:\/\/www.rengoenlanoticia.cl\/prensa\/2025\/07\/31\/juzgado-de-garantia-de-rancagua-ordena-la-prision-preventiva-de-imputados-por-turbazo\/","title":{"rendered":"Juzgado de Garant\u00eda de Rancagua ordena la prisi\u00f3n preventiva de imputados por \u201cturbazo\u201d"},"content":{"rendered":"\n<p>El Juzgado de Garant\u00eda de Rancagua ordena la prisi\u00f3n preventiva de imputados por \u201cturbazo\u201dEl Juzgado de Garant\u00eda de Rancagua dej\u00f3 hoy \u2013mi\u00e9rcoles 30 de julio\u2013 sujetos a la medida cautelar de prisi\u00f3n preventiva a P.C.D. y I.A.A., imputados por el Ministerio P\u00fablico como autores del delito consumado de robo con intimidaci\u00f3n. Il\u00edcito perpetrado ayer, en un local comercial de la comuna.<\/p>\n\n\n\n<p>En la audiencia de formalizaci\u00f3n, el magistrado Gianni Libretti Pe\u00f1a orden\u00f3 el ingreso en prisi\u00f3n de P.C.D. y I.A.A. por considerar que la libertad de los imputados constituye un peligro para la seguridad de la sociedad. Asimismo, se fij\u00f3 el plazo de investigaci\u00f3n en 70 d\u00edas.<\/p>\n\n\n\n<p>En la causa, el tribunal dejo al imputado adolescente I.G.R., bajo la sujeci\u00f3n de vigilancia del Servicio Nacional de Menores (Sename), m\u00e1s las cautelares de firma mensual, arraigo nacional y la prohibici\u00f3n de acercarse al local comercial.<\/p>\n\n\n\n<p>Al resolver las cautelares, el magistrado sostuvo que: \u201cLos hechos indican que ingresan cuatro sujetos furtivamente a un local comercial, donde existe una persona que puede impedir el robo, que es el guardia. La superioridad num\u00e9rica, la fuerza que se ejerce en las cosas, la destrucci\u00f3n que se realiza para impedir reacci\u00f3n, eso es un \u2018turbazo\u2019, es un robo con intimidaci\u00f3n\u201d.<\/p>\n\n\n\n<p>\u201cOtro antecedente es la ocupaci\u00f3n de menores para cometer delitos y esa es una agravante de la responsabilidad penal en el caso de los adultos, y aqu\u00ed hay dos en esa situaci\u00f3n. En el caso de ellos se debe acceder a la medida cautelar de prisi\u00f3n preventiva por constituir su libertad un peligro para la seguridad de la sociedad\u201d, a\u00f1ade.<\/p>\n\n\n\n<p>Seg\u00fan el ente persecutor, los imputados m\u00e1s un menor de 13 a\u00f1os inimputable penalmente, por lo que qued\u00f3 a disposici\u00f3n de la judicatura de familia, ingresaron de forma violenta (m\u00e9todo conocido como \u201cturbazo\u201d) a las 15:50 horas del martes 29 de julio de 2025, a la tienda de la empresa Entel, ubicado en el paseo Independencia de la ciudad de Rancagua. Local comercial en que se apropiaron de 14 tel\u00e9fonos celulares y huyeron a bordo de los veh\u00edculos en que arribaron al lugar. Efectivos de Carabineros iniciaron una persecuci\u00f3n que concluy\u00f3 con la detenci\u00f3n de P.C.D., I.A.A. y I.G.R.<\/p>\n","protected":false},"excerpt":{"rendered":"El Juzgado de Garant\u00eda de Rancagua ordena la prisi\u00f3n preventiva de imputados por \u201cturbazo\u201dEl Juzgado de Garant\u00eda de&hellip;\n","protected":false},"author":1,"featured_media":4781,"comment_status":"open","ping_status":"open","sticky":false,"template":"","format":"standard","meta":{"_monsterinsights_skip_tracking":false,"_monsterinsights_sitenote_active":false,"_monsterinsights_sitenote_note":"","_monsterinsights_sitenote_category":0,"footnotes":""},"categories":[8],"tags":[],"class_list":{"0":"post-4779","1":"post","2":"type-post","3":"status-publish","4":"format-standard","5":"has-post-thumbnail","7":"category-portada"},"aioseo_notices":[],"_links":{"self":[{"href":"https:\/\/www.rengoenlanoticia.cl\/prensa\/wp-json\/wp\/v2\/posts\/4779","targetHints":{"allow":["GET"]}}],"collection":[{"href":"https:\/\/www.rengoenlanoticia.cl\/prensa\/wp-json\/wp\/v2\/posts"}],"about":[{"href":"https:\/\/www.rengoenlanoticia.cl\/prensa\/wp-json\/wp\/v2\/types\/post"}],"author":[{"embeddable":true,"href":"https:\/\/www.rengoenlanoticia.cl\/prensa\/wp-json\/wp\/v2\/users\/1"}],"replies":[{"embeddable":true,"href":"https:\/\/www.rengoenlanoticia.cl\/prensa\/wp-json\/wp\/v2\/comments?post=4779"}],"version-history":[{"count":3,"href":"https:\/\/www.rengoenlanoticia.cl\/prensa\/wp-json\/wp\/v2\/posts\/4779\/revisions"}],"predecessor-version":[{"id":4787,"href":"https:\/\/www.rengoenlanoticia.cl\/prensa\/wp-json\/wp\/v2\/posts\/4779\/revisions\/4787"}],"wp:featuredmedia":[{"embeddable":true,"href":"https:\/\/www.rengoenlanoticia.cl\/prensa\/wp-json\/wp\/v2\/media\/4781"}],"wp:attachment":[{"href":"https:\/\/www.rengoenlanoticia.cl\/prensa\/wp-json\/wp\/v2\/media?parent=4779"}],"wp:term":[{"taxonomy":"category","embeddable":true,"href":"https:\/\/www.rengoenlanoticia.cl\/prensa\/wp-json\/wp\/v2\/categories?post=4779"},{"taxonomy":"post_tag","embeddable":true,"href":"https:\/\/www.rengoenlanoticia.cl\/prensa\/wp-json\/wp\/v2\/tags?post=4779"}],"curies":[{"name":"wp","href":"https:\/\/api.w.org\/{rel}","templated":true}]}}