{"id":4774,"date":"2025-07-31T03:15:35","date_gmt":"2025-07-31T03:15:35","guid":{"rendered":"https:\/\/www.rengoenlanoticia.cl\/prensa\/?p=4774"},"modified":"2025-07-31T03:21:10","modified_gmt":"2025-07-31T03:21:10","slug":"justicia-abierta-juzgado-de-garantia-de-rancagua-realiza-charla-a-estudiantes-del-liceo-bicentenario-oscar-castro-e-instituto-profesional-aiep","status":"publish","type":"post","link":"https:\/\/www.rengoenlanoticia.cl\/prensa\/2025\/07\/31\/justicia-abierta-juzgado-de-garantia-de-rancagua-realiza-charla-a-estudiantes-del-liceo-bicentenario-oscar-castro-e-instituto-profesional-aiep\/","title":{"rendered":"Justicia Abierta: Juzgado de Garant\u00eda de Rancagua realiza charla a estudiantes del Liceo Bicentenario Oscar Castro e Instituto Profesional AIEP"},"content":{"rendered":"\n<p>El Juzgado de Garant\u00eda de Rancagua realiz\u00f3 dos visitas a estudiantes de Tercero Medio del Liceo Bicentenario Oscar Castro y de la carrera de T\u00e9cnico Jur\u00eddico del Instituto Profesional AIEP, en el marco de la iniciativa \u201cJusticia Abierta en el Territorio\u201d, la que busca difundir en la comunidad el rol del Poder Judicial.<\/p>\n\n\n\n<p>Los alumnos fueron recibidos por el jefe de atenci\u00f3n de p\u00fablico, Felipe Gaspar, quien les describi\u00f3 el funcionamiento del tribunal, explic\u00f3 qu\u00e9 consist\u00edan las audiencias que se realizan en las instalaciones y los distintos roles de quienes integran la unidad judicial.<\/p>\n\n\n\n<figure class=\"wp-block-image size-large\"><img loading=\"lazy\" decoding=\"async\" width=\"1024\" height=\"682\" src=\"https:\/\/www.rengoenlanoticia.cl\/prensa\/wp-content\/uploads\/2025\/07\/WhatsApp-Image-2025-07-30-at-13.12.48-1024x682.jpeg\" alt=\"\" class=\"wp-image-4776\" srcset=\"https:\/\/www.rengoenlanoticia.cl\/prensa\/wp-content\/uploads\/2025\/07\/WhatsApp-Image-2025-07-30-at-13.12.48-1024x682.jpeg 1024w, https:\/\/www.rengoenlanoticia.cl\/prensa\/wp-content\/uploads\/2025\/07\/WhatsApp-Image-2025-07-30-at-13.12.48-300x200.jpeg 300w, https:\/\/www.rengoenlanoticia.cl\/prensa\/wp-content\/uploads\/2025\/07\/WhatsApp-Image-2025-07-30-at-13.12.48-768x512.jpeg 768w, https:\/\/www.rengoenlanoticia.cl\/prensa\/wp-content\/uploads\/2025\/07\/WhatsApp-Image-2025-07-30-at-13.12.48-1536x1023.jpeg 1536w, https:\/\/www.rengoenlanoticia.cl\/prensa\/wp-content\/uploads\/2025\/07\/WhatsApp-Image-2025-07-30-at-13.12.48-110x73.jpeg 110w, https:\/\/www.rengoenlanoticia.cl\/prensa\/wp-content\/uploads\/2025\/07\/WhatsApp-Image-2025-07-30-at-13.12.48-200x133.jpeg 200w, https:\/\/www.rengoenlanoticia.cl\/prensa\/wp-content\/uploads\/2025\/07\/WhatsApp-Image-2025-07-30-at-13.12.48-380x253.jpeg 380w, https:\/\/www.rengoenlanoticia.cl\/prensa\/wp-content\/uploads\/2025\/07\/WhatsApp-Image-2025-07-30-at-13.12.48-255x170.jpeg 255w, https:\/\/www.rengoenlanoticia.cl\/prensa\/wp-content\/uploads\/2025\/07\/WhatsApp-Image-2025-07-30-at-13.12.48-550x366.jpeg 550w, https:\/\/www.rengoenlanoticia.cl\/prensa\/wp-content\/uploads\/2025\/07\/WhatsApp-Image-2025-07-30-at-13.12.48-800x533.jpeg 800w, https:\/\/www.rengoenlanoticia.cl\/prensa\/wp-content\/uploads\/2025\/07\/WhatsApp-Image-2025-07-30-at-13.12.48-1160x773.jpeg 1160w, https:\/\/www.rengoenlanoticia.cl\/prensa\/wp-content\/uploads\/2025\/07\/WhatsApp-Image-2025-07-30-at-13.12.48.jpeg 1600w\" sizes=\"auto, (max-width: 1024px) 100vw, 1024px\" \/><\/figure>\n\n\n\n<p>Durante las visitas, fueron recibidos por la magistrada Paz Reyes y el juez presidente del Juzgado de Garant\u00eda de Rancagua, Gonzalo Celed\u00f3n, quienes dirigieron las audiencias de control de detenci\u00f3n que presenciaron los estudiantes.<\/p>\n\n\n\n<figure class=\"wp-block-image size-large\"><img loading=\"lazy\" decoding=\"async\" width=\"1024\" height=\"682\" src=\"https:\/\/www.rengoenlanoticia.cl\/prensa\/wp-content\/uploads\/2025\/07\/WhatsApp-Image-2025-07-30-at-13.12.47-1024x682.jpeg\" alt=\"\" class=\"wp-image-4777\" srcset=\"https:\/\/www.rengoenlanoticia.cl\/prensa\/wp-content\/uploads\/2025\/07\/WhatsApp-Image-2025-07-30-at-13.12.47-1024x682.jpeg 1024w, https:\/\/www.rengoenlanoticia.cl\/prensa\/wp-content\/uploads\/2025\/07\/WhatsApp-Image-2025-07-30-at-13.12.47-300x200.jpeg 300w, https:\/\/www.rengoenlanoticia.cl\/prensa\/wp-content\/uploads\/2025\/07\/WhatsApp-Image-2025-07-30-at-13.12.47-768x512.jpeg 768w, https:\/\/www.rengoenlanoticia.cl\/prensa\/wp-content\/uploads\/2025\/07\/WhatsApp-Image-2025-07-30-at-13.12.47-1536x1023.jpeg 1536w, https:\/\/www.rengoenlanoticia.cl\/prensa\/wp-content\/uploads\/2025\/07\/WhatsApp-Image-2025-07-30-at-13.12.47-110x73.jpeg 110w, https:\/\/www.rengoenlanoticia.cl\/prensa\/wp-content\/uploads\/2025\/07\/WhatsApp-Image-2025-07-30-at-13.12.47-200x133.jpeg 200w, https:\/\/www.rengoenlanoticia.cl\/prensa\/wp-content\/uploads\/2025\/07\/WhatsApp-Image-2025-07-30-at-13.12.47-380x253.jpeg 380w, https:\/\/www.rengoenlanoticia.cl\/prensa\/wp-content\/uploads\/2025\/07\/WhatsApp-Image-2025-07-30-at-13.12.47-255x170.jpeg 255w, https:\/\/www.rengoenlanoticia.cl\/prensa\/wp-content\/uploads\/2025\/07\/WhatsApp-Image-2025-07-30-at-13.12.47-550x366.jpeg 550w, https:\/\/www.rengoenlanoticia.cl\/prensa\/wp-content\/uploads\/2025\/07\/WhatsApp-Image-2025-07-30-at-13.12.47-800x533.jpeg 800w, https:\/\/www.rengoenlanoticia.cl\/prensa\/wp-content\/uploads\/2025\/07\/WhatsApp-Image-2025-07-30-at-13.12.47-1160x773.jpeg 1160w, https:\/\/www.rengoenlanoticia.cl\/prensa\/wp-content\/uploads\/2025\/07\/WhatsApp-Image-2025-07-30-at-13.12.47.jpeg 1600w\" sizes=\"auto, (max-width: 1024px) 100vw, 1024px\" \/><\/figure>\n\n\n\n<p>\u201cHa sido una pol\u00edtica permanente de este tribunal y el Poder Judicial tener contacto con distintas organizaciones de la sociedad, especialmente colegios, para que los j\u00f3venes puedan ver lo que hacemos, tener un acercamiento hacia la justicia y tal vez inspirar a algunos a estudiar las carreras afines a nuestro trabajo. Es muy importante tener esta conexi\u00f3n\u201d, se\u00f1al\u00f3 el juez Celed\u00f3n.<\/p>\n","protected":false},"excerpt":{"rendered":"El Juzgado de Garant\u00eda de Rancagua realiz\u00f3 dos visitas a estudiantes de Tercero Medio del Liceo Bicentenario Oscar&hellip;\n","protected":false},"author":1,"featured_media":4775,"comment_status":"open","ping_status":"open","sticky":false,"template":"","format":"standard","meta":{"_monsterinsights_skip_tracking":false,"_monsterinsights_sitenote_active":false,"_monsterinsights_sitenote_note":"","_monsterinsights_sitenote_category":0,"footnotes":""},"categories":[8],"tags":[],"class_list":{"0":"post-4774","1":"post","2":"type-post","3":"status-publish","4":"format-standard","5":"has-post-thumbnail","7":"category-portada"},"aioseo_notices":[],"_links":{"self":[{"href":"https:\/\/www.rengoenlanoticia.cl\/prensa\/wp-json\/wp\/v2\/posts\/4774","targetHints":{"allow":["GET"]}}],"collection":[{"href":"https:\/\/www.rengoenlanoticia.cl\/prensa\/wp-json\/wp\/v2\/posts"}],"about":[{"href":"https:\/\/www.rengoenlanoticia.cl\/prensa\/wp-json\/wp\/v2\/types\/post"}],"author":[{"embeddable":true,"href":"https:\/\/www.rengoenlanoticia.cl\/prensa\/wp-json\/wp\/v2\/users\/1"}],"replies":[{"embeddable":true,"href":"https:\/\/www.rengoenlanoticia.cl\/prensa\/wp-json\/wp\/v2\/comments?post=4774"}],"version-history":[{"count":3,"href":"https:\/\/www.rengoenlanoticia.cl\/prensa\/wp-json\/wp\/v2\/posts\/4774\/revisions"}],"predecessor-version":[{"id":4786,"href":"https:\/\/www.rengoenlanoticia.cl\/prensa\/wp-json\/wp\/v2\/posts\/4774\/revisions\/4786"}],"wp:featuredmedia":[{"embeddable":true,"href":"https:\/\/www.rengoenlanoticia.cl\/prensa\/wp-json\/wp\/v2\/media\/4775"}],"wp:attachment":[{"href":"https:\/\/www.rengoenlanoticia.cl\/prensa\/wp-json\/wp\/v2\/media?parent=4774"}],"wp:term":[{"taxonomy":"category","embeddable":true,"href":"https:\/\/www.rengoenlanoticia.cl\/prensa\/wp-json\/wp\/v2\/categories?post=4774"},{"taxonomy":"post_tag","embeddable":true,"href":"https:\/\/www.rengoenlanoticia.cl\/prensa\/wp-json\/wp\/v2\/tags?post=4774"}],"curies":[{"name":"wp","href":"https:\/\/api.w.org\/{rel}","templated":true}]}}