{"id":4762,"date":"2025-07-30T04:30:21","date_gmt":"2025-07-30T04:30:21","guid":{"rendered":"https:\/\/www.rengoenlanoticia.cl\/prensa\/?p=4762"},"modified":"2025-07-30T04:30:23","modified_gmt":"2025-07-30T04:30:23","slug":"subsecretaria-arratia-inaugura-obras-en-colegio-santa-teresa-de-tunca-en-codegua-con-inversion-de-casi-446-millones-de-pesos","status":"publish","type":"post","link":"https:\/\/www.rengoenlanoticia.cl\/prensa\/2025\/07\/30\/subsecretaria-arratia-inaugura-obras-en-colegio-santa-teresa-de-tunca-en-codegua-con-inversion-de-casi-446-millones-de-pesos\/","title":{"rendered":"Subsecretaria Arratia inaugura obras en Colegio Santa Teresa de Tunca en Codegua con inversi\u00f3n de casi 446 millones de pesos"},"content":{"rendered":"\n<p><em>La autoridad indic\u00f3 que \u201cestamos muy contentos de haber participado en la inauguraci\u00f3n de las obras de conservaci\u00f3n de esta escuela, que van en directo beneficio del bienestar y las condiciones de aprendizaje para la comunidad educativa\u201d.<\/em><\/p>\n\n\n\n<p>\u00a0La subsecretaria de Educaci\u00f3n, Alejandra Arratia, junto al\u00a0delegado presidencial regional de O&#8217;Higgins\u00a0, Fabio L\u00f3pez; la seremi de Educaci\u00f3n, Alyson Hadad; y el alcalde de Codegua, Jos\u00e9 Flores, encabezaron la inauguraci\u00f3n de las obras de conservaci\u00f3n de infraestructura del Colegio Santa Teresa de Tunca, proyecto que contempla una inversi\u00f3n de casi 446 millones de pesos.<\/p>\n\n\n\n<p>Las obras ejecutadas incluyen la pintura completa del recinto, el mejoramiento de techo, cielos y sistema el\u00e9ctrico, reposici\u00f3n de pisos, ventanas de termopanel y servicios sanitarios.<\/p>\n\n\n\n<p>Adem\u00e1s, remodel\u00f3 por completo el patio de juegos de las y los estudiantes del establecimiento con la construcci\u00f3n de un paseo peatonal inclusivo que permite el libre acceso a aquellos ni\u00f1os y ni\u00f1as con movilidad reducida.<\/p>\n\n\n\n<figure class=\"wp-block-image size-full\"><img loading=\"lazy\" decoding=\"async\" width=\"1024\" height=\"683\" src=\"https:\/\/www.rengoenlanoticia.cl\/prensa\/wp-content\/uploads\/2025\/07\/Colegio_Santa_Teresa_de_Tunca1.jpg\" alt=\"\" class=\"wp-image-4770\" srcset=\"https:\/\/www.rengoenlanoticia.cl\/prensa\/wp-content\/uploads\/2025\/07\/Colegio_Santa_Teresa_de_Tunca1.jpg 1024w, https:\/\/www.rengoenlanoticia.cl\/prensa\/wp-content\/uploads\/2025\/07\/Colegio_Santa_Teresa_de_Tunca1-300x200.jpg 300w, https:\/\/www.rengoenlanoticia.cl\/prensa\/wp-content\/uploads\/2025\/07\/Colegio_Santa_Teresa_de_Tunca1-768x512.jpg 768w, https:\/\/www.rengoenlanoticia.cl\/prensa\/wp-content\/uploads\/2025\/07\/Colegio_Santa_Teresa_de_Tunca1-110x73.jpg 110w, https:\/\/www.rengoenlanoticia.cl\/prensa\/wp-content\/uploads\/2025\/07\/Colegio_Santa_Teresa_de_Tunca1-200x133.jpg 200w, https:\/\/www.rengoenlanoticia.cl\/prensa\/wp-content\/uploads\/2025\/07\/Colegio_Santa_Teresa_de_Tunca1-380x253.jpg 380w, https:\/\/www.rengoenlanoticia.cl\/prensa\/wp-content\/uploads\/2025\/07\/Colegio_Santa_Teresa_de_Tunca1-255x170.jpg 255w, https:\/\/www.rengoenlanoticia.cl\/prensa\/wp-content\/uploads\/2025\/07\/Colegio_Santa_Teresa_de_Tunca1-550x367.jpg 550w, https:\/\/www.rengoenlanoticia.cl\/prensa\/wp-content\/uploads\/2025\/07\/Colegio_Santa_Teresa_de_Tunca1-800x534.jpg 800w\" sizes=\"auto, (max-width: 1024px) 100vw, 1024px\" \/><\/figure>\n\n\n\n<p>La subsecretaria Alejandra Arratia, sostuvo que \u00abcomo Ministerio de Educaci\u00f3n, hemos asumido la responsabilidad de seguir trabajando para mejorar las condiciones de infraestructura de los establecimientos educativos en todo el pa\u00eds. Estamos muy contentos de haber participado en la inauguraci\u00f3n de las obras de conservaci\u00f3n de esta escuela, con una inversi\u00f3n de casi 446 millones de pesos que van en directo beneficio del bienestar y las condiciones de aprendizaje para la comunidad educativa\u00bb.<\/p>\n\n\n\n<p>\u201cTenemos la convicci\u00f3n de que fortalecer la educaci\u00f3n p\u00fablica es clave para que Chile avance, y la concreci\u00f3n de este proyecto es una muestra de ese compromiso\u201d, agreg\u00f3 la autoridad.<\/p>\n\n\n\n<p>Cabe se\u00f1alar que el Colegio Santa Teresa de Tunca ha sido reconocido por su compromiso con el fortalecimiento de los aprendizajes, obteniendo por tres per\u00edodos consecutivos la Excelencia Acad\u00e9mica del Sistema Nacional de Evaluaci\u00f3n del Desempe\u00f1o (SNED), as\u00ed como resultados sobre el promedio nacional en el SIMCE.<\/p>\n\n\n\n<p>En ese sentido, el delegado residencial regional de la Regi\u00f3n de O&#8217;Higgins, Fabio L\u00f3pez, se\u00f1al\u00f3 que \u00abesta inversi\u00f3n, con fondos del Ministerio de Educaci\u00f3n, le viene a dar un cambio importante a la infraestructura de este colegio. Porque la infraestructura no solamente es para que el entorno se vea m\u00e1s bonito, sino que tambi\u00e9n es calidad, para que los aprendizajes de los ni\u00f1os y ni\u00f1as de este colegio puedan ser mejores\u00bb.<\/p>\n\n\n\n<p>En tanto, el alcalde de Codegua, Jos\u00e9 Flores, indic\u00f3 que \u00abla educaci\u00f3n es un escudo para que los ni\u00f1os y ni\u00f1as salgan adelante. Agradezco al gobierno ya todos los que han sido parte de los proyectos que tenemos para poder lograr que en nuestra comuna nos destaquemos y tengamos una inversi\u00f3n de m\u00e1s de seis mil millones de pesos en educaci\u00f3n. Agradezco la hermosa ceremonia ya nuestros estudiantes\u00bb.<\/p>\n","protected":false},"excerpt":{"rendered":"La autoridad indic\u00f3 que \u201cestamos muy contentos de haber participado en la inauguraci\u00f3n de las obras de conservaci\u00f3n&hellip;\n","protected":false},"author":1,"featured_media":4769,"comment_status":"open","ping_status":"open","sticky":false,"template":"","format":"standard","meta":{"_monsterinsights_skip_tracking":false,"_monsterinsights_sitenote_active":false,"_monsterinsights_sitenote_note":"","_monsterinsights_sitenote_category":0,"footnotes":""},"categories":[8],"tags":[],"class_list":{"0":"post-4762","1":"post","2":"type-post","3":"status-publish","4":"format-standard","5":"has-post-thumbnail","7":"category-portada"},"aioseo_notices":[],"_links":{"self":[{"href":"https:\/\/www.rengoenlanoticia.cl\/prensa\/wp-json\/wp\/v2\/posts\/4762","targetHints":{"allow":["GET"]}}],"collection":[{"href":"https:\/\/www.rengoenlanoticia.cl\/prensa\/wp-json\/wp\/v2\/posts"}],"about":[{"href":"https:\/\/www.rengoenlanoticia.cl\/prensa\/wp-json\/wp\/v2\/types\/post"}],"author":[{"embeddable":true,"href":"https:\/\/www.rengoenlanoticia.cl\/prensa\/wp-json\/wp\/v2\/users\/1"}],"replies":[{"embeddable":true,"href":"https:\/\/www.rengoenlanoticia.cl\/prensa\/wp-json\/wp\/v2\/comments?post=4762"}],"version-history":[{"count":3,"href":"https:\/\/www.rengoenlanoticia.cl\/prensa\/wp-json\/wp\/v2\/posts\/4762\/revisions"}],"predecessor-version":[{"id":4773,"href":"https:\/\/www.rengoenlanoticia.cl\/prensa\/wp-json\/wp\/v2\/posts\/4762\/revisions\/4773"}],"wp:featuredmedia":[{"embeddable":true,"href":"https:\/\/www.rengoenlanoticia.cl\/prensa\/wp-json\/wp\/v2\/media\/4769"}],"wp:attachment":[{"href":"https:\/\/www.rengoenlanoticia.cl\/prensa\/wp-json\/wp\/v2\/media?parent=4762"}],"wp:term":[{"taxonomy":"category","embeddable":true,"href":"https:\/\/www.rengoenlanoticia.cl\/prensa\/wp-json\/wp\/v2\/categories?post=4762"},{"taxonomy":"post_tag","embeddable":true,"href":"https:\/\/www.rengoenlanoticia.cl\/prensa\/wp-json\/wp\/v2\/tags?post=4762"}],"curies":[{"name":"wp","href":"https:\/\/api.w.org\/{rel}","templated":true}]}}