{"id":4752,"date":"2025-07-30T04:01:44","date_gmt":"2025-07-30T04:01:44","guid":{"rendered":"https:\/\/www.rengoenlanoticia.cl\/prensa\/?p=4752"},"modified":"2025-07-30T04:02:04","modified_gmt":"2025-07-30T04:02:04","slug":"encuentro-internacional-mineria-de-bajo-impacto-reunira-a-expertos-empresas-y-proveedores-para-impulsar-oportunidades-sostenibles","status":"publish","type":"post","link":"https:\/\/www.rengoenlanoticia.cl\/prensa\/2025\/07\/30\/encuentro-internacional-mineria-de-bajo-impacto-reunira-a-expertos-empresas-y-proveedores-para-impulsar-oportunidades-sostenibles\/","title":{"rendered":"Encuentro Internacional Miner\u00eda de Bajo Impacto reunir\u00e1 a expertos, empresas y proveedores para impulsar oportunidades sostenibles"},"content":{"rendered":"\n<p>Este evento se realizar\u00e1 en la comuna de Machal\u00ed el mi\u00e9rcoles 6 de agosto y es organizado por Corporaci\u00f3n Pro O\u2019Higgins, Corfo O\u2019Higgins y cuenta con el patrocinio de Aprimin.<\/p>\n\n\n\n<p>Promover soluciones sostenibles y oportunidades de desarrollo para proveedores vinculados a la miner\u00eda, es el prop\u00f3sito del <strong>Encuentro Internacional \u201cMiner\u00eda de Bajo Impacto: Oportunidades para Proveedores Sostenibles\u201d <\/strong>organizado por <strong>Corporaci\u00f3n Pro O\u2019Higgins<\/strong> y <strong>Corfo<\/strong>, con el patrocinio de <strong>Aprimin<\/strong>; evento que tendr\u00e1 lugar el <strong>mi\u00e9rcoles 6 de agosto<\/strong>, desde las 9:00 horas en el Hotel Piedra Verde, ubicado en Las Higueras 119, Machal\u00ed.<\/p>\n\n\n\n<p>Este evento forma parte del programa <strong>Impulsa O\u2019Higgins Fortalece<\/strong> y reunir\u00e1 a destacados expertos en torno a los desaf\u00edos actuales de la industria minera y su transici\u00f3n hacia modelos m\u00e1s sostenibles.<\/p>\n\n\n\n<p>La jornada contar\u00e1 con conferencias sobre econom\u00eda circular, inteligencia artificial, valorizaci\u00f3n de residuos, innovaci\u00f3n tecnol\u00f3gica, eficiencia en los procesos, colaboraci\u00f3n entre sectores y experiencias internacionales en miner\u00eda de precisi\u00f3n.<\/p>\n\n\n\n<p><strong>Una jornada con foco en experiencias, casos de \u00e9xito y nuevas tecnolog\u00edas que proponen los proveedores de la miner\u00eda para el sector<\/strong><strong><\/strong><\/p>\n\n\n\n<p>El programa contempla conferencias sobre la <strong>Mesa Minera de la Regi\u00f3n de O\u2019Higgins<\/strong>, a cargo de V\u00edctor P\u00e9rez profesor de Miner\u00eda en la Facultad de Ingenier\u00eda y Ciencias de la Universidad Adolfo Ib\u00e1\u00f1ez; la participaci\u00f3n de <strong>\u00c1ntiza Vladilo<\/strong>, L\u00edder de Desarrollo Local u Proveedores en Corporaci\u00f3n Alta Ley; adem\u00e1s se sumar\u00e1n charlas sobre <strong>econom\u00eda circular e innovaci\u00f3n aplicada<\/strong>, con la exposici\u00f3n de Mauricio Bravo, gerente general de Arrigoni Ambiental NFU, y sobre la valorizaci\u00f3n de residuos mineros hablar\u00e1 Stephanie S\u04e7ffge G\u00fcemes, Jefa de Administraci\u00f3n en CMF Ecomet.<\/p>\n\n\n\n<p>Despu\u00e9s de un breve receso, el encuentro continuar\u00e1 con la presentaci\u00f3n de <strong>emprendimientos sostenibles y soluciones innovadoras para una miner\u00eda de bajo impacto<\/strong>.<\/p>\n\n\n\n<p>Entre ellas destacan <em>\u201cTiempo Real, Decisiones Oportunas: C\u00f3mo la Medici\u00f3n Aut\u00f3noma est\u00e1 Cambiando la Gesti\u00f3n de Stock Pile\u201d<\/em>, expuesta por Tom\u00e1s Troncoso de Geosupport S.A.; <em>\u201cCuando la Inteligencia Artificial Subi\u00f3 a la Mina: 3 Historias de Innovaci\u00f3n\u201d<\/em>, a cargo de Javier Ruiz Abarca de TwinViz; y <em>\u201cKEPLER: Inteligencia Artificial aplicada a la Geomec\u00e1nica Minera\u201d<\/em>, presentada por Sergio Arias.<\/p>\n\n\n\n<p>Luego ser\u00e1 el turno de Aprimin que abordar\u00e1 el impulso gremial hacia una miner\u00eda m\u00e1s sostenible, a trav\u00e9s de la ponencia de Jorge Bravo, Gerente de Estudios y Proyectos de la asociaci\u00f3n.<\/p>\n\n\n\n<p>El evento cerrar\u00e1 con la conferencia internacional <strong>\u201cMiner\u00eda Quir\u00fargica y de Precisi\u00f3n &#8211; Reducci\u00f3n de Impactos en la Producci\u00f3n Minera\u201d<\/strong>, a cargo del canadiense Dustin Angelo, presidente y cofundador de Novamera Inc.<\/p>\n\n\n\n<p>Adem\u00e1s, el evento contempla un espacio de networking para facilitar v\u00ednculos entre empresas, instituciones y proveedores interesados en innovar hacia una miner\u00eda responsable.<\/p>\n\n\n\n<p>La actividad cuenta con el valioso apoyo de diversas instituciones que colaboran en la convocatoria, entre ellas: Codelco Divisi\u00f3n El Teniente, MUNDO, Copeval, Olivos Riego, Horticrece, INIA Rayentu\u00e9, Vi\u00f1as de Colchagua, FIA, Kinsa Partner, Sim\u00f3n de Cirene, Centros de Desarrollo de Negocios de Rancagua, San Fernando y Santa Cruz, Wedo Cowork, En Modo Emprendedor, IncubatecUfro y las municipalidades de Pichilemu y Navidad.<\/p>\n\n\n\n<p>Las inscripciones est\u00e1n abiertas en: <a href=\"http:\/\/www.pro-ohiggins.cl\"><strong>www.pro-ohiggins.cl<\/strong><\/a>o en <a href=\"http:\/\/www.impulsaohiggins.cl\"><strong>www.impulsaohiggins.cl<\/strong><\/a><\/p>\n","protected":false},"excerpt":{"rendered":"Este evento se realizar\u00e1 en la comuna de Machal\u00ed el mi\u00e9rcoles 6 de agosto y es organizado por&hellip;\n","protected":false},"author":1,"featured_media":4756,"comment_status":"open","ping_status":"open","sticky":false,"template":"","format":"standard","meta":{"_monsterinsights_skip_tracking":false,"_monsterinsights_sitenote_active":false,"_monsterinsights_sitenote_note":"","_monsterinsights_sitenote_category":0,"footnotes":""},"categories":[8],"tags":[],"class_list":{"0":"post-4752","1":"post","2":"type-post","3":"status-publish","4":"format-standard","5":"has-post-thumbnail","7":"category-portada"},"aioseo_notices":[],"_links":{"self":[{"href":"https:\/\/www.rengoenlanoticia.cl\/prensa\/wp-json\/wp\/v2\/posts\/4752","targetHints":{"allow":["GET"]}}],"collection":[{"href":"https:\/\/www.rengoenlanoticia.cl\/prensa\/wp-json\/wp\/v2\/posts"}],"about":[{"href":"https:\/\/www.rengoenlanoticia.cl\/prensa\/wp-json\/wp\/v2\/types\/post"}],"author":[{"embeddable":true,"href":"https:\/\/www.rengoenlanoticia.cl\/prensa\/wp-json\/wp\/v2\/users\/1"}],"replies":[{"embeddable":true,"href":"https:\/\/www.rengoenlanoticia.cl\/prensa\/wp-json\/wp\/v2\/comments?post=4752"}],"version-history":[{"count":2,"href":"https:\/\/www.rengoenlanoticia.cl\/prensa\/wp-json\/wp\/v2\/posts\/4752\/revisions"}],"predecessor-version":[{"id":4760,"href":"https:\/\/www.rengoenlanoticia.cl\/prensa\/wp-json\/wp\/v2\/posts\/4752\/revisions\/4760"}],"wp:featuredmedia":[{"embeddable":true,"href":"https:\/\/www.rengoenlanoticia.cl\/prensa\/wp-json\/wp\/v2\/media\/4756"}],"wp:attachment":[{"href":"https:\/\/www.rengoenlanoticia.cl\/prensa\/wp-json\/wp\/v2\/media?parent=4752"}],"wp:term":[{"taxonomy":"category","embeddable":true,"href":"https:\/\/www.rengoenlanoticia.cl\/prensa\/wp-json\/wp\/v2\/categories?post=4752"},{"taxonomy":"post_tag","embeddable":true,"href":"https:\/\/www.rengoenlanoticia.cl\/prensa\/wp-json\/wp\/v2\/tags?post=4752"}],"curies":[{"name":"wp","href":"https:\/\/api.w.org\/{rel}","templated":true}]}}