{"id":4751,"date":"2025-07-30T03:46:09","date_gmt":"2025-07-30T03:46:09","guid":{"rendered":"https:\/\/www.rengoenlanoticia.cl\/prensa\/?p=4751"},"modified":"2025-07-30T03:59:54","modified_gmt":"2025-07-30T03:59:54","slug":"carabineros-detiene-a-4-sujetos-que-protagonizaron-turbazo-en-centrica-tienda-en-rancagua","status":"publish","type":"post","link":"https:\/\/www.rengoenlanoticia.cl\/prensa\/2025\/07\/30\/carabineros-detiene-a-4-sujetos-que-protagonizaron-turbazo-en-centrica-tienda-en-rancagua\/","title":{"rendered":"Carabineros detiene a 4 sujetos que protagonizaron turbazo en c\u00e9ntrica tienda en Rancagua"},"content":{"rendered":"\n<p>La r\u00e1pida acci\u00f3n de Carabineros de la 1\u00b0 Comisar\u00eda Rancagua permiti\u00f3 la detenci\u00f3n de 4 individuos que robaron con intimidaci\u00f3n la tienda de Entel en el centro de Rancagua. Alrededor de las 15:30 horas, los efectivos policiales recibieron un llamado de la Central de Comunicaciones Cenco Cachapoal alertando sobre un hecho delictual tipo turbazo en calle Independencia con calle Campos.<br>Los sujetos, tras amenazar a los dependientes de la tienda, sustrajeron 14 tel\u00e9fonos celulares, d\u00e1ndose a la fuga. Carabineros inicio un seguimiento del veh\u00edculo, sin encargo, en el cual se movilizaban, intercept\u00e1ndolos en Av. Einstein con Calle Andr\u00e9s Bello, donde fueron detenidos, dos adultos y 2 menores de edad de 13 a\u00f1os y otro de 17 a\u00f1os.<br>Adem\u00e1s se recuper\u00f3 la totalidad de las especies sustra\u00eddas.<br>Fiscal dispuso a Carabineros del Os-9 O\u2019Higgins y Labocar para continuar las diligencias investigativas.<\/p>\n","protected":false},"excerpt":{"rendered":"La r\u00e1pida acci\u00f3n de Carabineros de la 1\u00b0 Comisar\u00eda Rancagua permiti\u00f3 la detenci\u00f3n de 4 individuos que robaron&hellip;\n","protected":false},"author":1,"featured_media":4753,"comment_status":"open","ping_status":"open","sticky":false,"template":"","format":"standard","meta":{"_monsterinsights_skip_tracking":false,"_monsterinsights_sitenote_active":false,"_monsterinsights_sitenote_note":"","_monsterinsights_sitenote_category":0,"footnotes":""},"categories":[5,8],"tags":[],"class_list":{"0":"post-4751","1":"post","2":"type-post","3":"status-publish","4":"format-standard","5":"has-post-thumbnail","7":"category-policial","8":"category-portada"},"aioseo_notices":[],"_links":{"self":[{"href":"https:\/\/www.rengoenlanoticia.cl\/prensa\/wp-json\/wp\/v2\/posts\/4751","targetHints":{"allow":["GET"]}}],"collection":[{"href":"https:\/\/www.rengoenlanoticia.cl\/prensa\/wp-json\/wp\/v2\/posts"}],"about":[{"href":"https:\/\/www.rengoenlanoticia.cl\/prensa\/wp-json\/wp\/v2\/types\/post"}],"author":[{"embeddable":true,"href":"https:\/\/www.rengoenlanoticia.cl\/prensa\/wp-json\/wp\/v2\/users\/1"}],"replies":[{"embeddable":true,"href":"https:\/\/www.rengoenlanoticia.cl\/prensa\/wp-json\/wp\/v2\/comments?post=4751"}],"version-history":[{"count":3,"href":"https:\/\/www.rengoenlanoticia.cl\/prensa\/wp-json\/wp\/v2\/posts\/4751\/revisions"}],"predecessor-version":[{"id":4758,"href":"https:\/\/www.rengoenlanoticia.cl\/prensa\/wp-json\/wp\/v2\/posts\/4751\/revisions\/4758"}],"wp:featuredmedia":[{"embeddable":true,"href":"https:\/\/www.rengoenlanoticia.cl\/prensa\/wp-json\/wp\/v2\/media\/4753"}],"wp:attachment":[{"href":"https:\/\/www.rengoenlanoticia.cl\/prensa\/wp-json\/wp\/v2\/media?parent=4751"}],"wp:term":[{"taxonomy":"category","embeddable":true,"href":"https:\/\/www.rengoenlanoticia.cl\/prensa\/wp-json\/wp\/v2\/categories?post=4751"},{"taxonomy":"post_tag","embeddable":true,"href":"https:\/\/www.rengoenlanoticia.cl\/prensa\/wp-json\/wp\/v2\/tags?post=4751"}],"curies":[{"name":"wp","href":"https:\/\/api.w.org\/{rel}","templated":true}]}}