{"id":4725,"date":"2025-07-29T02:01:42","date_gmt":"2025-07-29T02:01:42","guid":{"rendered":"https:\/\/www.rengoenlanoticia.cl\/prensa\/?p=4725"},"modified":"2025-07-29T02:01:44","modified_gmt":"2025-07-29T02:01:44","slug":"cesar-sierpe-este-proyecto-marca-un-antes-y-un-despues-en-graneros","status":"publish","type":"post","link":"https:\/\/www.rengoenlanoticia.cl\/prensa\/2025\/07\/29\/cesar-sierpe-este-proyecto-marca-un-antes-y-un-despues-en-graneros\/","title":{"rendered":"C\u00e9sar Sierpe: \u201cEste proyecto marca un antes y un despu\u00e9s en Graneros\u201d"},"content":{"rendered":"\n<p>La autoridad del Servicio de Salud O\u2019Higgins valor\u00f3 el compromiso del equipo cl\u00ednico y la rigurosidad t\u00e9cnica del proyecto de conservaci\u00f3n del recinto asistencial, que contempla importantes mejoras en infraestructura cr\u00edtica y condiciones sanitarias.<\/p>\n\n\n\n<p>\u00abComo Servicio de Salud, estamos profundamente comprometidos con el fortalecimiento de la infraestructura hospitalaria en nuestra red, y el proyecto de conservaci\u00f3n del Hospital de Graneros es un claro ejemplo de ese compromiso. Esta obra no solo busca mejorar las condiciones f\u00edsicas del establecimiento, sino tambi\u00e9n dignificar la atenci\u00f3n que reciben los usuarios y optimizar los espacios de trabajo para nuestros funcionarios\u201d. As\u00ed lo destac\u00f3 el Subdirector Administrativo del Servicio de Salud O\u2019Higgins (SSO), C\u00e9sar Sierpe, luego de una visita efectuada al recinto asistencial por equipos t\u00e9cnicos y empresa que realizar\u00e1 el proyecto.<\/p>\n\n\n\n<p>Durante la jornada en terreno, \u201cse constat\u00f3 una vez m\u00e1s el compromiso del equipo local, as\u00ed como la disposici\u00f3n de la empresa adjudicada para avanzar con responsabilidad y rigurosidad en cada etapa del proyecto. Desde el Servicio de Salud seguiremos acompa\u00f1ando y supervisando este proceso, porque sabemos que estas mejoras son esperadas por a\u00f1os por la comunidad de Graneros y marcar\u00e1n un antes y un despu\u00e9s en la calidad de la atenci\u00f3n\u00bb.<\/p>\n\n\n\n<figure class=\"wp-block-image size-large\"><img loading=\"lazy\" decoding=\"async\" width=\"1024\" height=\"768\" src=\"https:\/\/www.rengoenlanoticia.cl\/prensa\/wp-content\/uploads\/2025\/07\/WhatsApp-Image-2025-07-28-at-12.23.40-1-1024x768.jpeg\" alt=\"\" class=\"wp-image-4727\" srcset=\"https:\/\/www.rengoenlanoticia.cl\/prensa\/wp-content\/uploads\/2025\/07\/WhatsApp-Image-2025-07-28-at-12.23.40-1-1024x768.jpeg 1024w, https:\/\/www.rengoenlanoticia.cl\/prensa\/wp-content\/uploads\/2025\/07\/WhatsApp-Image-2025-07-28-at-12.23.40-1-300x225.jpeg 300w, https:\/\/www.rengoenlanoticia.cl\/prensa\/wp-content\/uploads\/2025\/07\/WhatsApp-Image-2025-07-28-at-12.23.40-1-768x576.jpeg 768w, https:\/\/www.rengoenlanoticia.cl\/prensa\/wp-content\/uploads\/2025\/07\/WhatsApp-Image-2025-07-28-at-12.23.40-1-110x83.jpeg 110w, https:\/\/www.rengoenlanoticia.cl\/prensa\/wp-content\/uploads\/2025\/07\/WhatsApp-Image-2025-07-28-at-12.23.40-1-200x150.jpeg 200w, https:\/\/www.rengoenlanoticia.cl\/prensa\/wp-content\/uploads\/2025\/07\/WhatsApp-Image-2025-07-28-at-12.23.40-1-380x285.jpeg 380w, https:\/\/www.rengoenlanoticia.cl\/prensa\/wp-content\/uploads\/2025\/07\/WhatsApp-Image-2025-07-28-at-12.23.40-1-255x191.jpeg 255w, https:\/\/www.rengoenlanoticia.cl\/prensa\/wp-content\/uploads\/2025\/07\/WhatsApp-Image-2025-07-28-at-12.23.40-1-550x413.jpeg 550w, https:\/\/www.rengoenlanoticia.cl\/prensa\/wp-content\/uploads\/2025\/07\/WhatsApp-Image-2025-07-28-at-12.23.40-1-800x600.jpeg 800w, https:\/\/www.rengoenlanoticia.cl\/prensa\/wp-content\/uploads\/2025\/07\/WhatsApp-Image-2025-07-28-at-12.23.40-1-1160x870.jpeg 1160w, https:\/\/www.rengoenlanoticia.cl\/prensa\/wp-content\/uploads\/2025\/07\/WhatsApp-Image-2025-07-28-at-12.23.40-1.jpeg 1280w\" sizes=\"auto, (max-width: 1024px) 100vw, 1024px\" \/><\/figure>\n\n\n\n<p>Asimismo, el Subdirector Administrativo del SSO, explic\u00f3 que la visita tuvo por objetivo coordinar los primeros lineamientos t\u00e9cnicos y log\u00edsticos de la obra, indicando que \u201cnuestros equipos evidenciaron cu\u00e1les son los lugares donde se va a instalar faena, los flujos cl\u00ednicos y las mitigaciones previas al inicio del trabajo. Vemos como el equipo cl\u00ednico del hospital est\u00e1 comprometido y el Servicio de Salud ha prestado todo su apoyo\u201d.<\/p>\n\n\n\n<p>Esta importante obra cuenta con financiamiento del Gobierno Regional de O\u2019Higgins, a trav\u00e9s del Fondo Nacional de Desarrollo Regional (FNDR) y ser\u00e1 ejecutada por una empresa con amplia trayectoria en infraestructura hospitalaria.<\/p>\n\n\n\n<p>\u201cEste nuevo paso confirma que el Hospital de Graneros se acerca a tener un recinto totalmente conservado, lo que se traducir\u00e1 en espacios m\u00e1s dignos, funcionales y seguros tanto para los usuarios como para quienes trabajan d\u00eda a d\u00eda por la salud de la comunidad. Las mejoras contemplan intervenciones en infraestructura cr\u00edtica, climatizaci\u00f3n, sistemas el\u00e9ctricos, sanitarios y flujos cl\u00ednicos\u201d, resalt\u00f3 finalmente el Subdirector Administrativo del Servicio de Salud.<\/p>\n","protected":false},"excerpt":{"rendered":"La autoridad del Servicio de Salud O\u2019Higgins valor\u00f3 el compromiso del equipo cl\u00ednico y la rigurosidad t\u00e9cnica del&hellip;\n","protected":false},"author":1,"featured_media":4728,"comment_status":"open","ping_status":"open","sticky":false,"template":"","format":"standard","meta":{"_monsterinsights_skip_tracking":false,"_monsterinsights_sitenote_active":false,"_monsterinsights_sitenote_note":"","_monsterinsights_sitenote_category":0,"footnotes":""},"categories":[8],"tags":[],"class_list":{"0":"post-4725","1":"post","2":"type-post","3":"status-publish","4":"format-standard","5":"has-post-thumbnail","7":"category-portada"},"aioseo_notices":[],"_links":{"self":[{"href":"https:\/\/www.rengoenlanoticia.cl\/prensa\/wp-json\/wp\/v2\/posts\/4725","targetHints":{"allow":["GET"]}}],"collection":[{"href":"https:\/\/www.rengoenlanoticia.cl\/prensa\/wp-json\/wp\/v2\/posts"}],"about":[{"href":"https:\/\/www.rengoenlanoticia.cl\/prensa\/wp-json\/wp\/v2\/types\/post"}],"author":[{"embeddable":true,"href":"https:\/\/www.rengoenlanoticia.cl\/prensa\/wp-json\/wp\/v2\/users\/1"}],"replies":[{"embeddable":true,"href":"https:\/\/www.rengoenlanoticia.cl\/prensa\/wp-json\/wp\/v2\/comments?post=4725"}],"version-history":[{"count":3,"href":"https:\/\/www.rengoenlanoticia.cl\/prensa\/wp-json\/wp\/v2\/posts\/4725\/revisions"}],"predecessor-version":[{"id":4736,"href":"https:\/\/www.rengoenlanoticia.cl\/prensa\/wp-json\/wp\/v2\/posts\/4725\/revisions\/4736"}],"wp:featuredmedia":[{"embeddable":true,"href":"https:\/\/www.rengoenlanoticia.cl\/prensa\/wp-json\/wp\/v2\/media\/4728"}],"wp:attachment":[{"href":"https:\/\/www.rengoenlanoticia.cl\/prensa\/wp-json\/wp\/v2\/media?parent=4725"}],"wp:term":[{"taxonomy":"category","embeddable":true,"href":"https:\/\/www.rengoenlanoticia.cl\/prensa\/wp-json\/wp\/v2\/categories?post=4725"},{"taxonomy":"post_tag","embeddable":true,"href":"https:\/\/www.rengoenlanoticia.cl\/prensa\/wp-json\/wp\/v2\/tags?post=4725"}],"curies":[{"name":"wp","href":"https:\/\/api.w.org\/{rel}","templated":true}]}}