{"id":4717,"date":"2025-07-29T01:49:30","date_gmt":"2025-07-29T01:49:30","guid":{"rendered":"https:\/\/www.rengoenlanoticia.cl\/prensa\/?p=4717"},"modified":"2025-07-29T01:49:32","modified_gmt":"2025-07-29T01:49:32","slug":"corte-de-rancagua-y-fiscalia-judicial-abordan-sobrepoblacion-en-penales-durante-mesa-interinstitucional-de-supervision-carcelaria","status":"publish","type":"post","link":"https:\/\/www.rengoenlanoticia.cl\/prensa\/2025\/07\/29\/corte-de-rancagua-y-fiscalia-judicial-abordan-sobrepoblacion-en-penales-durante-mesa-interinstitucional-de-supervision-carcelaria\/","title":{"rendered":"Corte de Rancagua y Fiscal\u00eda Judicial abordan sobrepoblaci\u00f3n en penales durante Mesa Interinstitucional de Supervisi\u00f3n Carcelaria"},"content":{"rendered":"\n<p><\/p>\n\n\n\n<p>El presidente de la Corte de Apelaciones de Rancagua, ministro Pedro Caro, y los fiscales judiciales del tribunal de alzada, \u00c1lvaro Mart\u00ednez y Joaqu\u00edn Nilo, encabezaron la segunda reuni\u00f3n del a\u00f1o de la Mesa Interinstitucional de Supervisi\u00f3n Carcelaria.<\/p>\n\n\n\n<p>Esta instancia surge en el marco del acuerdo de la Fiscal\u00eda Judicial de la Corte Suprema, Ministerio de Justicia y Derechos Humanos, Ministerio P\u00fablico, Defensor\u00eda Penal P\u00fablica, Instituto Nacional de Derechos Humanos y Gendarmer\u00eda de Chile, siendo su objetivo la coordinaci\u00f3n entre los organismos vinculados al sistema penitenciario y analizar situaci\u00f3n de los internos en los recintos penitenciarios de la Regi\u00f3n de O\u2019Higgins. Adem\u00e1s, participaron en esta instancia autoridades y representantes de los organismos vinculados a materias de Justicia.<\/p>\n\n\n\n<p>Dentro de las tem\u00e1ticas abordadas estuvieron fortalecer las instancias de comunicaci\u00f3n entre las instituciones, la seguridad de los recintos penitenciarios, el hacinamiento y sobrepoblaci\u00f3n de internos detectados en las visitas mensuales realizadas por los fiscales judiciales, e iniciativas de capacitaci\u00f3n de internos para entregar herramientas de reinserci\u00f3n.<\/p>\n\n\n\n<p>Durante mayo, la Fiscal\u00eda Judicial de la Corte de Rancagua en las visitas, seg\u00fan lo informado por Gendarmer\u00eda, constat\u00f3 que en el CCP Santa Cruz hab\u00eda un 118% de sobrepoblaci\u00f3n y en el CDP de Peumo la cifra alcanzaba un 98%, valores de excesos porcentuales calculados sobre la base de la capacidad m\u00e1xima de cada penal.<\/p>\n\n\n\n<p>\u201cEn esta segunda reuni\u00f3n de la Mesa Interinstitucional de Supervisi\u00f3n Carcelaria de la jurisdicci\u00f3n de Rancagua, abordamos materias de inter\u00e9s de la Fiscal\u00eda Judicial en relaci\u00f3n con el funcionamiento de los penales de nuestra regi\u00f3n, tales como la seguridad, la sobrepoblaci\u00f3n y la reinserci\u00f3n de los internos. Es importante recalcar que estas instancias son esenciales para mantener una coordinaci\u00f3n constante con Gendarmer\u00eda, el Ministerio de Justicia, el Ministerio P\u00fablico, la Defensor\u00eda y todos los organismos relacionados, con el fin de fortalecer el correcto funcionamiento del sistema penitenciario\u201d, se\u00f1al\u00f3 el fiscal judicial, \u00c1lvaro Mart\u00ednez.<\/p>\n\n\n\n<p>Por su parte el fiscal judicial Joaqu\u00edn Nilo agreg\u00f3 que \u201crevisamos situaciones detectadas en las visitas que realizamos mes a mes, de acuerdo con las nuevas instrucciones entregadas por la Fiscal\u00eda Judicial del m\u00e1ximo tribunal. Por ejemplo, analizamos en profundidad el hacinamiento detectado en los recintos penitenciarios, como es el caso de Peumo y Santa Cruz, en que se constataron de situaciones en que algunos internos incluso deb\u00edan pernoctar en colchonetas en el suelo a ra\u00edz de la carencia de espacios en los dormitorios. Planteamos esta situaci\u00f3n al seremi de Justicia y el director regional de Gendarmer\u00eda con el fin de buscar una soluci\u00f3n a esta problem\u00e1tica\u201d.<\/p>\n\n\n\n<p>En tanto, el director regional de Gendarmer\u00eda, H\u00e9ctor Labr\u00edn, valor\u00f3 el encuentro: \u201cagradecemos esta instancia para dar a conocer las situaciones que conllevan a mejorar la seguridad en los tribunales y establecimientos penitenciarios, lo relacionado con la segmentaci\u00f3n y la sobrepoblaci\u00f3n que hoy tenemos en los penales de la regi\u00f3n. Quiero relevar lo que indic\u00f3 el presidente de la Corte de Apelaciones de Rancagua respecto de la coordinaci\u00f3n y fluida informaci\u00f3n que tenemos con el Poder Judicial\u201d, concluy\u00f3.<\/p>\n","protected":false},"excerpt":{"rendered":"El presidente de la Corte de Apelaciones de Rancagua, ministro Pedro Caro, y los fiscales judiciales del tribunal&hellip;\n","protected":false},"author":1,"featured_media":4719,"comment_status":"open","ping_status":"open","sticky":false,"template":"","format":"standard","meta":{"_monsterinsights_skip_tracking":false,"_monsterinsights_sitenote_active":false,"_monsterinsights_sitenote_note":"","_monsterinsights_sitenote_category":0,"footnotes":""},"categories":[8],"tags":[],"class_list":{"0":"post-4717","1":"post","2":"type-post","3":"status-publish","4":"format-standard","5":"has-post-thumbnail","7":"category-portada"},"aioseo_notices":[],"_links":{"self":[{"href":"https:\/\/www.rengoenlanoticia.cl\/prensa\/wp-json\/wp\/v2\/posts\/4717","targetHints":{"allow":["GET"]}}],"collection":[{"href":"https:\/\/www.rengoenlanoticia.cl\/prensa\/wp-json\/wp\/v2\/posts"}],"about":[{"href":"https:\/\/www.rengoenlanoticia.cl\/prensa\/wp-json\/wp\/v2\/types\/post"}],"author":[{"embeddable":true,"href":"https:\/\/www.rengoenlanoticia.cl\/prensa\/wp-json\/wp\/v2\/users\/1"}],"replies":[{"embeddable":true,"href":"https:\/\/www.rengoenlanoticia.cl\/prensa\/wp-json\/wp\/v2\/comments?post=4717"}],"version-history":[{"count":3,"href":"https:\/\/www.rengoenlanoticia.cl\/prensa\/wp-json\/wp\/v2\/posts\/4717\/revisions"}],"predecessor-version":[{"id":4724,"href":"https:\/\/www.rengoenlanoticia.cl\/prensa\/wp-json\/wp\/v2\/posts\/4717\/revisions\/4724"}],"wp:featuredmedia":[{"embeddable":true,"href":"https:\/\/www.rengoenlanoticia.cl\/prensa\/wp-json\/wp\/v2\/media\/4719"}],"wp:attachment":[{"href":"https:\/\/www.rengoenlanoticia.cl\/prensa\/wp-json\/wp\/v2\/media?parent=4717"}],"wp:term":[{"taxonomy":"category","embeddable":true,"href":"https:\/\/www.rengoenlanoticia.cl\/prensa\/wp-json\/wp\/v2\/categories?post=4717"},{"taxonomy":"post_tag","embeddable":true,"href":"https:\/\/www.rengoenlanoticia.cl\/prensa\/wp-json\/wp\/v2\/tags?post=4717"}],"curies":[{"name":"wp","href":"https:\/\/api.w.org\/{rel}","templated":true}]}}