{"id":4713,"date":"2025-07-29T01:46:20","date_gmt":"2025-07-29T01:46:20","guid":{"rendered":"https:\/\/www.rengoenlanoticia.cl\/prensa\/?p=4713"},"modified":"2025-07-29T01:49:20","modified_gmt":"2025-07-29T01:49:20","slug":"gobernador-regional-da-cuenta-a-la-ciudadania-de-los-grandes-logros-alcanzados-en-su-primer-periodo-a-la-cabeza-de-la-region","status":"publish","type":"post","link":"https:\/\/www.rengoenlanoticia.cl\/prensa\/2025\/07\/29\/gobernador-regional-da-cuenta-a-la-ciudadania-de-los-grandes-logros-alcanzados-en-su-primer-periodo-a-la-cabeza-de-la-region\/","title":{"rendered":"Gobernador Regional da cuenta a la ciudadan\u00eda de los grandes logros alcanzados en su primer per\u00edodo a la cabeza de la regi\u00f3n"},"content":{"rendered":"\n<p>\u201cHemos podido demostrar que hemos realizado un trabajo responsable respecto a los recursos del Gobierno Regional y vamos a seguir trabajando en eso\u201d, afirm\u00f3 la primera autoridad regional.<\/p>\n\n\n\n<p>\u201cEncuentros 2021-2025\u201d, as\u00ed se denomin\u00f3 la Cuenta P\u00fablica que este lunes present\u00f3 el Gobernador Regional, Pablo Silva Amaya, rendici\u00f3n en la que dio a conocer los principales avances, proyectos y desaf\u00edos de la gesti\u00f3n materializada en los \u00faltimos cuatro a\u00f1os.<\/p>\n\n\n\n<p>Este acto de transparencia y de cara a la ciudadan\u00eda, tuvo lugar en el Teatro Regional, espacio cultural en el que se reuni\u00f3 a un importante n\u00famero de asistentes, principalmente, dirigentes sociales y vecinos provenientes de todos los rincones de la regi\u00f3n.<\/p>\n\n\n\n<p>\u201cHemos podido demostrar que hemos realizado un trabajo responsable respecto a los recursos del Gobierno Regional y vamos a seguir trabajando en eso\u201d, afirm\u00f3 la primera autoridad de la regi\u00f3n.<\/p>\n\n\n\n<figure class=\"wp-block-image size-large\"><img loading=\"lazy\" decoding=\"async\" width=\"1024\" height=\"682\" src=\"https:\/\/www.rengoenlanoticia.cl\/prensa\/wp-content\/uploads\/2025\/07\/WhatsApp-Image-2025-07-28-at-17.49.39-1024x682.jpeg\" alt=\"\" class=\"wp-image-4715\" srcset=\"https:\/\/www.rengoenlanoticia.cl\/prensa\/wp-content\/uploads\/2025\/07\/WhatsApp-Image-2025-07-28-at-17.49.39-1024x682.jpeg 1024w, https:\/\/www.rengoenlanoticia.cl\/prensa\/wp-content\/uploads\/2025\/07\/WhatsApp-Image-2025-07-28-at-17.49.39-300x200.jpeg 300w, https:\/\/www.rengoenlanoticia.cl\/prensa\/wp-content\/uploads\/2025\/07\/WhatsApp-Image-2025-07-28-at-17.49.39-768x512.jpeg 768w, https:\/\/www.rengoenlanoticia.cl\/prensa\/wp-content\/uploads\/2025\/07\/WhatsApp-Image-2025-07-28-at-17.49.39-1536x1024.jpeg 1536w, https:\/\/www.rengoenlanoticia.cl\/prensa\/wp-content\/uploads\/2025\/07\/WhatsApp-Image-2025-07-28-at-17.49.39-2048x1365.jpeg 2048w, https:\/\/www.rengoenlanoticia.cl\/prensa\/wp-content\/uploads\/2025\/07\/WhatsApp-Image-2025-07-28-at-17.49.39-110x73.jpeg 110w, https:\/\/www.rengoenlanoticia.cl\/prensa\/wp-content\/uploads\/2025\/07\/WhatsApp-Image-2025-07-28-at-17.49.39-200x133.jpeg 200w, https:\/\/www.rengoenlanoticia.cl\/prensa\/wp-content\/uploads\/2025\/07\/WhatsApp-Image-2025-07-28-at-17.49.39-380x253.jpeg 380w, https:\/\/www.rengoenlanoticia.cl\/prensa\/wp-content\/uploads\/2025\/07\/WhatsApp-Image-2025-07-28-at-17.49.39-255x170.jpeg 255w, https:\/\/www.rengoenlanoticia.cl\/prensa\/wp-content\/uploads\/2025\/07\/WhatsApp-Image-2025-07-28-at-17.49.39-550x367.jpeg 550w, https:\/\/www.rengoenlanoticia.cl\/prensa\/wp-content\/uploads\/2025\/07\/WhatsApp-Image-2025-07-28-at-17.49.39-800x533.jpeg 800w, https:\/\/www.rengoenlanoticia.cl\/prensa\/wp-content\/uploads\/2025\/07\/WhatsApp-Image-2025-07-28-at-17.49.39-1160x773.jpeg 1160w, https:\/\/www.rengoenlanoticia.cl\/prensa\/wp-content\/uploads\/2025\/07\/WhatsApp-Image-2025-07-28-at-17.49.39.jpeg 2560w\" sizes=\"auto, (max-width: 1024px) 100vw, 1024px\" \/><\/figure>\n\n\n\n<p>Asimismo, el Gobernador Regional se\u00f1al\u00f3 que \u201cles puedo asegurar que hay un trabajo serio en todas las \u00e1reas y con todas las comunas (\u2026) esta fue una peque\u00f1a muestra de muchas inversiones y de un tremendo trabajo que hemos realizado con nuestras autoridades regionales\u201d.<\/p>\n\n\n\n<p>GESTI\u00d3N GUIADA POR LA TRANSPARENCIA<\/p>\n\n\n\n<p>Pablo Silva Amaya abri\u00f3 su exposici\u00f3n aclarando que, de las auditor\u00edas realizadas por la Contralor\u00eda General de la Rep\u00fablica, que objetan m\u00e1s de 17 mil millones de pesos; el 95% corresponden al per\u00edodo 2011-2020 bajo la figura de Intendencia, y que el 5% restante comprende el per\u00edodo 2021-2023, en el contexto de Gobierno Regional. La autoridad, enfatiz\u00f3 que \u201cnos observaron procesos administrativos. Resolvimos y subsanamos en forma y tiempo lo correspondiente a nuestro per\u00edodo, y ahora nos abocaremos a los per\u00edodos anteriores\u201d.<\/p>\n\n\n\n<p>\u201cSe ha querido manchar la imagen del Gobierno Regional a ra\u00edz de este informe, pero las observaciones realizadas son de car\u00e1cter administrativo y en ning\u00fan caso constituyen delitos, eso lo decimos fuerte y claro\u201d, agreg\u00f3.<\/p>\n\n\n\n<p>A su vez, el Gobernador Regional precis\u00f3 que se conform\u00f3 una mesa t\u00e9cnica con el ente contralor para subsanar lo observado en per\u00edodos pasados. Por otra parte, asegur\u00f3 que se han adoptado medidas para mejorar la gesti\u00f3n interna y que se est\u00e1n implementando mecanismos de control m\u00e1s eficaces para las rendiciones.<\/p>\n\n\n\n<p>ESFUERZOS EN SEGURIDAD<\/p>\n\n\n\n<p>La m\u00e1xima autoridad regional anunci\u00f3 que se encuentra en proceso de licitaci\u00f3n la instalaci\u00f3n de los p\u00f3rticos lectores de patentes en las 33 comunas de O\u00b4Higgins, a lo que adem\u00e1s se suma la construcci\u00f3n de dos equipadas centrales de monitoreo -tipo CENCO- que ser\u00e1n operadas por Carabineros, una en Rancagua y otra en San Fernando, todo lo cual significar\u00e1 una fuerte inversi\u00f3n que superar\u00e1 los 9 mil millones de pesos.<\/p>\n\n\n\n<p>Adem\u00e1s, Pablo Silva Amaya, adelant\u00f3 que se est\u00e1 avanzando en el proyecto que dotar\u00eda a la regi\u00f3n de una Escuela de Formaci\u00f3n de Carabineros, iniciativa que tendr\u00eda un costo aproximado de 40 mil millones de pesos y que permitir\u00eda que \u201ccada a\u00f1o se pueda contar con entre 240 a 360 nuevos efectivos policiales en las calles\u201d, afirm\u00f3.<\/p>\n\n\n\n<p>En los \u00faltimos cuatro a\u00f1os, el Gobierno Regional entreg\u00f3 45 veh\u00edculos a Carabineros, y prontamente se sumar\u00e1n otras 21 patrullas. La Polic\u00eda de Investigaciones recibi\u00f3 un drone con tecnolog\u00eda avanzada, equipamiento policial y, a fines de 2025, se consolidar\u00e1 la compra de 34 veh\u00edculos.<\/p>\n\n\n\n<p>Para el alcalde de Malloa y presidente de la Asociaci\u00f3n de Municipalidades de la Regi\u00f3n de O\u2019Higgins (MUROH), Luis Barra, \u201chemos sido tomados en cuenta y hemos hecho un trabajo en conjunto, que hoy d\u00eda se ve reflejado en todas las comunas de la regi\u00f3n\u201d.<\/p>\n\n\n\n<p>Menci\u00f3n especial merece el apoyo que se le ha brindado a Bomberos, lo cual se ha traducido en la construcci\u00f3n de 14 nuevos cuarteles, la compra 84 modernos carros bomba, as\u00ed como de implementaci\u00f3n y equipamiento, como los uniformes normados para bomberas, lo que hace que los voluntarios de O\u00b4Higgins sean los que est\u00e1n mejores preparados de todo el pa\u00eds.<\/p>\n\n\n\n<p>COMPROMETIDOS CON UNA MEJOR SALUD<\/p>\n\n\n\n<p>En el \u00e1mbito de la Salud, el Gobernador Regional destac\u00f3 que el proyecto m\u00e1s emblem\u00e1tico, y que incluso ha sido replicado en otras regiones, ha sido la entrega de una cl\u00ednica m\u00f3vil por comuna, veh\u00edculos todo terreno, que cuentan con dos boxes de atenci\u00f3n y que han permitido acercar la atenci\u00f3n primaria a sectores apartados.<\/p>\n\n\n\n<p>En paralelo, Pablo Silva Amaya tambi\u00e9n resalt\u00f3 los proyectos para reducir las listas de esperas oncol\u00f3gicas y quir\u00fargicas No GES, para lo cual se han destinado m\u00e1s de 4 mil millones de pesos, permitiendo llevar alivio a muchas familias de la regi\u00f3n.<\/p>\n\n\n\n<p>En cuanto a infraestructura, destaca la inversi\u00f3n destinada a la conservaci\u00f3n de hospitales, como el de Coinco, as\u00ed como de postas rurales en diferentes comunas, pero tambi\u00e9n los recursos destinados a dise\u00f1o y a la construcci\u00f3n de nuevos centros asistenciales, como el nuevo CESFAM con el que contar\u00e1n los vecinos de Requ\u00ednoa.<\/p>\n\n\n\n<p>La reconocida dirigenta rancag\u00fcina Mar\u00eda Cruz, presidenta de la primera etapa de la villa Costa del Sol, asegur\u00f3 que \u201c\u00e9l se ha dedicado a trabajar por las 33 comunas y creo que esta Cuenta P\u00fablica da fe de todo lo que est\u00e1 haciendo, con transparencia y de la mano de un gran equipo\u201d.<\/p>\n\n\n\n<p>En tanto, Graciela Marceli, quien preside la junta de vecinos de la villa Jard\u00edn Los Prados de Santa Julia, fue enf\u00e1tica en se\u00f1alar que el Gobernador Regional \u201ces una persona que ha trabajado y tiene sus manos limpias, lo que me consta, porque nunca lo he visto en nada que no corresponda\u201d.<\/p>\n\n\n\n<p>UNA REGI\u00d3N MUCHO M\u00c1S INCLUSIVA<\/p>\n\n\n\n<p>Se dice que despu\u00e9s de la Universidad de O\u00b4Higgins, el proyecto m\u00e1s importante que se ha impulsado en la regi\u00f3n es la construcci\u00f3n del Instituto Telet\u00f3n que pr\u00f3ximamente abrir\u00e1 sus puertas en Rancagua.<\/p>\n\n\n\n<p>Detr\u00e1s de ambas iniciativas ha estado Pablo Silva Amaya, primero como Intendente y hoy como Gobernador Regional, quien orgulloso asegur\u00f3 que este centro de rehabilitaci\u00f3n le dar\u00e1 acogida a alrededor de 1.200 pacientes, principalmente ni\u00f1os y ni\u00f1as, quienes ya no tendr\u00e1n que viajar con sus familias ni a Santiago ni a Talca para asistir a terapia.<\/p>\n\n\n\n<p>Por otro lado, y con la idea de promover la inclusi\u00f3n en todas sus esferas, de la mano del Comit\u00e9 Paral\u00edmpico de Chile (COPACHI) se busc\u00f3 acercar el deporte adaptado a todos los rincones de la regi\u00f3n. Para ello, y en forma conjunta, se realizaron m\u00faltiples actividades, entre \u00e9stas, algunas de car\u00e1cter internacional, como el clasificatorio de para powerlifting para los Parapanamericanos de Santiago 2023 que se desarroll\u00f3 en Machal\u00ed.<\/p>\n\n\n\n<p>\u201cNosotros somos agradecidos del Gobierno Regional de O\u00b4Higgins, sobre todo del Gobernador Regional Pablo Silva Amaya y de todos los consejeros regionales, porque fueron los pioneros en traer el deporte paral\u00edmpico a las regiones y, gracias al piloto que hicimos ac\u00e1, logramos descentralizar y hoy estamos en siete u ochos regiones de Chile\u201d, destac\u00f3 el gerente general del COPACHI, Mario Cruz.<\/p>\n\n\n\n<p>A todo lo anterior, adem\u00e1s se suma el apoyo a deportistas paral\u00edmpicos que han dejado en lo m\u00e1s alto el nombre de nuestro pa\u00eds, as\u00ed como tambi\u00e9n la creaci\u00f3n de un programa de ayudas t\u00e9cnicas que ha sido ampliamente aplaudido y de una l\u00ednea del 8% Comunitario para financiar proyectos inclusivos.<\/p>\n","protected":false},"excerpt":{"rendered":"\u201cHemos podido demostrar que hemos realizado un trabajo responsable respecto a los recursos del Gobierno Regional y vamos&hellip;\n","protected":false},"author":1,"featured_media":4714,"comment_status":"open","ping_status":"open","sticky":false,"template":"","format":"standard","meta":{"_monsterinsights_skip_tracking":false,"_monsterinsights_sitenote_active":false,"_monsterinsights_sitenote_note":"","_monsterinsights_sitenote_category":0,"footnotes":""},"categories":[8],"tags":[],"class_list":{"0":"post-4713","1":"post","2":"type-post","3":"status-publish","4":"format-standard","5":"has-post-thumbnail","7":"category-portada"},"aioseo_notices":[],"_links":{"self":[{"href":"https:\/\/www.rengoenlanoticia.cl\/prensa\/wp-json\/wp\/v2\/posts\/4713","targetHints":{"allow":["GET"]}}],"collection":[{"href":"https:\/\/www.rengoenlanoticia.cl\/prensa\/wp-json\/wp\/v2\/posts"}],"about":[{"href":"https:\/\/www.rengoenlanoticia.cl\/prensa\/wp-json\/wp\/v2\/types\/post"}],"author":[{"embeddable":true,"href":"https:\/\/www.rengoenlanoticia.cl\/prensa\/wp-json\/wp\/v2\/users\/1"}],"replies":[{"embeddable":true,"href":"https:\/\/www.rengoenlanoticia.cl\/prensa\/wp-json\/wp\/v2\/comments?post=4713"}],"version-history":[{"count":3,"href":"https:\/\/www.rengoenlanoticia.cl\/prensa\/wp-json\/wp\/v2\/posts\/4713\/revisions"}],"predecessor-version":[{"id":4722,"href":"https:\/\/www.rengoenlanoticia.cl\/prensa\/wp-json\/wp\/v2\/posts\/4713\/revisions\/4722"}],"wp:featuredmedia":[{"embeddable":true,"href":"https:\/\/www.rengoenlanoticia.cl\/prensa\/wp-json\/wp\/v2\/media\/4714"}],"wp:attachment":[{"href":"https:\/\/www.rengoenlanoticia.cl\/prensa\/wp-json\/wp\/v2\/media?parent=4713"}],"wp:term":[{"taxonomy":"category","embeddable":true,"href":"https:\/\/www.rengoenlanoticia.cl\/prensa\/wp-json\/wp\/v2\/categories?post=4713"},{"taxonomy":"post_tag","embeddable":true,"href":"https:\/\/www.rengoenlanoticia.cl\/prensa\/wp-json\/wp\/v2\/tags?post=4713"}],"curies":[{"name":"wp","href":"https:\/\/api.w.org\/{rel}","templated":true}]}}