{"id":4707,"date":"2025-07-28T01:45:10","date_gmt":"2025-07-28T01:45:10","guid":{"rendered":"https:\/\/www.rengoenlanoticia.cl\/prensa\/?p=4707"},"modified":"2025-07-28T01:45:31","modified_gmt":"2025-07-28T01:45:31","slug":"senador-castro-y-alcalde-agliati-se-reunen-con-ministro-de-seguridad-tras-homicidio-que-conmociono-a-rancagua","status":"publish","type":"post","link":"https:\/\/www.rengoenlanoticia.cl\/prensa\/2025\/07\/28\/senador-castro-y-alcalde-agliati-se-reunen-con-ministro-de-seguridad-tras-homicidio-que-conmociono-a-rancagua\/","title":{"rendered":"Senador Castro y alcalde Agliati se re\u00fanen con ministro de Seguridad tras homicidio que conmocion\u00f3 a Rancagua"},"content":{"rendered":"\n<p><em>\u00a0El jefe de la cartera se comprometi\u00f3 a visitar la capital regional en las pr\u00f3ximas semanas.<\/em><\/p>\n\n\n\n<p>Tras el crimen que cost\u00f3 la vida a un vecino de Rancagua durante una transacci\u00f3n en la villa Alameda, el senador por la regi\u00f3n de O\u2019Higgins, Juan Luis Castro, el alcalde de Rancagua, Raimundo Agliati, y la directora de Seguridad P\u00fablica del municipio, Macarena Matas, se reunieron este viernes en Santiago con el ministro de Seguridad, Luis Cordero, y la subsecretaria de Prevenci\u00f3n del Delito, Carolina Leitao, para profundizar sobre la situaci\u00f3n de seguridad que enfrenta la capital regional.<\/p>\n\n\n\n<p>Durante el encuentro, las autoridades locales expresaron su preocupaci\u00f3n por el homicidio ocurrido en plena v\u00eda p\u00fablica, as\u00ed como por el avance del crimen organizado, el comercio irregular, y la percepci\u00f3n de inseguridad en zonas clave de Rancagua.<\/p>\n\n\n\n<figure class=\"wp-block-image size-large\"><img loading=\"lazy\" decoding=\"async\" width=\"1024\" height=\"768\" src=\"https:\/\/www.rengoenlanoticia.cl\/prensa\/wp-content\/uploads\/2025\/07\/Imagen-de-WhatsApp-2025-07-25-a-las-14.11.52_3a72bada-1024x768.jpg\" alt=\"\" class=\"wp-image-4708\" srcset=\"https:\/\/www.rengoenlanoticia.cl\/prensa\/wp-content\/uploads\/2025\/07\/Imagen-de-WhatsApp-2025-07-25-a-las-14.11.52_3a72bada-1024x768.jpg 1024w, https:\/\/www.rengoenlanoticia.cl\/prensa\/wp-content\/uploads\/2025\/07\/Imagen-de-WhatsApp-2025-07-25-a-las-14.11.52_3a72bada-300x225.jpg 300w, https:\/\/www.rengoenlanoticia.cl\/prensa\/wp-content\/uploads\/2025\/07\/Imagen-de-WhatsApp-2025-07-25-a-las-14.11.52_3a72bada-768x576.jpg 768w, https:\/\/www.rengoenlanoticia.cl\/prensa\/wp-content\/uploads\/2025\/07\/Imagen-de-WhatsApp-2025-07-25-a-las-14.11.52_3a72bada-110x83.jpg 110w, https:\/\/www.rengoenlanoticia.cl\/prensa\/wp-content\/uploads\/2025\/07\/Imagen-de-WhatsApp-2025-07-25-a-las-14.11.52_3a72bada-200x150.jpg 200w, https:\/\/www.rengoenlanoticia.cl\/prensa\/wp-content\/uploads\/2025\/07\/Imagen-de-WhatsApp-2025-07-25-a-las-14.11.52_3a72bada-380x285.jpg 380w, https:\/\/www.rengoenlanoticia.cl\/prensa\/wp-content\/uploads\/2025\/07\/Imagen-de-WhatsApp-2025-07-25-a-las-14.11.52_3a72bada-255x191.jpg 255w, https:\/\/www.rengoenlanoticia.cl\/prensa\/wp-content\/uploads\/2025\/07\/Imagen-de-WhatsApp-2025-07-25-a-las-14.11.52_3a72bada-550x413.jpg 550w, https:\/\/www.rengoenlanoticia.cl\/prensa\/wp-content\/uploads\/2025\/07\/Imagen-de-WhatsApp-2025-07-25-a-las-14.11.52_3a72bada-800x600.jpg 800w, https:\/\/www.rengoenlanoticia.cl\/prensa\/wp-content\/uploads\/2025\/07\/Imagen-de-WhatsApp-2025-07-25-a-las-14.11.52_3a72bada-1160x870.jpg 1160w, https:\/\/www.rengoenlanoticia.cl\/prensa\/wp-content\/uploads\/2025\/07\/Imagen-de-WhatsApp-2025-07-25-a-las-14.11.52_3a72bada.jpg 1280w\" sizes=\"auto, (max-width: 1024px) 100vw, 1024px\" \/><\/figure>\n\n\n\n<p>\u201cHemos tenido una reuni\u00f3n fruct\u00edfera con el ministro de Seguridad y tambi\u00e9n con la subsecretaria. \u00bfPor qu\u00e9? Porque tanto el alcalde Rancagua, quien habla, y toda la ciudadan\u00eda no queremos m\u00e1s delitos de sangre en nuestra regi\u00f3n, ni en la capital regional. Aqu\u00ed hay distintas aristas. Desde luego, primero, esclarecer este crimen horroroso, donde sin raz\u00f3n alguna, ahora a trav\u00e9s del comercio de internet, se empiezan a ver hechos de emboscadas de delitos graves de sangre, como el que aqu\u00ed se est\u00e1 investigando\u201d, afirm\u00f3 el senador Juan Luis Castro.<\/p>\n\n\n\n<p>El parlamentario tambi\u00e9n apunt\u00f3 a la necesidad urgente de enfrentar el comercio irregular y los focos delictivos en espacios p\u00fablicos. \u201cHay una carencia de percepci\u00f3n de seguridad m\u00e1s fuerte en la ciudad de Rancagua. No es posible que, en el centro de la ciudad, el comercio irregular e indocumentado, los delitos asociados a transacciones que se hacen del pago de temporeros, como ha indicado la autoridad, en plena v\u00eda p\u00fablica,&nbsp; sigan ocurriendo en condiciones flagrantes\u201d, agreg\u00f3.<\/p>\n\n\n\n<p>Adem\u00e1s, advirti\u00f3 sobre la vulnerabilidad de centros de salud ante hechos de inseguridad, y exigi\u00f3 mayor coordinaci\u00f3n de las autoridades regionales: \u201cTampoco que hoy d\u00eda los CESFAM de Rancagua, el propio hospital, tengan merodeando delincuentes, comercio clandestino, amenazas sistem\u00e1ticas a las personas, porque son, justamente en el mundo de la salud, las condiciones m\u00e1s precarias que tienen las personas cuando van\u201d.<\/p>\n\n\n\n<p>Finalmente, reafirm\u00f3 su compromiso con avanzar en el proyecto de ley de seguridad municipal. \u201cEstamos acelerando al m\u00e1ximo el proyecto de ley de seguridad municipal que est\u00e1 en la \u00faltima fase de discusi\u00f3n en particular en el Senado y que obviamente va a permitir una gran interacci\u00f3n con recursos, con armas no letales que est\u00e9n incluidas en el equipamiento, con m\u00e1s veh\u00edculos y no solo sea el lujo de las grandes comunas de la capital, las m\u00e1s ricas, que tengan de verdad seguridad municipal como corresponde\u201d.<\/p>\n\n\n\n<figure class=\"wp-block-image size-large\"><img loading=\"lazy\" decoding=\"async\" width=\"1024\" height=\"768\" src=\"https:\/\/www.rengoenlanoticia.cl\/prensa\/wp-content\/uploads\/2025\/07\/Imagen-de-WhatsApp-2025-07-25-a-las-14.11.52_e0b641f3-1024x768.jpg\" alt=\"\" class=\"wp-image-4709\" srcset=\"https:\/\/www.rengoenlanoticia.cl\/prensa\/wp-content\/uploads\/2025\/07\/Imagen-de-WhatsApp-2025-07-25-a-las-14.11.52_e0b641f3-1024x768.jpg 1024w, https:\/\/www.rengoenlanoticia.cl\/prensa\/wp-content\/uploads\/2025\/07\/Imagen-de-WhatsApp-2025-07-25-a-las-14.11.52_e0b641f3-300x225.jpg 300w, https:\/\/www.rengoenlanoticia.cl\/prensa\/wp-content\/uploads\/2025\/07\/Imagen-de-WhatsApp-2025-07-25-a-las-14.11.52_e0b641f3-768x576.jpg 768w, https:\/\/www.rengoenlanoticia.cl\/prensa\/wp-content\/uploads\/2025\/07\/Imagen-de-WhatsApp-2025-07-25-a-las-14.11.52_e0b641f3-110x83.jpg 110w, https:\/\/www.rengoenlanoticia.cl\/prensa\/wp-content\/uploads\/2025\/07\/Imagen-de-WhatsApp-2025-07-25-a-las-14.11.52_e0b641f3-200x150.jpg 200w, https:\/\/www.rengoenlanoticia.cl\/prensa\/wp-content\/uploads\/2025\/07\/Imagen-de-WhatsApp-2025-07-25-a-las-14.11.52_e0b641f3-380x285.jpg 380w, https:\/\/www.rengoenlanoticia.cl\/prensa\/wp-content\/uploads\/2025\/07\/Imagen-de-WhatsApp-2025-07-25-a-las-14.11.52_e0b641f3-255x191.jpg 255w, https:\/\/www.rengoenlanoticia.cl\/prensa\/wp-content\/uploads\/2025\/07\/Imagen-de-WhatsApp-2025-07-25-a-las-14.11.52_e0b641f3-550x413.jpg 550w, https:\/\/www.rengoenlanoticia.cl\/prensa\/wp-content\/uploads\/2025\/07\/Imagen-de-WhatsApp-2025-07-25-a-las-14.11.52_e0b641f3-800x600.jpg 800w, https:\/\/www.rengoenlanoticia.cl\/prensa\/wp-content\/uploads\/2025\/07\/Imagen-de-WhatsApp-2025-07-25-a-las-14.11.52_e0b641f3-1160x870.jpg 1160w, https:\/\/www.rengoenlanoticia.cl\/prensa\/wp-content\/uploads\/2025\/07\/Imagen-de-WhatsApp-2025-07-25-a-las-14.11.52_e0b641f3.jpg 1280w\" sizes=\"auto, (max-width: 1024px) 100vw, 1024px\" \/><\/figure>\n\n\n\n<p>Por su parte, el alcalde de Rancagua, Raimundo Agliati, sostuvo que el crimen reciente evidencia un punto cr\u00edtico en materia de seguridad en la comuna. \u201cEra necesario transmitirle la preocupaci\u00f3n por la inseguridad, por la falta de carabineros, pero por sobre todo, por la falta de condena de las autoridades regionales, de las instituciones responsables de la seguridad p\u00fablica en nuestro pa\u00eds\u201d.<\/p>\n\n\n\n<p>Agliati inform\u00f3 que extendi\u00f3 una invitaci\u00f3n formal al ministro para visitar la ciudad. \u201cLo invit\u00e9 formalmente a visitar nuestra ciudad de Rancagua, poder reunirnos personalmente en nuestra municipalidad y abordar con m\u00e1s detalle todos los temas de inseguridad que tenemos en la ciudad, lo cual se comprometi\u00f3 tambi\u00e9n en las pr\u00f3ximas semanas poder acompa\u00f1arnos\u201d.<\/p>\n\n\n\n<p>El alcalde, tambi\u00e9n destac\u00f3 la importancia de una coordinaci\u00f3n fluida entre el nivel central, regional y municipal. \u201cEs clave en esto para tener una buena seguridad p\u00fablica, la comunicaci\u00f3n entre todas las partes y las alertas, los temas que est\u00e1n trabajando a nivel regional, entre la Seremi de Seguridad, entre las instituciones de seguridad, se puedan bajar y coordinar y comunicar con el municipio\u201d.<\/p>\n\n\n\n<p>\u201cNo hay que olvidar ac\u00e1 que el foco est\u00e1 puesto en los ciudadanos, en los rancag\u00fcinos y rancag\u00fcinas, y es ah\u00ed donde debemos preocuparnos. Por eso es clave que la instituci\u00f3n responsable de la seguridad p\u00fablica asuma su responsabilidad de una vez por todas y no permitamos hechos m\u00e1s como el que ha ocurrido hace poquitos d\u00edas en nuestra ciudad. No vamos a permitir normalizarlo. Como municipio seguiremos firme haciendo todas las gestiones necesarias para que esto se pueda esclarecer y nuestros rancag\u00fcinos puedan estar un poco m\u00e1s tranquilos\u201d, concluy\u00f3.<\/p>\n","protected":false},"excerpt":{"rendered":"\u00a0El jefe de la cartera se comprometi\u00f3 a visitar la capital regional en las pr\u00f3ximas semanas. Tras el&hellip;\n","protected":false},"author":1,"featured_media":4710,"comment_status":"open","ping_status":"open","sticky":false,"template":"","format":"standard","meta":{"_monsterinsights_skip_tracking":false,"_monsterinsights_sitenote_active":false,"_monsterinsights_sitenote_note":"","_monsterinsights_sitenote_category":0,"footnotes":""},"categories":[11,8],"tags":[],"class_list":{"0":"post-4707","1":"post","2":"type-post","3":"status-publish","4":"format-standard","5":"has-post-thumbnail","7":"category-politica","8":"category-portada"},"aioseo_notices":[],"_links":{"self":[{"href":"https:\/\/www.rengoenlanoticia.cl\/prensa\/wp-json\/wp\/v2\/posts\/4707","targetHints":{"allow":["GET"]}}],"collection":[{"href":"https:\/\/www.rengoenlanoticia.cl\/prensa\/wp-json\/wp\/v2\/posts"}],"about":[{"href":"https:\/\/www.rengoenlanoticia.cl\/prensa\/wp-json\/wp\/v2\/types\/post"}],"author":[{"embeddable":true,"href":"https:\/\/www.rengoenlanoticia.cl\/prensa\/wp-json\/wp\/v2\/users\/1"}],"replies":[{"embeddable":true,"href":"https:\/\/www.rengoenlanoticia.cl\/prensa\/wp-json\/wp\/v2\/comments?post=4707"}],"version-history":[{"count":2,"href":"https:\/\/www.rengoenlanoticia.cl\/prensa\/wp-json\/wp\/v2\/posts\/4707\/revisions"}],"predecessor-version":[{"id":4712,"href":"https:\/\/www.rengoenlanoticia.cl\/prensa\/wp-json\/wp\/v2\/posts\/4707\/revisions\/4712"}],"wp:featuredmedia":[{"embeddable":true,"href":"https:\/\/www.rengoenlanoticia.cl\/prensa\/wp-json\/wp\/v2\/media\/4710"}],"wp:attachment":[{"href":"https:\/\/www.rengoenlanoticia.cl\/prensa\/wp-json\/wp\/v2\/media?parent=4707"}],"wp:term":[{"taxonomy":"category","embeddable":true,"href":"https:\/\/www.rengoenlanoticia.cl\/prensa\/wp-json\/wp\/v2\/categories?post=4707"},{"taxonomy":"post_tag","embeddable":true,"href":"https:\/\/www.rengoenlanoticia.cl\/prensa\/wp-json\/wp\/v2\/tags?post=4707"}],"curies":[{"name":"wp","href":"https:\/\/api.w.org\/{rel}","templated":true}]}}