{"id":4702,"date":"2025-07-28T01:34:58","date_gmt":"2025-07-28T01:34:58","guid":{"rendered":"https:\/\/www.rengoenlanoticia.cl\/prensa\/?p=4702"},"modified":"2025-07-28T01:35:23","modified_gmt":"2025-07-28T01:35:23","slug":"el-arte-de-las-velas-y-la-magia-blanca-llego-a-graneros","status":"publish","type":"post","link":"https:\/\/www.rengoenlanoticia.cl\/prensa\/2025\/07\/28\/el-arte-de-las-velas-y-la-magia-blanca-llego-a-graneros\/","title":{"rendered":"El arte de las velas y la magia blanca lleg\u00f3 a Graneros\u2022"},"content":{"rendered":"\n<p>La velomancia, una pr\u00e1ctica ancestral vinculada al arte de trabajar con velas y el elemento fuego como herramientas de conexi\u00f3n espiritual, orientaci\u00f3n y sanaci\u00f3n, lleg\u00f3 hasta el Hospital de Graneros con una amplia jornada de capacitaci\u00f3n para personas cuidadoras de pacientes que integran el Programa de Dependencia Severa.<\/p>\n\n\n\n<p>Bajo el t\u00edtulo \u201cEl arte de las velas\u2026 Haz magia\u201d, la actividad fue guiada por la terapeuta ocupacional Mary Valenzuela y la Dra. Isidora Huerta, quienes compartieron conocimientos sobre los simbolismos, usos y rituales que rodean este saber tradicional, utilizado tanto para pedir como para agradecer, abrir caminos y armonizar espacios.<\/p>\n\n\n\n<figure class=\"wp-block-image size-large\"><img loading=\"lazy\" decoding=\"async\" width=\"1024\" height=\"768\" src=\"https:\/\/www.rengoenlanoticia.cl\/prensa\/wp-content\/uploads\/2025\/07\/velomancia-2-1-1024x768.jpeg\" alt=\"\" class=\"wp-image-4703\" srcset=\"https:\/\/www.rengoenlanoticia.cl\/prensa\/wp-content\/uploads\/2025\/07\/velomancia-2-1-1024x768.jpeg 1024w, https:\/\/www.rengoenlanoticia.cl\/prensa\/wp-content\/uploads\/2025\/07\/velomancia-2-1-300x225.jpeg 300w, https:\/\/www.rengoenlanoticia.cl\/prensa\/wp-content\/uploads\/2025\/07\/velomancia-2-1-768x576.jpeg 768w, https:\/\/www.rengoenlanoticia.cl\/prensa\/wp-content\/uploads\/2025\/07\/velomancia-2-1-1536x1152.jpeg 1536w, https:\/\/www.rengoenlanoticia.cl\/prensa\/wp-content\/uploads\/2025\/07\/velomancia-2-1-110x83.jpeg 110w, https:\/\/www.rengoenlanoticia.cl\/prensa\/wp-content\/uploads\/2025\/07\/velomancia-2-1-200x150.jpeg 200w, https:\/\/www.rengoenlanoticia.cl\/prensa\/wp-content\/uploads\/2025\/07\/velomancia-2-1-380x285.jpeg 380w, https:\/\/www.rengoenlanoticia.cl\/prensa\/wp-content\/uploads\/2025\/07\/velomancia-2-1-255x191.jpeg 255w, https:\/\/www.rengoenlanoticia.cl\/prensa\/wp-content\/uploads\/2025\/07\/velomancia-2-1-550x413.jpeg 550w, https:\/\/www.rengoenlanoticia.cl\/prensa\/wp-content\/uploads\/2025\/07\/velomancia-2-1-800x600.jpeg 800w, https:\/\/www.rengoenlanoticia.cl\/prensa\/wp-content\/uploads\/2025\/07\/velomancia-2-1-1160x870.jpeg 1160w, https:\/\/www.rengoenlanoticia.cl\/prensa\/wp-content\/uploads\/2025\/07\/velomancia-2-1.jpeg 1600w\" sizes=\"auto, (max-width: 1024px) 100vw, 1024px\" \/><\/figure>\n\n\n\n<p>El arte de las velas y la magia blanca lleg\u00f3 a Graneros\u2022 Una innovadora instancia formativa permiti\u00f3 explorar los simbolismos y rituales del fuego como herramienta de sanaci\u00f3n y agradecimiento en el Hospital comunitario, a fin de fortalecer el bienestar integral a trav\u00e9s de una experiencia formativa centrada en la energ\u00eda espiritual.<\/p>\n\n\n\n<p>\u201cLa velomancia nos invita a mirar m\u00e1s all\u00e1, a conectar con la energ\u00eda del universo y reconocer la luz que puede guiar nuestras decisiones. Todo en una vela tiene un significado: el color, la forma en que arde, su direcci\u00f3n. Esta capacitaci\u00f3n no solo fue formativa, tambi\u00e9n profundamente significativa para quienes participaron\u201d, se\u00f1al\u00f3 Mary Valenzuela durante la jornada.<\/p>\n\n\n\n<p>Desde la instituci\u00f3n valoraron la instancia como una forma innovadora y espiritual de ampliar el bienestar integral de la comunidad hospitalaria, ratificando una vez m\u00e1s el compromiso del equipo del Hospital de Graneros con la salud desde todas sus dimensiones.<\/p>\n","protected":false},"excerpt":{"rendered":"La velomancia, una pr\u00e1ctica ancestral vinculada al arte de trabajar con velas y el elemento fuego como herramientas&hellip;\n","protected":false},"author":1,"featured_media":4704,"comment_status":"open","ping_status":"open","sticky":false,"template":"","format":"standard","meta":{"_monsterinsights_skip_tracking":false,"_monsterinsights_sitenote_active":false,"_monsterinsights_sitenote_note":"","_monsterinsights_sitenote_category":0,"footnotes":""},"categories":[8],"tags":[],"class_list":{"0":"post-4702","1":"post","2":"type-post","3":"status-publish","4":"format-standard","5":"has-post-thumbnail","7":"category-portada"},"aioseo_notices":[],"_links":{"self":[{"href":"https:\/\/www.rengoenlanoticia.cl\/prensa\/wp-json\/wp\/v2\/posts\/4702","targetHints":{"allow":["GET"]}}],"collection":[{"href":"https:\/\/www.rengoenlanoticia.cl\/prensa\/wp-json\/wp\/v2\/posts"}],"about":[{"href":"https:\/\/www.rengoenlanoticia.cl\/prensa\/wp-json\/wp\/v2\/types\/post"}],"author":[{"embeddable":true,"href":"https:\/\/www.rengoenlanoticia.cl\/prensa\/wp-json\/wp\/v2\/users\/1"}],"replies":[{"embeddable":true,"href":"https:\/\/www.rengoenlanoticia.cl\/prensa\/wp-json\/wp\/v2\/comments?post=4702"}],"version-history":[{"count":2,"href":"https:\/\/www.rengoenlanoticia.cl\/prensa\/wp-json\/wp\/v2\/posts\/4702\/revisions"}],"predecessor-version":[{"id":4706,"href":"https:\/\/www.rengoenlanoticia.cl\/prensa\/wp-json\/wp\/v2\/posts\/4702\/revisions\/4706"}],"wp:featuredmedia":[{"embeddable":true,"href":"https:\/\/www.rengoenlanoticia.cl\/prensa\/wp-json\/wp\/v2\/media\/4704"}],"wp:attachment":[{"href":"https:\/\/www.rengoenlanoticia.cl\/prensa\/wp-json\/wp\/v2\/media?parent=4702"}],"wp:term":[{"taxonomy":"category","embeddable":true,"href":"https:\/\/www.rengoenlanoticia.cl\/prensa\/wp-json\/wp\/v2\/categories?post=4702"},{"taxonomy":"post_tag","embeddable":true,"href":"https:\/\/www.rengoenlanoticia.cl\/prensa\/wp-json\/wp\/v2\/tags?post=4702"}],"curies":[{"name":"wp","href":"https:\/\/api.w.org\/{rel}","templated":true}]}}